{"id":230625,"date":"2025-07-06T14:30:17","date_gmt":"2025-07-06T14:30:17","guid":{"rendered":"https:\/\/www.europesays.com\/fr\/230625\/"},"modified":"2025-07-06T14:30:17","modified_gmt":"2025-07-06T14:30:17","slug":"nancy-lycee-jeanne-darc-bac-2025-mention-tres-bien-martin-dehove-alosi-18-ans-bac-general","status":"publish","type":"post","link":"https:\/\/www.europesays.com\/fr\/230625\/","title":{"rendered":"Nancy, lyc\u00e9e Jeanne-d&rsquo;Arc | Bac 2025 Mention Tr\u00e8s Bien. Martin Dehove-Alosi, 18 ans, bac g\u00e9n\u00e9ral"},"content":{"rendered":"<p>Martin Dehove-Alosi, 18 ans, demeurant \u00e0 Ludres, a d\u00e9croch\u00e9 son bac g\u00e9n\u00e9ral avec mention tr\u00e8s bien. Passionn\u00e9 par les langues, le skate, le surf et la musique, il pratique le skate au niveau national et le handball. Il a obtenu la note de 20 en philosophie. Sa mati\u00e8re pr\u00e9f\u00e9r\u00e9e est la physique. Il a \u00e9t\u00e9 doublement content d&rsquo;apprendre qu&rsquo;il avait obtenu la mention tr\u00e8s bien : il a eu le m\u00eame jour son bac fran\u00e7ais et son bac allemand. Il a obtenu une moyenne de 16,64. Il partira avec ses amies au Portugal avant de rejoindre la famille de son correspondant allemand en Corse. Il souhaite devenir ing\u00e9nieur dans l&rsquo;environnement et int\u00e9grera une pr\u00e9pa des INP \u00e0 la rentr\u00e9e.<\/p>\n<p>\u270e R\u00e9dig\u00e9 avec l&rsquo;aide d&rsquo;outils IA et v\u00e9rifi\u00e9 par un journaliste \ud83d\udec8 En savoir plus avec la charte IA d&rsquo;Ebra.<\/p>\n","protected":false},"excerpt":{"rendered":"Martin Dehove-Alosi, 18 ans, demeurant \u00e0 Ludres, a d\u00e9croch\u00e9 son bac g\u00e9n\u00e9ral avec mention tr\u00e8s bien. Passionn\u00e9 par&hellip;\n","protected":false},"author":2,"featured_media":230626,"comment_status":"","ping_status":"","sticky":false,"template":"","format":"standard","meta":{"footnotes":""},"categories":[9635],"tags":[1111,11,36609,1704,1057,1777,674,10961,1011,27,775,1702,1703,12,25],"class_list":{"0":"post-230625","1":"post","2":"type-post","3":"status-publish","4":"format-standard","5":"has-post-thumbnail","7":"category-nancy","8":"tag-actu","9":"tag-actualites","10":"tag-baccalaureat-mention-tres-bien","11":"tag-edition-nancy-et-agglomeration","12":"tag-education","13":"tag-eu","14":"tag-europe","15":"tag-examen-diplome","16":"tag-fr","17":"tag-france","18":"tag-grand-est","19":"tag-nancy","20":"tag-nancy-ville-54b","21":"tag-news","22":"tag-republique-francaise"},"share_on_mastodon":{"url":"https:\/\/pubeurope.com\/@fr\/114806772407710900","error":""},"_links":{"self":[{"href":"https:\/\/www.europesays.com\/fr\/wp-json\/wp\/v2\/posts\/230625","targetHints":{"allow":["GET"]}}],"collection":[{"href":"https:\/\/www.europesays.com\/fr\/wp-json\/wp\/v2\/posts"}],"about":[{"href":"https:\/\/www.europesays.com\/fr\/wp-json\/wp\/v2\/types\/post"}],"author":[{"embeddable":true,"href":"https:\/\/www.europesays.com\/fr\/wp-json\/wp\/v2\/users\/2"}],"replies":[{"embeddable":true,"href":"https:\/\/www.europesays.com\/fr\/wp-json\/wp\/v2\/comments?post=230625"}],"version-history":[{"count":0,"href":"https:\/\/www.europesays.com\/fr\/wp-json\/wp\/v2\/posts\/230625\/revisions"}],"wp:featuredmedia":[{"embeddable":true,"href":"https:\/\/www.europesays.com\/fr\/wp-json\/wp\/v2\/media\/230626"}],"wp:attachment":[{"href":"https:\/\/www.europesays.com\/fr\/wp-json\/wp\/v2\/media?parent=230625"}],"wp:term":[{"taxonomy":"category","embeddable":true,"href":"https:\/\/www.europesays.com\/fr\/wp-json\/wp\/v2\/categories?post=230625"},{"taxonomy":"post_tag","embeddable":true,"href":"https:\/\/www.europesays.com\/fr\/wp-json\/wp\/v2\/tags?post=230625"}],"curies":[{"name":"wp","href":"https:\/\/api.w.org\/{rel}","templated":true}]}}