{"id":230627,"date":"2025-07-06T14:32:12","date_gmt":"2025-07-06T14:32:12","guid":{"rendered":"https:\/\/www.europesays.com\/fr\/230627\/"},"modified":"2025-07-06T14:32:12","modified_gmt":"2025-07-06T14:32:12","slug":"pourquoi-lechange-choc-entre-toulon-et-paris-a-capote","status":"publish","type":"post","link":"https:\/\/www.europesays.com\/fr\/230627\/","title":{"rendered":"pourquoi l\u2019\u00e9change choc entre Toulon et Paris a capot\u00e9 ?"},"content":{"rendered":"<p>Le mercato 2025 avait tout pour accoucher d\u2019un des plus gros <a href=\"https:\/\/www.xvovalie.com\/transferts\/\" rel=\"nofollow noopener\" target=\"_blank\">transferts<\/a> de l\u2019\u00e9t\u00e9, mais finalement, <strong><a href=\"https:\/\/www.xvovalie.com\/tag\/louis-carbonel\/\" rel=\"nofollow noopener\" target=\"_blank\">Louis Carbonel<\/a><\/strong> ne rentrera pas \u00e0 <a data-ilj-link-preview=\"true\" data-excerpt=\"Le club de rugby de Toulon est un club professionnel fran\u00e7ais bas\u00e9 dans le d\u00e9partement du Var. Fond\u00e9 en 1908, il \u00e9volue en Top 14.&#013;&#010;Staff et pr\u00e9sidence :&#013;&#010;&#013;&#010; &#009;Pr\u00e9sident : Bernard Lema\u00eetre&#013;&#010; &#009;Entra\u00eeneur : Pierre Mignoni&#013;&#010;&#013;&#010;Palmar\u00e8s du RCT :&#013;&#010;Palmar\u00e8s du Rugby Club Toulonnais&#013;&#010;&#013;&#010;&#013;&#010;Comp\u00e9tition&#013;&#010;Titres&#013;&#010;Ann\u00e9es&#013;&#010;&#013;&#010;&#013;&#010;&#013;&#010;&#013;&#010;Championnat de France de premi\u00e8re division&#013;&#010;Champion (4)&#013;&#010;1931, 1987, 1992, 2014&#013;&#010;&#013;&#010;&#013;&#010;Championnat de France de deuxi\u00e8me division&#013;&#010;Champion (2)&#013;&#010;2005, 2008&#013;&#010;&#013;&#010;&#013;&#010;Coupe d&#039;Europe&#013;&#010;Champion (3)&#013;&#010;2013, 2014, 2015&#013;&#010;&#013;&#010;&#013;&#010;Challenge Cup&#013;&#010;Champion (1)&#013;&#010;2023\" href=\"https:\/\/www.xvovalie.com\/toulon\/\" rel=\"nofollow noopener\" target=\"_blank\">Toulon<\/a>, et <strong>Enzo Herv\u00e9<\/strong> restera bien sur la Rade. L\u2019\u00e9change XXL entre le <strong>RC Toulon<\/strong> et le <strong><a data-ilj-link-preview=\"true\" data-excerpt=\"Le Stade Fran\u00e7ais est un club de rugby professionnel bas\u00e9 \u00e0 Paris. Il a \u00e9t\u00e9 fond\u00e9 en 1883 et est l&#039;un des clubs les plus prestigieux de France. Le Stade Fran\u00e7ais \u00e9volue en Top 14.&#013;&#010;Staff et pr\u00e9sidence :&#013;&#010;&#013;&#010; &#009;Pr\u00e9sident : Hans-Peter Wild&#013;&#010; &#009;Entra\u00eeneur : Laurent Labit (directeur du rugby)&#013;&#010; &#009;Karim Ghezal (entra\u00eeneur en chef)&#013;&#010; &#009;Paul Gustard (d\u00e9fense)&#013;&#010;&#013;&#010;Palmar\u00e8s du Stade fran\u00e7ais :&#013;&#010;&#013;&#010;&#013;&#010;&#013;&#010;Comp\u00e9titions&#013;&#010;Titres&#013;&#010;Ann\u00e9es&#013;&#010;&#013;&#010;&#013;&#010;Championnat de France&#013;&#010;Champion&#013;&#010;1893, 1894, 1895, 1897, 1898, 1901, 1903, 1908, 1998, 2000, 2003, 2004, 2007, 2015&#013;&#010;&#013;&#010;&#013;&#010;Vice-champion&#013;&#010;1892, 1896, 1899, 1904, 1905, 1906, 1907, 1927, 2005&#013;&#010;&#013;&#010;&#013;&#010;Challenge europ\u00e9en&#013;&#010;Vainqueur&#013;&#010;2017&#013;&#010;&#013;&#010;&#013;&#010;Coupe de France&#013;&#010;Vainqueur&#013;&#010;1999\" href=\"https:\/\/www.xvovalie.com\/stade-francais\/\" rel=\"nofollow noopener\" target=\"_blank\">Stade Fran\u00e7ais<\/a><\/strong> est tomb\u00e9 \u00e0 l\u2019eau \u00e0 la derni\u00e8re minute. Retour sur un vrai feuilleton qui a agit\u00e9 les supporters, et qui laisse pas mal de questions pour la suite.<\/p>\n<p>Les deux clubs voulaient cet \u00e9change\u2026 mais \u00e7a coince<\/p>\n<p>Sur le papier, tout semblait simple : Toulon r\u00eavait de faire revenir <strong>Louis Carbonel<\/strong>, son enfant du pays, pendant que Paris esp\u00e9rait convaincre <strong>Enzo Herv\u00e9<\/strong> de rejoindre la capitale. Les discussions avaient commenc\u00e9 depuis plusieurs semaines, chaque direction validait l\u2019op\u00e9ration, et on parlait m\u00eame d\u00e9j\u00e0 des d\u00e9tails du transfert. <\/p>\n<p>Un deal gagnant-gagnant, pensaient beaucoup de suiveurs du Top 14. Mais le rugby n\u2019est pas un jeu vid\u00e9o, et ce genre d\u2019op\u00e9ration ne d\u00e9pend pas que des pr\u00e9sidents.<\/p>\n<p>Enzo Herv\u00e9 coupe court, Carbonel coinc\u00e9<\/p>\n<p>C\u2019est du c\u00f4t\u00e9 d\u2019Enzo Herv\u00e9 que tout s\u2019est jou\u00e9. Le Stade Fran\u00e7ais voulait s\u2019attacher ses services, mais l\u2019ouvreur de Toulon a tout simplement dit non \u00e0 un d\u00e9part \u00e0 Paris. Selon les confidences de <strong>Pierre Mignoni<\/strong> (manager du RCT), le club n\u2019a pas voulu forcer la main \u00e0 son joueur, pr\u00e9f\u00e9rant respecter ses envies. <\/p>\n<p><strong>R\u00e9sultat direct<\/strong> : Carbonel, lui, reste \u00e0 Paris contre son gr\u00e9, alors qu\u2019il se voyait d\u00e9j\u00e0 rejouer sous les couleurs rouges et noires. Ce refus a fait voler en \u00e9clats tout le montage. <\/p>\n<p>Toulon, trois ouvreurs sous le coude et des questions<\/p>\n<p>Toulon se retrouve donc avec un joli embouteillage \u00e0 l\u2019ouverture : <strong>Enzo Herv\u00e9<\/strong> reste, <strong>Paolo Garbisi<\/strong> (l\u2019international italien) est toujours l\u00e0, et <strong>Mateo Garcia<\/strong> d\u00e9barque de <a data-ilj-link-preview=\"true\" data-excerpt=\"L\u2019Union Bordeaux B\u00e8gles (UBB) a \u00e9t\u00e9 cr\u00e9\u00e9e en 2008 suite \u00e0 la fusion du Club athl\u00e9tique B\u00e8glais et du Stade bordelais universit\u00e9 club. Le club \u00e9volue en Top 14.&#013;&#010;Staff et pr\u00e9sidence :&#013;&#010;&#013;&#010; &#009;Pr\u00e9sident : Laurent Marti&#013;&#010; &#009;Entra\u00eeneur : Yannick Bru&#013;&#010;&#013;&#010;Palmar\u00e8s de l&#039;UBB&#013;&#010;&#013;&#010;&#013;&#010;&#013;&#010;Comp\u00e9tition&#013;&#010;Palmar\u00e8s&#013;&#010;&#013;&#010;&#013;&#010;Championnat de France de Pro D2&#013;&#010;Vainqueur du barrage d&#039;accession en Top 14 en 2011&#013;&#010;&#013;&#010;&#013;&#010;Championnat de France de Top 14&#013;&#010;Demi-finaliste en 2021 et 2022&#013;&#010;&#013;&#010;&#013;&#010;Coupe d&#039;Europe de rugby \u00e0 XV&#013;&#010;Demi-finaliste en 2021&#013;&#010;&#013;&#010;&#013;&#010;Challenge europ\u00e9en de rugby \u00e0 XV&#013;&#010;Demi-finaliste en 2020&#013;&#010;&#013;&#010;&#013;&#010;Championnat de France espoirs&#013;&#010;Vainqueur en 2016&#013;&#010;&#013;&#010;&#013;&#010;&#013;&#010;\u00a0\" href=\"https:\/\/www.xvovalie.com\/bordeaux-begles\/\" rel=\"nofollow noopener\" target=\"_blank\">Bordeaux-B\u00e8gles<\/a>. <\/p>\n<p>Difficile d\u2019imaginer quatre ouvreurs de haut niveau dans un seul <a data-ilj-link-preview=\"true\" data-excerpt=\"D\u00e9couvrez ici tous les mouvements d&#039;effectif, en Top 14, en Pro D2 ou au niveau international.\" href=\"https:\/\/www.xvovalie.com\/effectif\/\" rel=\"nofollow noopener\" target=\"_blank\">effectif<\/a>, m\u00eame pour viser les sommets. C\u2019est aussi \u00e7a qui a refroidi les ardeurs toulonnaises sur le dossier Carbonel, une fois le refus d\u2019Herv\u00e9 act\u00e9. Pas question de cr\u00e9er un casse-t\u00eate permanent pour le staff.<\/p>\n<p>Paris et Carbonel, un mariage forc\u00e9 jusqu\u2019en 2027 ?<\/p>\n<p>C\u00f4t\u00e9 <strong>Stade Fran\u00e7ais<\/strong>, la situation est plus simple sur le papier : Louis Carbonel est sous contrat jusqu\u2019en <a href=\"https:\/\/www.xvovalie.com\/tag\/coupe-du-monde-de-rugby-2027\/\" rel=\"nofollow noopener\" target=\"_blank\">2027<\/a>. Mais derri\u00e8re cette stabilit\u00e9, il y a forc\u00e9ment de la d\u00e9ception pour le joueur, qui r\u00eavait d\u2019un retour dans son club formateur. <\/p>\n<p>Paris devra donc trouver d\u2019autres solutions pour renforcer sa charni\u00e8re et remettre de la concurrence \u00e0 l\u2019ouverture, d\u2019autant que le maintien en Top 14 s\u2019est jou\u00e9 sur un fil la saison pass\u00e9e.<\/p>\n<p>Un feuilleton r\u00e9v\u00e9lateur pour la suite<\/p>\n<p>Ce dossier prouve une fois encore qu\u2019au-del\u00e0 des contrats, <strong>la volont\u00e9 des joueurs reste le facteur d\u00e9terminant<\/strong> dans le rugby moderne. Clubs, supporters, m\u00e9dias : tout le monde s\u2019enflamme, mais au final, le dernier mot revient toujours \u00e0 celui qui doit enfiler le maillot chaque week-end. Pour <strong>Toulon<\/strong>, demi-finaliste du Top 14, comme pour un Paris qui veut remonter la pente, il faudra composer avec ce que l\u2019\u00e9t\u00e9 leur laisse. <\/p>\n<p>Et le mercato 2025 nous rappelle que rien n\u2019est jamais jou\u00e9 d\u2019avance, surtout dans un rugby o\u00f9 l\u2019humain passe avant le business.<\/p>\n<p>Sources : Rugby Scope<\/p>\n<p><img loading=\"lazy\" src=\"data:image\/svg+xml,%3Csvg%20xmlns=\" http:=\"\" height=\"100\" width=\"100\" class=\" sp-no-webp\" alt=\"whatsapp image 2024 07 31 at 09.08.32\" decoding=\"async\" data-lazy-src=\"https:\/\/www.europesays.com\/fr\/wp-content\/uploads\/2025\/04\/whatsapp-image-2024-07-31-at-09.08.32-e1727245864215.jpeg\"\/> <\/p>\n<p>J\u2019ai grandi dans une famille o\u00f9 le rugby \u00e9tait de tous les moments. J\u2019\u00e9tais au bord du terrain quand Castres a battu Pau et a rejoint l\u2019\u00e9lite, j\u2019\u00e9tais dans le Stade Pierre Antoine face \u00e0 Gary Whetton quand il a fait son Haka pour c\u00e9l\u00e9brer le Brennus de 1993 et j\u2019ai toujours \u00e9t\u00e9 berc\u00e9 des l\u00e9gendes de ce sport. Maintenant, c\u2019est avec XV Ovalie que j\u2019entends prolonger l\u2019aventure. #TeamCO<\/p>\n","protected":false},"excerpt":{"rendered":"Le mercato 2025 avait tout pour accoucher d\u2019un des plus gros transferts de l\u2019\u00e9t\u00e9, mais finalement, Louis Carbonel&hellip;\n","protected":false},"author":2,"featured_media":230628,"comment_status":"","ping_status":"","sticky":false,"template":"","format":"standard","meta":{"footnotes":""},"categories":[9619],"tags":[1111,11,36938,1777,674,1011,27,36939,12,882,8177,25,10673,478,2310,10662],"class_list":{"0":"post-230627","1":"post","2":"type-post","3":"status-publish","4":"format-standard","5":"has-post-thumbnail","7":"category-toulon","8":"tag-actu","9":"tag-actualites","10":"tag-enzo-hervu00e9","11":"tag-eu","12":"tag-europe","13":"tag-fr","14":"tag-france","15":"tag-louis-carbonel","16":"tag-news","17":"tag-provence-alpes-cote-dazur","18":"tag-rc-toulon","19":"tag-republique-francaise","20":"tag-stade-franu00e7ais","21":"tag-top-14","22":"tag-toulon","23":"tag-transferts"},"share_on_mastodon":{"url":"https:\/\/pubeurope.com\/@fr\/114806780303895013","error":""},"_links":{"self":[{"href":"https:\/\/www.europesays.com\/fr\/wp-json\/wp\/v2\/posts\/230627","targetHints":{"allow":["GET"]}}],"collection":[{"href":"https:\/\/www.europesays.com\/fr\/wp-json\/wp\/v2\/posts"}],"about":[{"href":"https:\/\/www.europesays.com\/fr\/wp-json\/wp\/v2\/types\/post"}],"author":[{"embeddable":true,"href":"https:\/\/www.europesays.com\/fr\/wp-json\/wp\/v2\/users\/2"}],"replies":[{"embeddable":true,"href":"https:\/\/www.europesays.com\/fr\/wp-json\/wp\/v2\/comments?post=230627"}],"version-history":[{"count":0,"href":"https:\/\/www.europesays.com\/fr\/wp-json\/wp\/v2\/posts\/230627\/revisions"}],"wp:featuredmedia":[{"embeddable":true,"href":"https:\/\/www.europesays.com\/fr\/wp-json\/wp\/v2\/media\/230628"}],"wp:attachment":[{"href":"https:\/\/www.europesays.com\/fr\/wp-json\/wp\/v2\/media?parent=230627"}],"wp:term":[{"taxonomy":"category","embeddable":true,"href":"https:\/\/www.europesays.com\/fr\/wp-json\/wp\/v2\/categories?post=230627"},{"taxonomy":"post_tag","embeddable":true,"href":"https:\/\/www.europesays.com\/fr\/wp-json\/wp\/v2\/tags?post=230627"}],"curies":[{"name":"wp","href":"https:\/\/api.w.org\/{rel}","templated":true}]}}