{"id":230631,"date":"2025-07-06T14:35:09","date_gmt":"2025-07-06T14:35:09","guid":{"rendered":"https:\/\/www.europesays.com\/fr\/230631\/"},"modified":"2025-07-06T14:35:09","modified_gmt":"2025-07-06T14:35:09","slug":"comment-je-me-suis-retrouve-membre-dun-jury-evaluant-un-jardin-secret-pres-de-rouen","status":"publish","type":"post","link":"https:\/\/www.europesays.com\/fr\/230631\/","title":{"rendered":"Comment je me suis retrouv\u00e9 membre d&rsquo;un jury \u00e9valuant un jardin secret pr\u00e8s de Rouen"},"content":{"rendered":"<p>            Par<br \/>\n        <strong><br \/>\n            <a href=\"https:\/\/actu.fr\/auteur\/fmass\" title=\"Consulter tous les articles de Fabien Massin\" target=\"_blank\" rel=\"noopener\">Fabien Massin<\/a><br \/>\n        <\/strong><\/p>\n<p>        Publi\u00e9 le<\/p>\n<p>            6 juil. 2025 \u00e0 16h00        <\/p>\n<p>Lorsque la Soci\u00e9t\u00e9 nationale d\u2019horticulture de France (SNHF) nous a contact\u00e9s\u00a0pour suivre un jury \u00e9valuant un jardin remarquable de la r\u00e9gion de <a href=\"https:\/\/actu.fr\/normandie\/rouen_76540\" target=\"_blank\" rel=\"noopener\">Rouen (Seine-Maritime)<\/a>, je ne savais pas o\u00f9 cela m\u2019am\u00e8nerait au bout du compte :<strong> faire moi-m\u00eame partie du jury !<\/strong> Moi, urbain et pas la main verte pour un sou. Mais je me suis pr\u00eat\u00e9 au jeu de bon c\u0153ur, avec autant de s\u00e9rieux que d\u2019amusement.\u00a0<\/p>\n<p class=\" wall-content\">Le concours, dont c\u2019est la deuxi\u00e8me \u00e9dition cette ann\u00e9e, s\u2019intitule Jardins secrets (\u00e0 ne pas confondre avec l\u2019\u00e9v\u00e9nement du m\u00eame nom organis\u00e9 par le D\u00e9partement de la Seine-Maritime). C\u2019est un jardin situ\u00e9 \u00e0 <a href=\"https:\/\/actu.fr\/normandie\/montigny_76446\" target=\"_blank\" rel=\"noopener\">Montigny<\/a> qu\u2019il m\u2019a \u00e9t\u00e9 propos\u00e9 de visiter et d\u2019\u00e9valuer. Ici nous sommes chez un particulier, <strong>Dominique Evrard<\/strong>, m\u00e9decin \u00e0 la retraite et jardinier aguerri.\u00a0<\/p>\n<p>Un jardin de collectionneur<\/p>\n<p class=\" wall-content\">Au fil des ann\u00e9es, il a constitu\u00e9 un jardin remplis de tr\u00e9sors, un v\u00e9ritable jardin de collectionneur comprenant des essences rares, venues parfois de loin mais <strong>qui se plaisent \u00e0 merveille dans le terroir normand<\/strong>. On trouve des vari\u00e9t\u00e9s d\u2019\u00e9rable du Japon, fuchsia, pavot, prunus ou encore rhododendron, ainsi que tout une collection de g\u00e9ranium et hydrangea, sorte de fil rouge de ce Mus\u00e9um d\u2019histoire naturelle \u00e0 ciel ouvert. 1 200 plantes botaniques, c\u2019est-\u00e0-dire qui poussent l\u2019\u00e9tat sauvage, dont 70 % proviennent d\u2019Asie, notamment de Chine, Japon et Cor\u00e9e.\u00a0<\/p>\n<p class=\" wall-content\">Le jury du jour est compos\u00e9 de <strong>Michel<\/strong>, vice-pr\u00e9sident de la SNHF, venu sp\u00e9cialement des Yvelines, de <strong>Marie-France<\/strong>, Rouennaise membre de l\u2019association \u00ab\u00a0Les amis des fleurs\u00a0\u00bb, d\u2019une cons\u0153ur journaliste du quotidien Paris-Normandie, et moi. \u00ab\u00a0C\u2019est g\u00e9n\u00e9ralement comme cela que nous proc\u00e9dons, nous indiquent Marie-France et Michel. Le jury est compos\u00e9 de personnes dont le jardin est la passion, mais aussi de personnes ayant un regard un ext\u00e9rieur. C\u2019est ainsi que nous faisons appel \u00e0 la presse locale pour faire partie du jury.\u00a0\u00bb<\/p>\n<p class=\" wall-content\">Ainsi, en plus de mon cahier et de mon appareil photo, <strong>j\u2019ai en main une grille d\u2019\u00e9valuation<\/strong>, qui juge le jardin point par point : motivation du candidat ; qualit\u00e9 du dossier de candidature ; harmonie d\u2019ensemble et recherche esth\u00e9tique ; monde v\u00e9g\u00e9tal ; m\u00e9thode de culture ; originalit\u00e9 et innovation du jardin. Pour chacun de ces aspects <strong>des attentes pr\u00e9cises sont \u00e9tay\u00e9es<\/strong> : capacit\u00e9 \u00e0 pr\u00e9senter son jardin, qualit\u00e9 de l\u2019analyse du site et de ses contraintes ; insertion du jardin dans son environnement ; choix des v\u00e9g\u00e9taux\/combinaison des vari\u00e9t\u00e9s en fonction de la saison, etc.\u00a0<\/p>\n<p class=\" wall-content\">Voil\u00e0 qui d\u00e9passe largement le champ de mes comp\u00e9tences (quasi nulles) en mati\u00e8re v\u00e9g\u00e9tale. Et \u00e0 chaque aspect \u00e9valu\u00e9,<strong> je dois attribuer une note<\/strong>. Notes que je ne d\u00e9voilerai pas ici, mais je vous ferai part de quelques observations faites en toute simplicit\u00e9 (et candeur assum\u00e9e).\u00a0<\/p>\n<p>Des all\u00e9es am\u00e9nag\u00e9es pour d\u00e9couvrir le jardin\u00a0<\/p>\n<p class=\" wall-content\">Notre jardinier <strong>m\u00e8ne parfaitement la visite<\/strong>, en fin connaisseur, mais aussi de fa\u00e7on p\u00e9dagogique et vivante, sachant s\u2019adapter \u00e0 un public profane, avec des anecdotes personnelles, des souvenirs de voyages, des r\u00e9f\u00e9rences historiques, etc.\u00a0<\/p>\n<p class=\" wall-content\">Nous sommes ici dans un v\u00e9ritable jardin botanique, riche en tr\u00e9sors, pas forc\u00e9ment spectaculaires, mais <strong>chaque plante a son histoire et son originalit\u00e9<\/strong>. Le novice ne per\u00e7oit d\u2019ailleurs pas forc\u00e9ment la valeur de telle ou telle essence, mais c\u2019est un paradis pour les connaisseurs, d\u2019autant plus que le jardin est parfaitement et minutieusement \u00e9tiquet\u00e9, chaque v\u00e9g\u00e9tal est bien renseign\u00e9.<\/p>\n<p class=\" wall-content\">Le choix a \u00e9t\u00e9 fait de ne tondre le jardin qu\u2019en partie, et de laisser ainsi des espaces sauvages. Visuellement le jardin est donc <strong>domin\u00e9 par un fort contraste<\/strong> entre les parties ombrag\u00e9es et celles expos\u00e9es au soleil. Des all\u00e9es am\u00e9nag\u00e9es forment un circuit qui permet de visiter l\u2019ensemble du jardin. \u00c0 noter que celui-ci se trouve presque enti\u00e8rement entour\u00e9 par la for\u00eat, et que la maison se trouve au centre. La foret ceinture donc le jardin qui lui-m\u00eame ceinture l\u2019habitation, c\u2019est int\u00e9ressant.<\/p>\n<p class=\" wall-content\">Dominique Evrad a aussi fait le choix de <strong>garder l\u2019herbe de la prairie d\u2019origine<\/strong>, qui peu \u00e0 peu s\u2019est transform\u00e9e en gazon, avec les tontes successives. Le r\u00e9sultat n\u2019est pas comparable avec un impeccable gazon anglais, \u00e7a n\u2019est pas l\u2019id\u00e9e, mais un sol \u00e0 la fois propre et comportant des aspects non lisses.<\/p>\n<p>Un vrai lieu de vie<\/p>\n<p class=\" wall-content\">Les espaces a\u00e9r\u00e9s peuvent \u00eatre utilis\u00e9s par des enfants pour jouer (c\u2019est le cas des petits-enfants de Dominique), <strong>nous sommes ici dans un espace \u00e0 vivre<\/strong> et non dans un mus\u00e9e o\u00f9 il ne faut surtout rien toucher. En revanche, il n\u2019y a pas de point d\u2019eau, cela manque \u00e0 mon (modeste) sens.<\/p>\n<p class=\" wall-content\">Sur le plan de la m\u00e9thode de culture <strong>notons l\u2019absence de traitements et la non utilisation d\u2019engrais chimiques<\/strong>, ainsi qu\u2019un tr\u00e8s bon entretien g\u00e9n\u00e9ral, r\u00e9sultat de quatre heures de travail quotidien. Non sans commettre quelques fois des erreurs, comme nous avons pu le voir avec le tronc de prunus entaill\u00e9 par m\u00e9garde (voir la galerie photo). Mais c\u2019est humain.\u00a0<\/p>\n<p>Le jardin de Dominique Evrard est ouvert au public chaque ann\u00e9e au mois de juin lors d\u2019un week-end solidaire au profit de la Fondation Charles-Nicolle. Contact : <a href=\"https:\/\/actu.fr\/cdn-cgi\/l\/email-protection\" class=\"__cf_email__\" data-cfemail=\"1e7a6c307b686c7f6c7a5e697f707f7a717130786c\" target=\"_blank\" rel=\"noopener\">[email\u00a0protected]<\/a>Vous souhaitez annoncer un \u00e9v\u00e9nement festif ou associatif, une initiative locale ? Rendez-vous sur notre plateforme <a href=\"https:\/\/www.infolocale.fr\/decouvrir\/actu\/\" target=\"_blank\" rel=\"noopener\">Infolocale<\/a>.<\/p>\n<p class=\" wall-content\">Suivez toute l\u2019actualit\u00e9 de vos villes et m\u00e9dias favoris en vous inscrivant \u00e0 <a href=\"https:\/\/moncompte.actu.fr\" title=\"D\u00e9couvez Mon Actu\" rel=\"nofollow noopener\" data-trk=\"{&quot;cta&quot;:{&quot;action&quot;:&quot;https:\\\/\\\/moncompte.actu.fr&quot;,&quot;category&quot;:&quot;mon compte&quot;,&quot;from&quot;:&quot;article footer&quot;,&quot;name&quot;:&quot;Mon actu&quot;,&quot;type&quot;:&quot;cta&quot;}}\" target=\"_blank\">Mon Actu<\/a>.<\/p>\n","protected":false},"excerpt":{"rendered":"Par Fabien Massin Publi\u00e9 le 6 juil. 2025 \u00e0 16h00 Lorsque la Soci\u00e9t\u00e9 nationale d\u2019horticulture de France (SNHF)&hellip;\n","protected":false},"author":2,"featured_media":230632,"comment_status":"","ping_status":"","sticky":false,"template":"","format":"standard","meta":{"footnotes":""},"categories":[9587],"tags":[1111,11,436,1777,674,1011,27,2575,1652,12,5161,5140,25,9590],"class_list":{"0":"post-230631","1":"post","2":"type-post","3":"status-publish","4":"format-standard","5":"has-post-thumbnail","7":"category-rouen","8":"tag-actu","9":"tag-actualites","10":"tag-environnement","11":"tag-eu","12":"tag-europe","13":"tag-fr","14":"tag-france","15":"tag-jardinage","16":"tag-loisirs-culture","17":"tag-news","18":"tag-normandie","19":"tag-rechauffement-climatique","20":"tag-republique-francaise","21":"tag-rouen"},"share_on_mastodon":{"url":"https:\/\/pubeurope.com\/@fr\/114806792060220494","error":""},"_links":{"self":[{"href":"https:\/\/www.europesays.com\/fr\/wp-json\/wp\/v2\/posts\/230631","targetHints":{"allow":["GET"]}}],"collection":[{"href":"https:\/\/www.europesays.com\/fr\/wp-json\/wp\/v2\/posts"}],"about":[{"href":"https:\/\/www.europesays.com\/fr\/wp-json\/wp\/v2\/types\/post"}],"author":[{"embeddable":true,"href":"https:\/\/www.europesays.com\/fr\/wp-json\/wp\/v2\/users\/2"}],"replies":[{"embeddable":true,"href":"https:\/\/www.europesays.com\/fr\/wp-json\/wp\/v2\/comments?post=230631"}],"version-history":[{"count":0,"href":"https:\/\/www.europesays.com\/fr\/wp-json\/wp\/v2\/posts\/230631\/revisions"}],"wp:featuredmedia":[{"embeddable":true,"href":"https:\/\/www.europesays.com\/fr\/wp-json\/wp\/v2\/media\/230632"}],"wp:attachment":[{"href":"https:\/\/www.europesays.com\/fr\/wp-json\/wp\/v2\/media?parent=230631"}],"wp:term":[{"taxonomy":"category","embeddable":true,"href":"https:\/\/www.europesays.com\/fr\/wp-json\/wp\/v2\/categories?post=230631"},{"taxonomy":"post_tag","embeddable":true,"href":"https:\/\/www.europesays.com\/fr\/wp-json\/wp\/v2\/tags?post=230631"}],"curies":[{"name":"wp","href":"https:\/\/api.w.org\/{rel}","templated":true}]}}