{"id":230637,"date":"2025-07-06T14:41:12","date_gmt":"2025-07-06T14:41:12","guid":{"rendered":"https:\/\/www.europesays.com\/fr\/230637\/"},"modified":"2025-07-06T14:41:12","modified_gmt":"2025-07-06T14:41:12","slug":"ce-couple-qui-sest-connu-lors-dun-bal-a-fete-ses-50-ans-de-mariage","status":"publish","type":"post","link":"https:\/\/www.europesays.com\/fr\/230637\/","title":{"rendered":"ce couple qui s&rsquo;est connu lors d&rsquo;un bal a f\u00eat\u00e9 ses 50 ans de mariage"},"content":{"rendered":"<p>            Par<br \/>\n        <strong><br \/>\n            <a href=\"https:\/\/actu.fr\/auteur\/redaction-jv\" title=\"Consulter tous les articles de R\u00e9daction Vitr\u00e9\" target=\"_blank\" rel=\"noopener\">R\u00e9daction Vitr\u00e9<\/a><br \/>\n        <\/strong><\/p>\n<p>        Publi\u00e9 le<\/p>\n<p>            6 juil. 2025 \u00e0 12h00        <\/p>\n<p>\u00ab C\u2019\u00e9tait le 27\u00a0janvier 1974, jour de mon 23e anniversaire, au bal \u00e0 Broons, dans les <b>C\u00f4tes du Nord de l\u2019\u00e9poque<\/b> (aujourd\u2019hui C\u00f4tes-d\u2019Armor), raconte Bernard. Pour la toute premi\u00e8re fois, Martine a quitt\u00e9 les bals de la r\u00e9gion dinannaise dont elle est originaire pour se rendre \u00e0 Broons ce dimanche soir. \u00bb<\/p>\n<p class=\" wall-content\">Ce fut la rencontre bien improbable pour Bernard Poinsu, n\u00e9 \u00e0 Tr\u00e9dias, village tout proche de Broons et Martine, Qu\u00e9vertoise, pr\u00e8s de Dinan. Samedi 28 juin 2025, \u00e0 <b>Noyal-sur-Vilaine <\/b>(Ille-et-Vilaine), o\u00f9 ils r\u00e9sident depuis 1997, ils ont c\u00e9l\u00e9br\u00e9 leurs <b>50 ans de mariage<\/b>.<\/p>\n<p class=\" wall-content\">Un moment intense d\u2019\u00e9motion pour ce passage devant le maire de La Bouillie, Pascal Lebreton, un ami de longue date et Emmanuel Casado, adjoint \u00e0 la mairie de Noyal.<\/p>\n<p class=\" wall-content\">\u00ab Nos remerciements \u00e0 <b>Marielle Muret-Baudoin<\/b>, maire de Noyal, qui a gentiment accept\u00e9 ce changement de premier \u00e9dile. \u00bb<\/p>\n<p>Parents de quatre enfants<\/p>\n<p class=\" wall-content\">Mari\u00e9s \u00e0 Qu\u00e9vert, le 15\u00a0f\u00e9vrier 1975, Martine et Bernard sont parents de quatre enfants : Delphine, Fabien, Anne-Sophie et Justine. Quatre petits enfants : Aziliz et Judica\u00ebl, C\u00e9lian et Naoline.<\/p>\n<p>Vid\u00e9os : en ce moment sur Actu<\/p>\n<p class=\" wall-content\">Bernard a travaill\u00e9 chez Renault au\u00a0Mans, comme \u00e9lectro m\u00e9canicien, ensuite chez Alcatel \u00e0 Dinard, puis \u00e0 Foug\u00e8res. Il a termin\u00e9 sa carri\u00e8re \u00e0 STG Noyal pendant une dizaine d\u2019ann\u00e9es, comme responsable de maintenance du site. Martine a travaill\u00e9 \u00e0 Dinan \u00e0 la SAT (SA t\u00e9l\u00e9communications) puis a \u00e9lev\u00e9 ses quatre enfants.<\/p>\n<p class=\" wall-content\">Aujourd\u2019hui, la retraite est bien occup\u00e9e et \u00ab nous sommes tr\u00e8s famille, f\u00eatons tous les anniversaires qui se terminent toujours par des jeux de soci\u00e9t\u00e9 dont nous sommes tr\u00e8s friands, en particulier Bernard, confie Martine. On part aussi en vacances, aux sports d\u2019hiver avec les enfants. \u00bb<\/p>\n<p>Passion p\u00eache<\/p>\n<p class=\" wall-content\">Les voyages sont aussi au menu retraite : Mexique, Vietnam, Martinique, Guadeloupe, Gr\u00e8ce r\u00e9cemment avec Santorin en attendant octobre et Florence.<\/p>\n<p class=\" wall-content\">\u00c0 Noyal, Bernard pratique la moto et la p\u00eache en rivi\u00e8re ou \u00e9tang, avec son fils Fabien, sans oublier un passage au tennis \u00e0 Roland-Garros, sport pratiqu\u00e9 par Bernard avec marche nordique, palets, p\u00e9tanque\u2026 et m\u00eame 800 km sur les chemins de Saint-Jacques-de-Compostelle depuis le Puy-en-Velay.<\/p>\n<p class=\" wall-content\">Martine est une adepte de l\u2019art floral, la marche et la danse country, se d\u00e9finissant comme \u00ab grande danseuse \u00bb.<\/p>\n<p class=\" wall-content\">Une passion sans doute assouvie ce samedi soir 28 juin, \u00e0 la salle Familia \u00e0 Servon, o\u00f9 apr\u00e8s le repas servi aux 70 invit\u00e9s, jeux et danses ont cl\u00f4tur\u00e9 ces noces d\u2019or en attendant celles de diamant en 2035.<\/p>\n<p class=\" wall-content\">Suivez toute l\u2019actualit\u00e9 de vos villes et m\u00e9dias favoris en vous inscrivant \u00e0 <a href=\"https:\/\/moncompte.actu.fr\" title=\"D\u00e9couvez Mon Actu\" rel=\"nofollow noopener\" data-trk=\"{&quot;cta&quot;:{&quot;action&quot;:&quot;https:\\\/\\\/moncompte.actu.fr&quot;,&quot;category&quot;:&quot;mon compte&quot;,&quot;from&quot;:&quot;article footer&quot;,&quot;name&quot;:&quot;Mon actu&quot;,&quot;type&quot;:&quot;cta&quot;}}\" target=\"_blank\">Mon Actu<\/a>.<\/p>\n","protected":false},"excerpt":{"rendered":"Par R\u00e9daction Vitr\u00e9 Publi\u00e9 le 6 juil. 2025 \u00e0 12h00 \u00ab C\u2019\u00e9tait le 27\u00a0janvier 1974, jour de mon&hellip;\n","protected":false},"author":2,"featured_media":230638,"comment_status":"","ping_status":"","sticky":false,"template":"","format":"standard","meta":{"footnotes":""},"categories":[2821],"tags":[1111,11,829,1777,674,1011,27,1930,12,584,25,104],"class_list":{"0":"post-230637","1":"post","2":"type-post","3":"status-publish","4":"format-standard","5":"has-post-thumbnail","7":"category-rennes","8":"tag-actu","9":"tag-actualites","10":"tag-bretagne","11":"tag-eu","12":"tag-europe","13":"tag-fr","14":"tag-france","15":"tag-mariage","16":"tag-news","17":"tag-rennes","18":"tag-republique-francaise","19":"tag-societe"},"share_on_mastodon":{"url":"https:\/\/pubeurope.com\/@fr\/114806815651162097","error":""},"_links":{"self":[{"href":"https:\/\/www.europesays.com\/fr\/wp-json\/wp\/v2\/posts\/230637","targetHints":{"allow":["GET"]}}],"collection":[{"href":"https:\/\/www.europesays.com\/fr\/wp-json\/wp\/v2\/posts"}],"about":[{"href":"https:\/\/www.europesays.com\/fr\/wp-json\/wp\/v2\/types\/post"}],"author":[{"embeddable":true,"href":"https:\/\/www.europesays.com\/fr\/wp-json\/wp\/v2\/users\/2"}],"replies":[{"embeddable":true,"href":"https:\/\/www.europesays.com\/fr\/wp-json\/wp\/v2\/comments?post=230637"}],"version-history":[{"count":0,"href":"https:\/\/www.europesays.com\/fr\/wp-json\/wp\/v2\/posts\/230637\/revisions"}],"wp:featuredmedia":[{"embeddable":true,"href":"https:\/\/www.europesays.com\/fr\/wp-json\/wp\/v2\/media\/230638"}],"wp:attachment":[{"href":"https:\/\/www.europesays.com\/fr\/wp-json\/wp\/v2\/media?parent=230637"}],"wp:term":[{"taxonomy":"category","embeddable":true,"href":"https:\/\/www.europesays.com\/fr\/wp-json\/wp\/v2\/categories?post=230637"},{"taxonomy":"post_tag","embeddable":true,"href":"https:\/\/www.europesays.com\/fr\/wp-json\/wp\/v2\/tags?post=230637"}],"curies":[{"name":"wp","href":"https:\/\/api.w.org\/{rel}","templated":true}]}}