{"id":230644,"date":"2025-07-06T14:45:10","date_gmt":"2025-07-06T14:45:10","guid":{"rendered":"https:\/\/www.europesays.com\/fr\/230644\/"},"modified":"2025-07-06T14:45:10","modified_gmt":"2025-07-06T14:45:10","slug":"son-ex-siphonne-son-indemnisation-versee-apres-lattentat-du-14-juillet-a-nice","status":"publish","type":"post","link":"https:\/\/www.europesays.com\/fr\/230644\/","title":{"rendered":"Son ex siphonne son indemnisation vers\u00e9e apr\u00e8s l\u2019attentat du 14-Juillet \u00e0 Nice"},"content":{"rendered":"<p>La cour d\u2019appel d\u2019Aix-en-Provence a confirm\u00e9 la condamnation pour escroquerie d\u2019une Ni\u00e7oise reconnue coupable d\u2019avoir d\u00e9tourn\u00e9 une partie de l\u2019indemnisation vers\u00e9e \u00e0 son \u00e9poux par le Fonds de garantie des victimes des actes de terrorisme et d\u2019autres infractions (FGTI). Son mari circulait \u00e0 v\u00e9lo quand il avait failli \u00eatre renvers\u00e9 par le camion utilis\u00e9 pour commettre l\u2019attentat du 14 juillet 2016 sur la promenade des Anglais.<\/p>\n<p>Le couple \u00e9tait s\u00e9par\u00e9 depuis 2010 mais il continuait d\u2019avoir une bo\u00eete aux lettres et un compte bancaire en commun. Monique M., aujourd\u2019hui \u00e2g\u00e9e de 63 ans, a profit\u00e9 de cette situation pour compl\u00e9ter un dossier adress\u00e9 par le FGTI \u00e0 son \u00e9poux \u00e0 des fins d\u2019indemnisation. Quitte \u00e0 imiter sa signature. Le pr\u00e9judice a \u00e9t\u00e9 \u00e9valu\u00e9 \u00e0 20.000 euros vers\u00e9s sur le compte joint.<\/p>\n<p>Soup\u00e7onn\u00e9e dans une autre arnaque<\/p>\n<p>Une somme que Monique M. avait commenc\u00e9 \u00e0 siphonner quand son mari a \u00e9t\u00e9 inform\u00e9 par un coup de fil du FGTI qu\u2019il avait \u00e9tait indemnis\u00e9 fin 2017. Le futur ex-\u00e9poux (il a fini par demander le divorce) avait port\u00e9 plainte. Le tribunal correctionnel de Nice a condamn\u00e9 Madame en avril 2023 \u00e0 un an de prison et \u00e0 rembourser la somme de 4.990 euros. Un jugement confirm\u00e9 en appel ces derniers jours.<\/p>\n<p>Si Monique M. a contest\u00e9 de cette d\u00e9cision, elle n\u2019\u00e9tait ni pr\u00e9sente ni repr\u00e9sent\u00e9e devant la chambre \u00e9conomique et financi\u00e8re de la cour d\u2019appel. Selon des \u00e9l\u00e9ments \u00e9voqu\u00e9s \u00e0 l\u2019audience, la sexag\u00e9naire serait par ailleurs soup\u00e7onn\u00e9e dans une autre proc\u00e9dure d\u2019avoir d\u00e9clar\u00e9 la mort de son p\u00e8re sous une fausse identit\u00e9 afin de d\u00e9tourner sa pension de retraite pendant plus d\u2019un an. Le d\u00e9c\u00e8s de cet homme n\u2019avait \u00e9t\u00e9 mis au jour qu\u2019\u00e0 la faveur d\u2019une proc\u00e9dure ouverte pour disparition inqui\u00e9tante.<\/p>\n<p>\u00a0<\/p>\n","protected":false},"excerpt":{"rendered":"La cour d\u2019appel d\u2019Aix-en-Provence a confirm\u00e9 la condamnation pour escroquerie d\u2019une Ni\u00e7oise reconnue coupable d\u2019avoir d\u00e9tourn\u00e9 une partie&hellip;\n","protected":false},"author":2,"featured_media":230645,"comment_status":"","ping_status":"","sticky":false,"template":"","format":"standard","meta":{"footnotes":""},"categories":[2819],"tags":[1111,11,1777,674,118,1011,27,303,12,2401,882,25],"class_list":{"0":"post-230644","1":"post","2":"type-post","3":"status-publish","4":"format-standard","5":"has-post-thumbnail","7":"category-nice","8":"tag-actu","9":"tag-actualites","10":"tag-eu","11":"tag-europe","12":"tag-faits-divers","13":"tag-fr","14":"tag-france","15":"tag-justice","16":"tag-news","17":"tag-nice","18":"tag-provence-alpes-cote-dazur","19":"tag-republique-francaise"},"share_on_mastodon":{"url":"https:\/\/pubeurope.com\/@fr\/114806831400952540","error":""},"_links":{"self":[{"href":"https:\/\/www.europesays.com\/fr\/wp-json\/wp\/v2\/posts\/230644","targetHints":{"allow":["GET"]}}],"collection":[{"href":"https:\/\/www.europesays.com\/fr\/wp-json\/wp\/v2\/posts"}],"about":[{"href":"https:\/\/www.europesays.com\/fr\/wp-json\/wp\/v2\/types\/post"}],"author":[{"embeddable":true,"href":"https:\/\/www.europesays.com\/fr\/wp-json\/wp\/v2\/users\/2"}],"replies":[{"embeddable":true,"href":"https:\/\/www.europesays.com\/fr\/wp-json\/wp\/v2\/comments?post=230644"}],"version-history":[{"count":0,"href":"https:\/\/www.europesays.com\/fr\/wp-json\/wp\/v2\/posts\/230644\/revisions"}],"wp:featuredmedia":[{"embeddable":true,"href":"https:\/\/www.europesays.com\/fr\/wp-json\/wp\/v2\/media\/230645"}],"wp:attachment":[{"href":"https:\/\/www.europesays.com\/fr\/wp-json\/wp\/v2\/media?parent=230644"}],"wp:term":[{"taxonomy":"category","embeddable":true,"href":"https:\/\/www.europesays.com\/fr\/wp-json\/wp\/v2\/categories?post=230644"},{"taxonomy":"post_tag","embeddable":true,"href":"https:\/\/www.europesays.com\/fr\/wp-json\/wp\/v2\/tags?post=230644"}],"curies":[{"name":"wp","href":"https:\/\/api.w.org\/{rel}","templated":true}]}}