{"id":230669,"date":"2025-07-06T15:02:16","date_gmt":"2025-07-06T15:02:16","guid":{"rendered":"https:\/\/www.europesays.com\/fr\/230669\/"},"modified":"2025-07-06T15:02:16","modified_gmt":"2025-07-06T15:02:16","slug":"psg-real-madrid-kylian-mbappe-et-paris-enfin-lheure-des-retrouvailles","status":"publish","type":"post","link":"https:\/\/www.europesays.com\/fr\/230669\/","title":{"rendered":"PSG &#8211; Real Madrid\u00a0: Kylian Mbapp\u00e9 et Paris, enfin l\u2019heure des retrouvailles"},"content":{"rendered":"<p class=\"paragraph text_align_left lp-f-body-02\">Un jour, cela devait arriver. Ce sera donc mercredi 9 juillet \u00e0 East Rutherford dans le New Jersey, en demi-finale de la <a href=\"https:\/\/www.leparisien.fr\/sports\/football\/coupe-du-monde-des-clubs\/\" target=\"_blank\" rel=\"noreferrer noopener\">Coupe du monde des clubs<\/a>. Le <a href=\"https:\/\/www.leparisien.fr\/sports\/football\/psg\/\" target=\"_blank\" rel=\"noreferrer noopener\">PSG<\/a>, tombeur du Bayern Munich (2-0) et <a href=\"https:\/\/www.leparisien.fr\/sports\/football\/kylian-mbappe\/\" target=\"_blank\" rel=\"noreferrer noopener\">Kylian Mbapp\u00e9<\/a>, buteur lors du <a href=\"https:\/\/www.leparisien.fr\/sports\/football\/coupe-du-monde-des-clubs\/real-madrid-dortmund-3-2-but-exceptionnel-de-mbappe-arret-miracle-de-courtois-les-videos-dune-fin-de-match-folle-06-07-2025-LDRNYO5MWZCO5PUJBTNSR5CDIE.php?at_variant=link&amp;at_creation=Le%20Parisien%20|%20PSG&amp;at_campaign=Partage%20Twitter%20CM&amp;at_medium=Social%20media\" target=\"_blank\" rel=\"noreferrer noopener\">succ\u00e8s du Real face \u00e0 Dortmund (3-2)<\/a> apr\u00e8s son entr\u00e9e \u00e0 la 68e, s\u2019y retrouveront pour une explication sportive, treize mois apr\u00e8s la signature du capitaine des Bleus (le 3 juin 2024) en Espagne apr\u00e8s un septennat d\u2019amour et de contrari\u00e9t\u00e9s &#8211; un mariage, quoi. <\/p>\n<p class=\"paragraph text_align_left lp-f-body-02\">Il en demeure toujours le meilleur buteur de l\u2019histoire parisienne, un record parmi d\u2019autres lors de son r\u00e8gne marqu\u00e9 par une finale de Ligue des champions perdue (1-0), contre le Bayern Munich en 2020 \u00e0 Lisbonne en plein Covid. Des retrouvailles d\u2019abord sportives mais dans un contexte tendu hors terrain.<\/p>\n","protected":false},"excerpt":{"rendered":"Un jour, cela devait arriver. Ce sera donc mercredi 9 juillet \u00e0 East Rutherford dans le New Jersey,&hellip;\n","protected":false},"author":2,"featured_media":230670,"comment_status":"","ping_status":"","sticky":false,"template":"","format":"standard","meta":{"footnotes":""},"categories":[1888],"tags":[1111,1928,11,1927,7151,1777,674,63,1011,27,12,1926,626,1925,25,60],"class_list":{"0":"post-230669","1":"post","2":"type-post","3":"status-publish","4":"format-standard","5":"has-post-thumbnail","7":"category-paris","8":"tag-actu","9":"tag-actu-paris","10":"tag-actualites","11":"tag-actualites-paris","12":"tag-coupe-du-monde-des-clubs","13":"tag-eu","14":"tag-europe","15":"tag-football","16":"tag-fr","17":"tag-france","18":"tag-news","19":"tag-news-paris","20":"tag-paris","21":"tag-paris-news","22":"tag-republique-francaise","23":"tag-sports"},"share_on_mastodon":{"url":"https:\/\/pubeurope.com\/@fr\/114806898289023350","error":""},"_links":{"self":[{"href":"https:\/\/www.europesays.com\/fr\/wp-json\/wp\/v2\/posts\/230669","targetHints":{"allow":["GET"]}}],"collection":[{"href":"https:\/\/www.europesays.com\/fr\/wp-json\/wp\/v2\/posts"}],"about":[{"href":"https:\/\/www.europesays.com\/fr\/wp-json\/wp\/v2\/types\/post"}],"author":[{"embeddable":true,"href":"https:\/\/www.europesays.com\/fr\/wp-json\/wp\/v2\/users\/2"}],"replies":[{"embeddable":true,"href":"https:\/\/www.europesays.com\/fr\/wp-json\/wp\/v2\/comments?post=230669"}],"version-history":[{"count":0,"href":"https:\/\/www.europesays.com\/fr\/wp-json\/wp\/v2\/posts\/230669\/revisions"}],"wp:featuredmedia":[{"embeddable":true,"href":"https:\/\/www.europesays.com\/fr\/wp-json\/wp\/v2\/media\/230670"}],"wp:attachment":[{"href":"https:\/\/www.europesays.com\/fr\/wp-json\/wp\/v2\/media?parent=230669"}],"wp:term":[{"taxonomy":"category","embeddable":true,"href":"https:\/\/www.europesays.com\/fr\/wp-json\/wp\/v2\/categories?post=230669"},{"taxonomy":"post_tag","embeddable":true,"href":"https:\/\/www.europesays.com\/fr\/wp-json\/wp\/v2\/tags?post=230669"}],"curies":[{"name":"wp","href":"https:\/\/api.w.org\/{rel}","templated":true}]}}