{"id":230671,"date":"2025-07-06T15:03:09","date_gmt":"2025-07-06T15:03:09","guid":{"rendered":"https:\/\/www.europesays.com\/fr\/230671\/"},"modified":"2025-07-06T15:03:09","modified_gmt":"2025-07-06T15:03:09","slug":"ratp-et-sncf-les-perturbations-attendues-dans-les-transports-a-paris-et-en-ile-de-france-cette-semaine-10","status":"publish","type":"post","link":"https:\/\/www.europesays.com\/fr\/230671\/","title":{"rendered":"RATP et SNCF. Les perturbations attendues dans les transports \u00e0 Paris et en \u00cele-de-France cette semaine"},"content":{"rendered":"<p>            Par<br \/>\n        <strong><br \/>\n            <a href=\"https:\/\/actu.fr\/auteur\/antoine-grotteria02\" title=\"Consulter tous les articles de Antoine Grotteria\" target=\"_blank\" rel=\"noopener\">Antoine Grotteria<\/a><br \/>\n        <\/strong><\/p>\n<p>        Publi\u00e9 le<\/p>\n<p>            6 juil. 2025 \u00e0 17h00        <\/p>\n<p>Difficile d\u2019y \u00e9chapper. Les vacances estivales ont d\u00e9marr\u00e9. Dans leur sillage, un cort\u00e8ge de perturbations dans les <a href=\"https:\/\/actu.fr\/tag\/transport\" target=\"_blank\" rel=\"noopener\">transports<\/a> en commun de <a href=\"https:\/\/actu.fr\/paris\/\" target=\"_blank\" rel=\"noopener\">Paris<\/a> et d\u2019\u00cele-de-France. Du <strong>m\u00e9tro <\/strong>au <strong>RER <\/strong>en passant par le<strong> Transilien<\/strong>, voici ce qu\u2019il faut attend sur les r\u00e9seaux de la <a href=\"https:\/\/actu.fr\/tag\/ratp\" target=\"_blank\" rel=\"noopener\">RATP<\/a> et de la <a href=\"https:\/\/actu.fr\/tag\/sncf\" target=\"_blank\" rel=\"noopener\">SNCF<\/a> cette semaine du lundi\u00a07 au dimanche 13\u00a0juillet 2025.<\/p>\n<p>M\u00e9tro<\/p>\n<ul class=\" wall-content\">\n<li><strong>Ligne 3<\/strong>\u2009: jusqu\u2019au 3\u00a0ao\u00fbt, le trafic est interrompu entre Op\u00e9ra et Gallieni en raison de travaux. Bus entre R\u00e9publique et Gallieni.<\/li>\n<li><strong>Ligne 4<\/strong>\u2009: jusqu\u2019au lundi 14\u00a0juillet, le trafic est interrompu entre Les Halles et Porte d\u2019Orl\u00e9ans en raison de travaux de modernisation. Bus de remplacement.<\/li>\n<li><strong>Ligne 6<\/strong>\u2009: jusqu\u2019au\u00a028\u00a0septembre, l\u2019arr\u00eat n\u2019est pas desservi\u00a0\u00e0\u00a0Cambronne\u00a0en raison de\u00a0travaux de modernisation<\/li>\n<li><strong>Ligne 14<\/strong>\u2009: jusqu\u2019au 23\u00a0juillet, le mercredi \u00e0 partir de 22\u00a0heures, le trafic est interrompu sur l\u2019ensemble de la ligne en raison de travaux.<\/li>\n<\/ul>\n<p>RER<\/p>\n<ul class=\" wall-content\">\n<li><strong>RER A<\/strong>\u2009: du lundi\u00a07 au vendredi 11\u00a0juillet, d\u00e8s 22h15, le trafic sera interrompu entre Maisons-Laffitte et Poissy en raison de travaux. Bus de remplacement entre Sartrouville et Poissy.<\/li>\n<li><strong>RER B<\/strong>\u2009: du lundi\u00a07 au jeudi 10\u00a0juillet, d\u00e8s 22h45, le trafic est interrompu entre Gare du Nord et A\u00e9roport Charles de Gaulle 2 \u2013 TGV via Mitry \u2013 Claye en raison de travaux d\u2019entretien. Bus de remplacement. Week-end du 12,13 et 14\u00a0juillet, changement de train n\u00e9cessaire en Gare du Nord, entre les voies souterraines et les voies de surface.<\/li>\n<li><strong>RER C<\/strong>\u2009: jusqu\u2019au 31\u00a0juillet, l\u2019arr\u00eat n\u2019est pas desservi \u00e0 Issy vers Massy \u2013 Palaiseau, Saint-Martin d\u2019\u00c9tampes et Dourdan la For\u00eat en raison de mesures de s\u00e9curit\u00e9. Dimanche 13\u00a0juillet, le trafic est interrompu entre Dourdan et Paris Austerlitz, \u2013 et entre Saint-Martin d\u2019Etampes et Paris Austerlitz. Service de bus en place. Travaux. Du lundi\u00a07 au vendredi 11\u00a0juillet, le trafic est interrompu ente Paris Austerlitz et Juvisy via Choisy le Roi \u00e0 partir de 23\u00a0heures. Un service de bus de remplacement est mis en place. Motif\u2009: Travaux sur le r\u00e9seau ferroviaire. Du lundi\u00a07 au vendredi 11\u00a0juillet, le trafic est interrompu entre Avenue Henri Martin et Pontoise \u00e0 partir de 23\u00a0heures. \u2013 Dernier train au d\u00e9part d\u2019Avenue Henri Martin. Lignes de bus de ville ou bus de remplacement. Du lundi\u00a07 au vendredi 11\u00a0juillet, le trafic est interrompu entre Paris Austerlitz et Pont de Rungis \u00e0 partir de 23\u00a0heures. Report\u2009: Lignes du M\u00e9tro, Tramways et lignes de bus de ville. Du lundi\u00a07 au vendredi 11\u00a0juillet, le trafic est interrompu de Javel \u00e0 St-Quentin en Yvelines \u00e0 partir de 23h30. Nature des travaux\u2009: Travaux sur le r\u00e9seau ferroviaire. Du 7 au 11\u00a0juillet, le trafic est interrompu entre Versailles Ch\u00e2teau Rive Gauche et Javel \u00e0 partir de 23h30. Report sur la ligne N ou les lignes de bus de ville 169,171 Nature des travaux\u2009: Travaux sur le r\u00e9seau ferroviaire. Samedi\u00a012 et dimanche 13\u00a0juillet, le trafic est interrompu entre Massy-Palaiseau et Pont de Rungis. Un service de bus de remplacement est mis en place, avec desserte des gares interm\u00e9diaires. Motif\u2009: Cr\u00e9ation d\u2019une voie d\u00e9di\u00e9e aux TGV<\/li>\n<li><strong>RER D<\/strong>\u2009: samedi\u00a012 et dimanche 13\u00a0juillet, le trafic est interrompu entre Combs-la-Ville \u2013 Quincy et Melun. Un service de bus de remplacement est mis en place, avec desserte des gares interm\u00e9diaires. Motif\u2009: travaux sur le r\u00e9seau ferroviaire. Du lundi\u00a07 au dimanche 13\u00a0juillet, le trafic est interrompu entre Creil et Paris Gare du Nord d\u00e8s 23h35. Un service de bus de remplacement est mis en place. Motif\u2009: travaux sur le r\u00e9seau ferroviaire. Du lundi\u00a07 au vendredi 11\u00a0juillet, le trafic est interrompu entre Villeneuve S Georges et Corbeil-Essonnes. Un service de bus de remplacement est mis en place Motif\u2009: travaux sur le r\u00e9seau. Du lundi\u00a07 au vendredi 11\u00a0juillet \u00e0 partir de 23h20, le trafic est interrompu entre Gare du Nord et Creil en raison de travaux. Bus de remplacement. Du lundi\u00a07 au vendredi 11\u00a0juillet, de 9h30 \u00e0 16h30, le trafic est all\u00e9g\u00e9 entre Combs-la-Ville \u2013 Quincy et Melun, seul un train sur deux en circulation. Motif\u2009: travaux sur le r\u00e9seau ferroviaire. Vendredi 11\u00a0juillet, le trafic est interrompu entre Combs-la-Ville \u2013 Quincy et Melun d\u00e8s 22h30. Un service de bus de remplacement est mis en place. Motif\u2009: travaux sur le r\u00e9seau ferroviaire. Du samedi\u00a012 au lundi 14\u00a0juillet. Le trafic est interrompu entre Paris Gare de Lyon et Paris Gare du Nord. La gare de Stade de France n\u2019est pas desservie. Bus en place. Travaux. Du lundi\u00a07 au vendredi 11\u00a0juillet, apr\u00e8s 23h, les trains ne marquent pas l\u2019arr\u00eat \u00e0 Maisons-Alfort, Vert de Maisons, Cr\u00e9teil Pompadour et Villeneuve-Triage dans les deux sens de circulation. Motif\u2009: travaux.<\/li>\n<li><strong>RER E<\/strong>\u2009: le lundi\u00a07 et mardi 8\u00a0juillet, \u00e0 partir de 20h00, entre Nanterre-La-Folie et Tournan \u2013 \u00e0 partir de 22h30, entre Nanterre-La-Folie et Villiers-sur-Marne \u2013 Le Plessis-Tr\u00e9vise en raison de travaux. M\u00eame chose du mercredi\u00a09 au vendredi 11\u00a0juillet. Samedi\u00a012 et dimanche 13\u00a0juillet, \u00e0 partir de 22h25, le trafic est interrompu entre Nanterre-la-Folie et Villiers-sur-Marne \u2013 Le Plessis-Tr\u00e9vise et entre Nanterre-la-Folie et Tournan en raison de travaux. Samedi\u00a012 et dimanche 13\u00a0juillet, \u00e0 partir de 22h45, le trafic est interrompu entre Nanterre-la-Folie et Chelles Gournay. Motif\u2009: travaux. Bus en place.<\/li>\n<\/ul>\n<p>Transilien<\/p>\n<ul class=\" wall-content\">\n<li><strong>Ligne H<\/strong>\u2009: du lundi\u00a07 au vendredi 11\u00a0juillet, le trafic est interrompu entre Paris Gare du Nord et Pontoise en soir\u00e9e. Bus de remplacement Motif\u2009: travaux sur le r\u00e9seau ferroviaire. M\u00eame chose entre Paris Gare du Nord et Persan \u2013 Beaumont via Montsoult \u2013 Maffliers. Bus de remplacement \u00e0 GDN (travaux). M\u00eame chose ce samedi\u00a012 et dimanche 13\u00a0juillet toute la journ\u00e9e entre Persan \u2013 Beaumont et Creil. Un service de bus de remplacement est mis en place, avec desserte des gares interm\u00e9diaires. Motif\u2009: travaux sur le r\u00e9seau ferroviaire. Du lundi\u00a07 au vendredi 11\u00a0juillet, en soir\u00e9e, le trafic est interrompu entre Paris Gare du Nord et Persan \u2013 Beaumont via Valmondois. Bus de remplacement (dalle routi\u00e8re de Paris Nord). Motif\u2009: travaux sur le r\u00e9seau ferroviaire.<\/li>\n<li><strong>Ligne J<\/strong>\u2009: du lundi\u00a07 au vendredi 11\u00a0juillet, le trafic est interrompu entre Paris Saint-Lazare et Mantes la Jolie via Poissy \u00e0 partir de 21h40 en raison de travaux. Bus en place. Les deux derniers trains au d\u00e9part de Paris Saint-Lazare et \u00e0 destination de Mantes la Jolie via Conflans Sainte-Honorine sont terminus en gare de Issou Porcheville. Du lundi\u00a07 au vendredi 11\u00a0juillet, les deux derniers trains au d\u00e9part de Paris Saint-Lazare et \u00e0 destination de Mantes la Jolie via Conflans Sainte-Honorine sont terminus en gare de Issou Porcheville. Un service de bus de remplacement est mis en place entre Issou Porcheville et Mantes la Jolie, avec desserte des gares interm\u00e9diaires en raison de travaux.<\/li>\n<li><strong>Ligne K<\/strong>\u2009: du lundi\u00a07 au dimanche 13\u00a0juillet, le trafic est interrompu entre Paris Gare du Nord et Cr\u00e9py-en-Valois en soir\u00e9e. Du samedi\u00a012 au lundi 14\u00a0juillet, le trafic est interrompu entre Paris Gare du Nord et Aulnay-sous-Bois. Veuillez emprunter le RER B entre Paris Gare du Nord et Aulnay-sous-Bois puis un train de la ligne K entre Aulnay-sous-Bois et Cr\u00e9py en Valois. Motif\u2009: travaux sur le r\u00e9seau ferroviaire.<\/li>\n<li><strong>Ligne N<\/strong>\u2009: du lundi\u00a07 au vendredi 11\u00a0juillet, le trafic est interrompu de Paris Montparnasse vers Mantes-la-Jolie \u00e0 partir de 21\u00a0heures. Travaux. M\u00eame chose entre Paris Montparnasse vers Rambouillet \u00e0 partir de 0h35. M\u00eame chose entre Paris Montparnasse et Dreux \u00e0 partir de 22\u00a0heures.<\/li>\n<li><strong>Ligne P<\/strong>\u2009: du lundi\u00a07 au vendredi 11\u00a0juillet, \u00e0 partir de 20h45, le trafic est interrompu entre Paris Est et Provins. Du lundi\u00a07 au dimanche 13\u00a0juillet, le trafic est interrompu entre Paris Est et Ch\u00e2teau-Thierry \u00e0 partir de 22\u00a0heures. Motif\u2009: travaux. Samedi\u00a012 et dimanche 13\u00a0juillet, \u00e0 partir de 23\u00a0heures, le trafic est interrompu entre Paris Est et Ch\u00e2teau-Thierry. Bus en place. Travaux. Samedi\u00a012 et dimanche 13\u00a0juillet, \u00e0 partir de 22h30, le trafic est interrompu entre Paris Est et Coulommiers. Motif\u2009: travaux. Du lundi\u00a07 au vendredi 11\u00a0juillet, 22h20 \u00e0 02h50, le trafic est interrompu entre Paris Est et Meaux. Motif\u2009: travaux.<\/li>\n<li><strong>Ligne R<\/strong>\u2009: du lundi au vendredi, e trafic est interrompu entre Moret Veneux les S. et Montargis \u00e0 partir de minuit. Bus en place.<\/li>\n<li><strong>Ligne V<\/strong>\u2009: samedi\u00a012 et dimanche 13\u00a0juillet Le trafic est interrompu sur l\u2019ensemble de la ligne V. Mise en place d\u2019un service de bus de remplacement. Nature des travaux. Travaux sur le r\u00e9seau ferroviaire.<\/li>\n<\/ul>\n<p>Tramway<\/p>\n<ul class=\" wall-content\">\n<li><strong>T1<\/strong>\u2009: le trafic est interrompu\u00a0entre Asni\u00e8res \u2013 Quatre Routes et Gare de Saint-Denis\u00a0et perturb\u00e9 sur le reste de la ligne\u00a0en raison d\u2019une d\u00e9gradation par un tiers\u00a0\u00e0 L\u2019\u00cele-Saint-Denis.\u00a0Pas de reprise pr\u00e9vue jusqu\u2019\u00e0 nouvel ordre.<\/li>\n<li><strong>T2<\/strong>\u2009: jusqu\u2019au\u00a02\u00a0novembre 2025, le trafic est interrompu\u00a0entre\u00a0Porte de Versailles\u00a0et\u00a0Suzanne Lenglen\u00a0en raison d\u2019importants travaux de modernisation.<br \/>Pour rejoindre la Porte de Versailles, depuis Suzanne Lenglen, rejoindre \u00e0 pied la station Balard du T3a.<\/li>\n<li><strong>T12<\/strong>\u2009: du samedi\u00a012 au dimanche 13\u00a0juillet, le trafic est interrompu entre Massy-Palaiseau et \u00c9pinay-sur-Orge. Un service de bus de remplacement est mis en place, avec desserte des gares interm\u00e9diaires. Motif\u2009: travaux Grand Paris Express pour le M\u00e9tro 18.<\/li>\n<\/ul>\n<p>Vid\u00e9os : en ce moment sur Actu<\/p>\n<p class=\" wall-content\">Suivez toute l\u2019actualit\u00e9 de vos villes et m\u00e9dias favoris en vous inscrivant \u00e0 <a href=\"https:\/\/moncompte.actu.fr\" title=\"D\u00e9couvez Mon Actu\" rel=\"nofollow noopener\" data-trk=\"{&quot;cta&quot;:{&quot;action&quot;:&quot;https:\\\/\\\/moncompte.actu.fr&quot;,&quot;category&quot;:&quot;mon compte&quot;,&quot;from&quot;:&quot;article footer&quot;,&quot;name&quot;:&quot;Mon actu&quot;,&quot;type&quot;:&quot;cta&quot;}}\" target=\"_blank\">Mon Actu<\/a>.<\/p>\n","protected":false},"excerpt":{"rendered":"Par Antoine Grotteria Publi\u00e9 le 6 juil. 2025 \u00e0 17h00 Difficile d\u2019y \u00e9chapper. Les vacances estivales ont d\u00e9marr\u00e9.&hellip;\n","protected":false},"author":2,"featured_media":230672,"comment_status":"","ping_status":"","sticky":false,"template":"","format":"standard","meta":{"footnotes":""},"categories":[1888],"tags":[11,1777,674,1011,27,12,626,625,25,2215,104,2803],"class_list":{"0":"post-230671","1":"post","2":"type-post","3":"status-publish","4":"format-standard","5":"has-post-thumbnail","7":"category-paris","8":"tag-actualites","9":"tag-eu","10":"tag-europe","11":"tag-fr","12":"tag-france","13":"tag-news","14":"tag-paris","15":"tag-ratp","16":"tag-republique-francaise","17":"tag-sncf","18":"tag-societe","19":"tag-transport"},"share_on_mastodon":{"url":"https:\/\/pubeurope.com\/@fr\/114806902235887345","error":""},"_links":{"self":[{"href":"https:\/\/www.europesays.com\/fr\/wp-json\/wp\/v2\/posts\/230671","targetHints":{"allow":["GET"]}}],"collection":[{"href":"https:\/\/www.europesays.com\/fr\/wp-json\/wp\/v2\/posts"}],"about":[{"href":"https:\/\/www.europesays.com\/fr\/wp-json\/wp\/v2\/types\/post"}],"author":[{"embeddable":true,"href":"https:\/\/www.europesays.com\/fr\/wp-json\/wp\/v2\/users\/2"}],"replies":[{"embeddable":true,"href":"https:\/\/www.europesays.com\/fr\/wp-json\/wp\/v2\/comments?post=230671"}],"version-history":[{"count":0,"href":"https:\/\/www.europesays.com\/fr\/wp-json\/wp\/v2\/posts\/230671\/revisions"}],"wp:featuredmedia":[{"embeddable":true,"href":"https:\/\/www.europesays.com\/fr\/wp-json\/wp\/v2\/media\/230672"}],"wp:attachment":[{"href":"https:\/\/www.europesays.com\/fr\/wp-json\/wp\/v2\/media?parent=230671"}],"wp:term":[{"taxonomy":"category","embeddable":true,"href":"https:\/\/www.europesays.com\/fr\/wp-json\/wp\/v2\/categories?post=230671"},{"taxonomy":"post_tag","embeddable":true,"href":"https:\/\/www.europesays.com\/fr\/wp-json\/wp\/v2\/tags?post=230671"}],"curies":[{"name":"wp","href":"https:\/\/api.w.org\/{rel}","templated":true}]}}