{"id":230679,"date":"2025-07-06T15:07:11","date_gmt":"2025-07-06T15:07:11","guid":{"rendered":"https:\/\/www.europesays.com\/fr\/230679\/"},"modified":"2025-07-06T15:07:11","modified_gmt":"2025-07-06T15:07:11","slug":"en-amerique-latine-lheure-du-choix-entre-washington-et-pekin-sonne","status":"publish","type":"post","link":"https:\/\/www.europesays.com\/fr\/230679\/","title":{"rendered":"En Am\u00e9rique latine, l\u2019heure du choix entre Washington et P\u00e9kin sonn\u00e9"},"content":{"rendered":"\n<p>Cinq cents\u00a0milliards de dollars. C\u2019est le montant record atteint par les \u00e9changes commerciaux entre la Chine et l\u2019Am\u00e9rique latine en 2024. Une progression historique, r\u00e9v\u00e9latrice d\u2019un potentiel basculement g\u00e9opolitique et commercial.<\/p>\n<p>Depuis l\u2019arriv\u00e9e de Donald Trump \u00e0 la Maison-Blanche, et plus encore apr\u00e8s la salve de menaces de taxes douani\u00e8res adress\u00e9es \u00e0 de nombreux pays d\u2019Am\u00e9rique latine, P\u00e9kin acc\u00e9l\u00e8re sa strat\u00e9gie d\u2019influence sur le continent.<\/p>\n<p>\u00c0 Washington, les chercheurs du Centre d\u2019\u00e9tudes strat\u00e9giques et internationales,<a class=\"ithalc\" data-ithal=\"lien_externe\" data-ithalc=\"[nav_article]\" target=\"_blank\" href=\"https:\/\/www.vozdeamerica.com\/a\/china-america-latina-nuevo-capitulo-guerra-influencias\/7979164.html\" rel=\"noopener\"> cit\u00e9s par <strong>Voz de Am\u00e9rica<\/strong><\/a><strong>,<\/strong> estiment que cette \u00e9volution marque une \u201ctransformation du paysage g\u00e9opolitique dans la r\u00e9gion\u201d, en \u00e9cho \u00e0 l\u2019\u00e9mergence d\u2019un \u201cnouveau r\u00e9seau d\u2019interactions \u00e9conomiques\u201d qui remet en question la traditionnelle pr\u00e9dominance des \u00c9tats-Unis. Au point que, en avril, Trump sommait d\u00e9j\u00e0 les pays sud-am\u00e9ricains de \u201cchoisir\u201d entre Washington et P\u00e9kin, <a class=\"ithalc\" data-ithal=\"lien_externe\" data-ithalc=\"[nav_article]\" target=\"_blank\" href=\"https:\/\/www.connectas.org\/analisis\/america-latina-entre-china-eeuu\/\" rel=\"noopener\">rappelle <strong>Connectas<\/strong><\/a><strong>.<\/strong><\/p>\n<p><a class=\"ithalc\" data-ithal=\"lien_externe\" data-ithalc=\"[nav_article]\" target=\"_blank\" href=\"https:\/\/cnnespanol.cnn.com\/2025\/05\/28\/latinoamerica\/china-america-latina-vacio-dejado-washington-orix\" rel=\"noopener\">Interrog\u00e9 par <strong>CNN<\/strong><\/a><strong>,<\/strong> le directeur du Centre d\u2019\u00e9tudes sino-latino-am\u00e9ricaines, Enrique Dussel Peters, confirme l\u2019\u00e9volution en cours\u00a0:<\/p>\n<blockquote><p>\u201cNous sommes face \u00e0 un nouveau triangle g\u00e9opolitique, avec deux grandes puissances aux extr\u00e9mit\u00e9s, et des pays tiers contraints de se positionner.\u201d<\/p><\/blockquote>\n<p> Investissements en s\u00e9rie <\/p>\n<p>Parmi les virages les plus notables figure celui de la Colombie, pr\u00e9c<\/p>\n","protected":false},"excerpt":{"rendered":"Cinq cents\u00a0milliards de dollars. C\u2019est le montant record atteint par les \u00e9changes commerciaux entre la Chine et l\u2019Am\u00e9rique&hellip;\n","protected":false},"author":2,"featured_media":230680,"comment_status":"","ping_status":"","sticky":false,"template":"","format":"standard","meta":{"footnotes":""},"categories":[1589],"tags":[11,3822,6060,19362,309,9395,73,1866,1892,12,6471,770,1864,1865,1863,308],"class_list":{"0":"post-230679","1":"post","2":"type-post","3":"status-publish","4":"format-standard","5":"has-post-thumbnail","7":"category-etats-unis","8":"tag-actualites","9":"tag-amu00e9riques","10":"tag-asie","11":"tag-bru00e9sil","12":"tag-chine","13":"tag-colombie","14":"tag-etats-unis","15":"tag-etats-unis-damerique","16":"tag-gu00e9opolitique","17":"tag-news","18":"tag-panama","19":"tag-u00e9tats-unis","20":"tag-united-states","21":"tag-united-states-of-america","22":"tag-us","23":"tag-usa"},"share_on_mastodon":{"url":"https:\/\/pubeurope.com\/@fr\/114806917937614756","error":""},"_links":{"self":[{"href":"https:\/\/www.europesays.com\/fr\/wp-json\/wp\/v2\/posts\/230679","targetHints":{"allow":["GET"]}}],"collection":[{"href":"https:\/\/www.europesays.com\/fr\/wp-json\/wp\/v2\/posts"}],"about":[{"href":"https:\/\/www.europesays.com\/fr\/wp-json\/wp\/v2\/types\/post"}],"author":[{"embeddable":true,"href":"https:\/\/www.europesays.com\/fr\/wp-json\/wp\/v2\/users\/2"}],"replies":[{"embeddable":true,"href":"https:\/\/www.europesays.com\/fr\/wp-json\/wp\/v2\/comments?post=230679"}],"version-history":[{"count":0,"href":"https:\/\/www.europesays.com\/fr\/wp-json\/wp\/v2\/posts\/230679\/revisions"}],"wp:featuredmedia":[{"embeddable":true,"href":"https:\/\/www.europesays.com\/fr\/wp-json\/wp\/v2\/media\/230680"}],"wp:attachment":[{"href":"https:\/\/www.europesays.com\/fr\/wp-json\/wp\/v2\/media?parent=230679"}],"wp:term":[{"taxonomy":"category","embeddable":true,"href":"https:\/\/www.europesays.com\/fr\/wp-json\/wp\/v2\/categories?post=230679"},{"taxonomy":"post_tag","embeddable":true,"href":"https:\/\/www.europesays.com\/fr\/wp-json\/wp\/v2\/tags?post=230679"}],"curies":[{"name":"wp","href":"https:\/\/api.w.org\/{rel}","templated":true}]}}