{"id":230683,"date":"2025-07-06T15:09:10","date_gmt":"2025-07-06T15:09:10","guid":{"rendered":"https:\/\/www.europesays.com\/fr\/230683\/"},"modified":"2025-07-06T15:09:10","modified_gmt":"2025-07-06T15:09:10","slug":"allemagne-deux-morts-dans-un-accident-avec-une-trottinette-electrique","status":"publish","type":"post","link":"https:\/\/www.europesays.com\/fr\/230683\/","title":{"rendered":"Allemagne : deux morts dans un accident avec une trottinette \u00e9lectrique"},"content":{"rendered":"<p>\t\t\t\t Deux jeunes hommes de 23 ans sont morts et un autre a \u00e9t\u00e9 gri\u00e8vement bless\u00e9 apr\u00e8s qu\u2019une voiture a percut\u00e9 deux trottinettes \u00e9lectriques dans la nuit de samedi \u00e0 dimanche \u00e0 Francfort-sur-le-Main, dans l\u2019ouest de l\u2019Allemagne, a indiqu\u00e9 la police.<\/p>\n<p>Selon les autorit\u00e9s, le conducteur, \u00e2g\u00e9 de 23 ans, a quitt\u00e9 pour une raison encore inconnue la chauss\u00e9e pour monter sur une piste cyclable, o\u00f9 il a d\u2019abord heurt\u00e9 une premi\u00e8re trottinette \u00e9lectrique transportant deux hommes du m\u00eame \u00e2ge.<\/p>\n<p>L\u2019un est d\u00e9c\u00e9d\u00e9 sur place, son fr\u00e8re jumeau est mort plus tard \u00e0 l\u2019h\u00f4pital. Une deuxi\u00e8me trottinette \u00e9lectrique, conduit par un homme de 27 ans, a \u00e9galement \u00e9t\u00e9 percut\u00e9e et tra\u00een\u00e9e sur plusieurs m\u00e8tres. Ce dernier a \u00e9t\u00e9 hospitalis\u00e9 dans un \u00e9tat grave.<\/p>\n<p>Le conducteur de la voiture avait pris la fuite avant de se rendre de lui-m\u00eame \u00e0 la police peu apr\u00e8s les faits.<\/p>\n<p>En 2024, le nombre d\u2019usagers d\u2019engins de d\u00e9placement personnel motoris\u00e9s (trottinettes \u00e9lectriques, gyropodes, etc.) a caus\u00e9 26 morts et 10 802 bless\u00e9s en Allemagne, selon l\u2019office statistique Destatis.<\/p>\n","protected":false},"excerpt":{"rendered":"Deux jeunes hommes de 23 ans sont morts et un autre a \u00e9t\u00e9 gri\u00e8vement bless\u00e9 apr\u00e8s qu\u2019une voiture&hellip;\n","protected":false},"author":2,"featured_media":230684,"comment_status":"","ping_status":"","sticky":false,"template":"","format":"standard","meta":{"footnotes":""},"categories":[1587],"tags":[11,672,1804,1805,1803,1777,674,1801,12,1802],"class_list":{"0":"post-230683","1":"post","2":"type-post","3":"status-publish","4":"format-standard","5":"has-post-thumbnail","7":"category-allemagne","8":"tag-actualites","9":"tag-allemagne","10":"tag-bundesrepublik-deutschland","11":"tag-de","12":"tag-deutschland","13":"tag-eu","14":"tag-europe","15":"tag-germany","16":"tag-news","17":"tag-republique-federale-dallemagne"},"share_on_mastodon":{"url":"https:\/\/pubeurope.com\/@fr\/114806925845851119","error":""},"_links":{"self":[{"href":"https:\/\/www.europesays.com\/fr\/wp-json\/wp\/v2\/posts\/230683","targetHints":{"allow":["GET"]}}],"collection":[{"href":"https:\/\/www.europesays.com\/fr\/wp-json\/wp\/v2\/posts"}],"about":[{"href":"https:\/\/www.europesays.com\/fr\/wp-json\/wp\/v2\/types\/post"}],"author":[{"embeddable":true,"href":"https:\/\/www.europesays.com\/fr\/wp-json\/wp\/v2\/users\/2"}],"replies":[{"embeddable":true,"href":"https:\/\/www.europesays.com\/fr\/wp-json\/wp\/v2\/comments?post=230683"}],"version-history":[{"count":0,"href":"https:\/\/www.europesays.com\/fr\/wp-json\/wp\/v2\/posts\/230683\/revisions"}],"wp:featuredmedia":[{"embeddable":true,"href":"https:\/\/www.europesays.com\/fr\/wp-json\/wp\/v2\/media\/230684"}],"wp:attachment":[{"href":"https:\/\/www.europesays.com\/fr\/wp-json\/wp\/v2\/media?parent=230683"}],"wp:term":[{"taxonomy":"category","embeddable":true,"href":"https:\/\/www.europesays.com\/fr\/wp-json\/wp\/v2\/categories?post=230683"},{"taxonomy":"post_tag","embeddable":true,"href":"https:\/\/www.europesays.com\/fr\/wp-json\/wp\/v2\/tags?post=230683"}],"curies":[{"name":"wp","href":"https:\/\/api.w.org\/{rel}","templated":true}]}}