{"id":230685,"date":"2025-07-06T15:10:13","date_gmt":"2025-07-06T15:10:13","guid":{"rendered":"https:\/\/www.europesays.com\/fr\/230685\/"},"modified":"2025-07-06T15:10:13","modified_gmt":"2025-07-06T15:10:13","slug":"a-deux-heures-de-lille-cette-ville-est-lun-des-10-plus-beaux-endroits-deurope-selon-un-media-americain","status":"publish","type":"post","link":"https:\/\/www.europesays.com\/fr\/230685\/","title":{"rendered":"A deux heures de Lille, cette ville est l&rsquo;un des 10 plus beaux endroits d&rsquo;Europe selon un m\u00e9dia am\u00e9ricain"},"content":{"rendered":"<p>            Par<br \/>\n        <strong><br \/>\n            <a href=\"https:\/\/actu.fr\/auteur\/nicolas-demollien\" title=\"Consulter tous les articles de Nicolas Demollien\" rel=\"nofollow noopener\" target=\"_blank\">Nicolas Demollien<\/a><br \/>\n        <\/strong><\/p>\n<p>        Publi\u00e9 le<\/p>\n<p>            6 juil. 2025 \u00e0 16h46        <\/p>\n<p>Si vous ne connaissez pas ce lieu, il est <b>\u00e0 visiter absolument<\/b> ! A deux heures de <a href=\"https:\/\/actu.fr\/hauts-de-france\/lille_59350\" rel=\"nofollow noopener\" target=\"_blank\">Lille<\/a> (Nord), en effet, se trouve l\u2019<b>un des 10 plus beaux endroits d\u2019Europe<\/b> selon un <b>tr\u00e8s s\u00e9rieux m\u00e9dia am\u00e9ricain<\/b>.<\/p>\n<p>L\u2019un des plus beaux endroits d\u2019Europe \u00e0 deux heures de Lille<\/p>\n<p class=\" wall-content\">Ce lieu, c\u2019est une ville en <a href=\"https:\/\/actu.fr\/tag\/belgique\" rel=\"nofollow noopener\" target=\"_blank\">Belgique<\/a> : <b>Dinant<\/b>. Le m\u00e9dia am\u00e9ricain Travel + Leisure vient ainsi de le classer \u00e0 la<b> sixi\u00e8me position<\/b> d\u2019un <a href=\"https:\/\/www.travelandleisure.com\/most-beautiful-places-in-europe-11735097\" rel=\"nofollow noopener\" target=\"_blank\">classement des \u00ab\u00a020 plus beaux endroits d\u2019Europe\u00a0\u00bb<\/a>. Pour \u00e9tablir ce classement annuel, le m\u00e9dia assure s\u2019\u00eatre entour\u00e9 d\u2019un r\u00e9seau d\u2019experts. On notera que la France n\u2019y appara\u00eet qu\u2019une seule fois avec <a href=\"https:\/\/actu.fr\/auvergne-rhone-alpes\/annecy_74010\" rel=\"nofollow noopener\" target=\"_blank\">Annecy<\/a>.<\/p>\n<p class=\" wall-content\">Mais Dinant a bien des arguments \u00e0 faire valoir, \u00e0 commencer par ses paysages et son patrimoine, appr\u00e9ci\u00e9s dans le monde entier.<\/p>\n<p class=\" wall-content\">\u00ab\u00a0Dinant enchante par son incroyable photog\u00e9nie. Dress\u00e9e <b>au c\u0153ur de la roche, caress\u00e9e par la Meuse et surplomb\u00e9e de sa citadelle<\/b>, sa beaut\u00e9 n\u2019a d\u2019\u00e9gal que son incroyable histoire. Visiter Dinant, c\u2019est se plonger dans l\u2019histoire et faire surface dans une ville o\u00f9 il fait bon vivre\u00a0\u00bb, explique-t-on du c\u00f4t\u00e9 de l\u2019office de tourisme des Ardennes.<\/p>\n<p class=\" wall-content\">Vous pourrez y visiter, au gr\u00e9 de vos envie, la citadelle, la coll\u00e9giale Notre-Dame, la Maison de Monsieur Sax (inventeur du saxophone) ou les c\u00e9l\u00e8bres grottes. De quoi passer d\u2019excellents moments !<\/p>\n<p>Vid\u00e9os : en ce moment sur Actu<br \/>\n    <a href=\"https:\/\/www.facebook.com\/plugins\/post.php?href=https%3A%2F%2Fwww.facebook.com%2Factivitesbelgique%2Fposts%2Fpfbid03qWtmj6iJS6wNQ7FdvYG5i1CRmAbjsVe9FhDqDmy3qzGd3SLKwS2snqJtD4E8RFLl&amp;show_text=true&amp;width=350\" title=\"Ouvrie le lien\" rel=\"nofollow noopener\" target=\"_blank\">Cliquez ici pour visualiser le contenu<\/a><\/p>\n<p class=\" wall-content\">Plus d\u2019infos sur Dinant sur le site <a href=\"https:\/\/www.visitardenne.com\/fr\/le-meilleur-de-lardenne\/destinations-incontournables\/les-city-break\/dinant-visite\" rel=\"nofollow noopener\" target=\"_blank\">visitardenne.com<\/a><\/p>\n<p class=\" wall-content\">Suivez toute l\u2019actualit\u00e9 de vos villes et m\u00e9dias favoris en vous inscrivant \u00e0 <a href=\"https:\/\/moncompte.actu.fr\" title=\"D\u00e9couvez Mon Actu\" rel=\"nofollow noopener\" data-trk=\"{&quot;cta&quot;:{&quot;action&quot;:&quot;https:\\\/\\\/moncompte.actu.fr&quot;,&quot;category&quot;:&quot;mon compte&quot;,&quot;from&quot;:&quot;article footer&quot;,&quot;name&quot;:&quot;Mon actu&quot;,&quot;type&quot;:&quot;cta&quot;}}\" target=\"_blank\">Mon Actu<\/a>.<\/p>\n","protected":false},"excerpt":{"rendered":"Par Nicolas Demollien Publi\u00e9 le 6 juil. 2025 \u00e0 16h46 Si vous ne connaissez pas ce lieu, il&hellip;\n","protected":false},"author":2,"featured_media":230686,"comment_status":"","ping_status":"","sticky":false,"template":"","format":"standard","meta":{"footnotes":""},"categories":[1586],"tags":[11,828,1777,674,1011,27,1652,12,25,602],"class_list":{"0":"post-230685","1":"post","2":"type-post","3":"status-publish","4":"format-standard","5":"has-post-thumbnail","7":"category-europe","8":"tag-actualites","9":"tag-belgique","10":"tag-eu","11":"tag-europe","12":"tag-fr","13":"tag-france","14":"tag-loisirs-culture","15":"tag-news","16":"tag-republique-francaise","17":"tag-tourisme"},"share_on_mastodon":{"url":"https:\/\/pubeurope.com\/@fr\/114806929772944492","error":""},"_links":{"self":[{"href":"https:\/\/www.europesays.com\/fr\/wp-json\/wp\/v2\/posts\/230685","targetHints":{"allow":["GET"]}}],"collection":[{"href":"https:\/\/www.europesays.com\/fr\/wp-json\/wp\/v2\/posts"}],"about":[{"href":"https:\/\/www.europesays.com\/fr\/wp-json\/wp\/v2\/types\/post"}],"author":[{"embeddable":true,"href":"https:\/\/www.europesays.com\/fr\/wp-json\/wp\/v2\/users\/2"}],"replies":[{"embeddable":true,"href":"https:\/\/www.europesays.com\/fr\/wp-json\/wp\/v2\/comments?post=230685"}],"version-history":[{"count":0,"href":"https:\/\/www.europesays.com\/fr\/wp-json\/wp\/v2\/posts\/230685\/revisions"}],"wp:featuredmedia":[{"embeddable":true,"href":"https:\/\/www.europesays.com\/fr\/wp-json\/wp\/v2\/media\/230686"}],"wp:attachment":[{"href":"https:\/\/www.europesays.com\/fr\/wp-json\/wp\/v2\/media?parent=230685"}],"wp:term":[{"taxonomy":"category","embeddable":true,"href":"https:\/\/www.europesays.com\/fr\/wp-json\/wp\/v2\/categories?post=230685"},{"taxonomy":"post_tag","embeddable":true,"href":"https:\/\/www.europesays.com\/fr\/wp-json\/wp\/v2\/tags?post=230685"}],"curies":[{"name":"wp","href":"https:\/\/api.w.org\/{rel}","templated":true}]}}