{"id":230699,"date":"2025-07-06T15:18:09","date_gmt":"2025-07-06T15:18:09","guid":{"rendered":"https:\/\/www.europesays.com\/fr\/230699\/"},"modified":"2025-07-06T15:18:09","modified_gmt":"2025-07-06T15:18:09","slug":"wimbledon-pavlyuchenkova-a-larbitre-cest-incroyable-vous-mavez-vole-le-jeu","status":"publish","type":"post","link":"https:\/\/www.europesays.com\/fr\/230699\/","title":{"rendered":"Wimbledon > Pavlyuchenkova \u00e0 l&rsquo;arbitre : \u00ab\u00a0C&rsquo;est incroyable. Vous m&rsquo;avez vol\u00e9 le jeu !\u00a0\u00bb"},"content":{"rendered":"<p>L\u2019arbitrage \u00e9lec\u00adtro\u00adnique n\u2019est pas infaillible. La preuve avec cet \u00e9norme litige lors du match entre Anastasia Pavlyuchenkova et Sonay Kartal en huiti\u00e8mes de finale de Wimbledon.\u00a0<\/p>\n<p>Alors que Pavlyuchenkova aurait d\u00fb remporter son jeu de service \u00e0 5\u20134 dans le premier set, une balle trop longue de son adver\u00adsaire n\u2019a pas \u00e9t\u00e9 annonc\u00e9e faute.\u00a0<\/p>\n<p>L\u2019arbitre a pris la d\u00e9ci\u00adsion de faire rejouer le point. Et Kartal a fina\u00adle\u00adment break\u00e9 son adver\u00adsaire quelques secondes plus tard, dans un moment forc\u00e9\u00adment crucial \u00e0 4\u20134 dans la premi\u00e8re manche.\u00a0<\/p>\n<blockquote class=\"twitter-tweet\">\n<p lang=\"en\" dir=\"ltr\">Replay the point because the elec\u00adtronic line calling system missed this return from Sonay Kartal being out. <\/p>\n<p>Anastasia Pavlyuchenkova thought she held for 5\u20134. <\/p>\n<p>Kartal serving for the set at 5\u20134 now \u2026 <\/p>\n<p>Ball was clearly out but a lot. <a href=\"https:\/\/t.co\/Ck1uh7eQot\" data-wpel-link=\"external\" target=\"_blank\" rel=\"nofollow external noopener\">pic.twitter.com\/Ck1uh7eQot<\/a><\/p>\n<p>\u2014 edgeAI (@edgeAIapp) <a href=\"https:\/\/twitter.com\/edgeAIapp\/status\/1941853095639601518?ref_src=twsrc%5Etfw\" data-wpel-link=\"external\" target=\"_blank\" rel=\"nofollow external noopener\">July 6,\u00a02025<\/a><\/p><\/blockquote>\n<p><strong>\u00ab\u202fC\u2019est incroyable. Vous m\u2019avez vol\u00e9 le jeu\u202f!\u202f\u00bb<\/strong>, a lanc\u00e9 Pavlyuchenkova \u00e0 l\u2019ar\u00adbitre lors du chan\u00adge\u00adment de\u00a0c\u00f4t\u00e9.\u00a0<\/p>\n<blockquote class=\"twitter-tweet\">\n<p lang=\"en\" dir=\"ltr\">\u00ab\u202fThey stole the game from me\u202f\u00bb, observes Pavlyuchenkova on the chan\u00adgeover.<br \/>She has a point.<\/p>\n<p>But she must turn the page and move on. <a href=\"https:\/\/t.co\/go6EdNJpRR\" data-wpel-link=\"external\" target=\"_blank\" rel=\"nofollow external noopener\">pic.twitter.com\/go6EdNJpRR<\/a><\/p>\n<p>\u2014 Stephanie Myles (@OpenCourt) <a href=\"https:\/\/twitter.com\/OpenCourt\/status\/1941853921724473751?ref_src=twsrc%5Etfw\" data-wpel-link=\"external\" target=\"_blank\" rel=\"nofollow external noopener\">July 6,\u00a02025<\/a><\/p><\/blockquote>\n<p>Si la Russe est parvenu \u00e0 d\u00e9breaker juste derri\u00e8re face \u00e0 son adver\u00adsaire britan\u00adnique, cette situa\u00adtion risque de faire parler.<\/p>\n<p class=\"post-published-date\" style=\"color: silver; font-size: 75%; text-align: left;\">Publi\u00e9 le dimanche 6 juillet 2025 \u00e0 15:47<\/p>\n<p><script async src=\"https:\/\/platform.twitter.com\/widgets.js\" charset=\"utf-8\"><\/script><\/p>\n","protected":false},"excerpt":{"rendered":"L\u2019arbitrage \u00e9lec\u00adtro\u00adnique n\u2019est pas infaillible. La preuve avec cet \u00e9norme litige lors du match entre Anastasia Pavlyuchenkova et&hellip;\n","protected":false},"author":2,"featured_media":230700,"comment_status":"","ping_status":"","sticky":false,"template":"","format":"standard","meta":{"footnotes":""},"categories":[1415],"tags":[1011,27,60,1467],"class_list":{"0":"post-230699","1":"post","2":"type-post","3":"status-publish","4":"format-standard","5":"has-post-thumbnail","7":"category-tennis","8":"tag-fr","9":"tag-france","10":"tag-sports","11":"tag-tennis"},"share_on_mastodon":{"url":"https:\/\/pubeurope.com\/@fr\/114806961329797830","error":""},"_links":{"self":[{"href":"https:\/\/www.europesays.com\/fr\/wp-json\/wp\/v2\/posts\/230699","targetHints":{"allow":["GET"]}}],"collection":[{"href":"https:\/\/www.europesays.com\/fr\/wp-json\/wp\/v2\/posts"}],"about":[{"href":"https:\/\/www.europesays.com\/fr\/wp-json\/wp\/v2\/types\/post"}],"author":[{"embeddable":true,"href":"https:\/\/www.europesays.com\/fr\/wp-json\/wp\/v2\/users\/2"}],"replies":[{"embeddable":true,"href":"https:\/\/www.europesays.com\/fr\/wp-json\/wp\/v2\/comments?post=230699"}],"version-history":[{"count":0,"href":"https:\/\/www.europesays.com\/fr\/wp-json\/wp\/v2\/posts\/230699\/revisions"}],"wp:featuredmedia":[{"embeddable":true,"href":"https:\/\/www.europesays.com\/fr\/wp-json\/wp\/v2\/media\/230700"}],"wp:attachment":[{"href":"https:\/\/www.europesays.com\/fr\/wp-json\/wp\/v2\/media?parent=230699"}],"wp:term":[{"taxonomy":"category","embeddable":true,"href":"https:\/\/www.europesays.com\/fr\/wp-json\/wp\/v2\/categories?post=230699"},{"taxonomy":"post_tag","embeddable":true,"href":"https:\/\/www.europesays.com\/fr\/wp-json\/wp\/v2\/tags?post=230699"}],"curies":[{"name":"wp","href":"https:\/\/api.w.org\/{rel}","templated":true}]}}