{"id":230706,"date":"2025-07-06T15:23:12","date_gmt":"2025-07-06T15:23:12","guid":{"rendered":"https:\/\/www.europesays.com\/fr\/230706\/"},"modified":"2025-07-06T15:23:12","modified_gmt":"2025-07-06T15:23:12","slug":"cdm-des-clubs-xabi-alonso-psg-real-madrid-un","status":"publish","type":"post","link":"https:\/\/www.europesays.com\/fr\/230706\/","title":{"rendered":"CdM des Clubs &#8211; Xabi Alonso : \u00ab\u00a0PSG \/ Real Madrid ? Un &#8230;"},"content":{"rendered":"<p><img width=\"780\" height=\"470\" src=\"https:\/\/www.europesays.com\/fr\/wp-content\/uploads\/2025\/07\/xabi-alonso-press-2507-g-1200-780x470.webp.webp\" class=\"attachment-jannah-image-post size-jannah-image-post wp-post-image\" alt=\"Xabi Alonso\" is_main_img=\"1\" decoding=\"async\" fetchpriority=\"high\"\/><\/p>\n<p>Apr\u00e8s son quart de finale de <strong>Coupe du Monde des<br \/>\nClubs<\/strong> remport\u00e9 face au <strong>Bayern Munich<\/strong>, le<br \/>\n<strong>PSG<\/strong> doit se tourner vers l\u2019\u00e9tape suivante. Cette<br \/>\nderni\u00e8re sera la 1\/2 finale face au <strong>Real Madrid<\/strong> ce<br \/>\nmercredi (21h sur DAZN) au <strong>MetLife Stadium<\/strong> de<br \/>\nNew-York.<\/p>\n<p>Apr\u00e8s le quart de finale entre le <strong>PSG<\/strong> et le<br \/>\n<strong>Bayern Munich<\/strong> en <strong>Coupe du Monde des<br \/>\nClubs<\/strong>, le <strong>Real Madrid<\/strong> s\u2019est d\u00e9fait du<br \/>\n<strong>Borussia Dortmund<\/strong> (3-2). Ainsi, les demi-finales<br \/>\nnous offriront un all\u00e9chant <strong>PSG \/ Real Madrid<\/strong> ce<br \/>\nmercredi 9 juillet (21h sur DAZN). Dans la foul\u00e9e de son<br \/>\nquart de finale, le nouveau coach madril\u00e8ne, <strong>Xabi<br \/>\nAlonso<\/strong> s\u2019est confi\u00e9 sur ce d\u00e9fi \u00e0 venir : \u00ab\u00a0Je<br \/>\npense qu\u2019en ce moment Luis Enrique transmet une \u00e9nergie tr\u00e8s<br \/>\npositive. Pratiquement depuis les huiti\u00e8mes de finale de la Ligue<br \/>\ndes Champions, le PSG est \u00e0 un tr\u00e8s haut niveau et ce sera un tr\u00e8s<br \/>\ngrand d\u00e9fi pour nous\u00ab\u00a0. Un grand d\u00e9fi pour lequel<br \/>\n<strong>Xabi Alonso<\/strong> affiche les ambitions madril\u00e8nes :<br \/>\n\u00ab\u00a0Maintenant, nous devons gagner la demi-finale. Esp\u00e9rons<br \/>\nque nous arriverons en finale, que nous nous am\u00e9liorerons et<br \/>\ngrandirons en tant qu\u2019\u00e9quipe. Nous en sommes beaucoup plus proches<br \/>\nmaintenant et nous allons continuer comme \u00e7a, le rythme est<br \/>\nbon\u00ab\u00a0.<\/p>\n<p><strong><a href=\"https:\/\/canal-supporters.com\/retour-de-notre-teeshirt-exclusif-paris-european-tour-25-avec-une-version-blanche\/\" target=\"_blank\" rel=\"noopener\"><br \/>\nA lire aussi : Retour de notre teeshirt exclusif \u00ab\u00a0Paris<br \/>\nEuropean Tour 25\u00a0\u00bb avec une version blanche !<\/a><\/strong><\/p>\n<p>canalsupporters.com<\/p>\n<p>Une des attractions de cette demi-finale de <strong>Coupe du<br \/>\nMonde des Clubs<\/strong> sera sans doute les retrouvailles entre<br \/>\n<strong>Kylian Mbapp\u00e9<\/strong> et le <strong>Paris<br \/>\nSaint-Germain<\/strong>. L\u2019attaquant fran\u00e7ais retrouve la forme peu<br \/>\n\u00e0 peu apr\u00e8s avoir \u00e9t\u00e9 victime d\u2019une gastro-ent\u00e9rite s\u00e9v\u00e8re et a<br \/>\nm\u00eame inscrit un joli but en quart de finale face au<br \/>\n<strong>BVB<\/strong> apr\u00e8s son entr\u00e9e en jeu. Le coach du<br \/>\n<strong>Real Madrid<\/strong> donne de ses nouvelles \u00e0 quatre jours<br \/>\ndu choc face \u00e0 son ancien club : \u00ab\u00a0Il va mieux, il n\u2019est<br \/>\npas encore \u00e0 100\u00a0% mais il s\u2019am\u00e9liore chaque jour. Il a<br \/>\nmaintenant quatre jours de plus\u00ab\u00a0.<\/p>\n<\/p>\n<p>YouTube : <a href=\"https:\/\/www.youtube.com\/watch?v=BF4QQD2XDgo\" target=\"_blank\" rel=\"noopener\">Canal Supporters<br \/>\nParis<\/a><\/p>\n","protected":false},"excerpt":{"rendered":"Apr\u00e8s son quart de finale de Coupe du Monde des Clubs remport\u00e9 face au Bayern Munich, le PSG&hellip;\n","protected":false},"author":2,"featured_media":230707,"comment_status":"","ping_status":"","sticky":false,"template":"","format":"standard","meta":{"footnotes":""},"categories":[1410],"tags":[36966,81,7151,63,1011,27,91,92,93,36967,60,96,12380],"class_list":{"0":"post-230706","1":"post","2":"type-post","3":"status-publish","4":"format-standard","5":"has-post-thumbnail","7":"category-football","8":"tag-1-2-finale-de-cdm-des-clubs","9":"tag-canal-supporters","10":"tag-coupe-du-monde-des-clubs","11":"tag-football","12":"tag-fr","13":"tag-france","14":"tag-paris-saint-germain","15":"tag-paris-sg","16":"tag-psg","17":"tag-psg-real-madrid","18":"tag-sports","19":"tag-une","20":"tag-xabi-alonso"},"share_on_mastodon":{"url":"https:\/\/pubeurope.com\/@fr\/114806981647781350","error":""},"_links":{"self":[{"href":"https:\/\/www.europesays.com\/fr\/wp-json\/wp\/v2\/posts\/230706","targetHints":{"allow":["GET"]}}],"collection":[{"href":"https:\/\/www.europesays.com\/fr\/wp-json\/wp\/v2\/posts"}],"about":[{"href":"https:\/\/www.europesays.com\/fr\/wp-json\/wp\/v2\/types\/post"}],"author":[{"embeddable":true,"href":"https:\/\/www.europesays.com\/fr\/wp-json\/wp\/v2\/users\/2"}],"replies":[{"embeddable":true,"href":"https:\/\/www.europesays.com\/fr\/wp-json\/wp\/v2\/comments?post=230706"}],"version-history":[{"count":0,"href":"https:\/\/www.europesays.com\/fr\/wp-json\/wp\/v2\/posts\/230706\/revisions"}],"wp:featuredmedia":[{"embeddable":true,"href":"https:\/\/www.europesays.com\/fr\/wp-json\/wp\/v2\/media\/230707"}],"wp:attachment":[{"href":"https:\/\/www.europesays.com\/fr\/wp-json\/wp\/v2\/media?parent=230706"}],"wp:term":[{"taxonomy":"category","embeddable":true,"href":"https:\/\/www.europesays.com\/fr\/wp-json\/wp\/v2\/categories?post=230706"},{"taxonomy":"post_tag","embeddable":true,"href":"https:\/\/www.europesays.com\/fr\/wp-json\/wp\/v2\/tags?post=230706"}],"curies":[{"name":"wp","href":"https:\/\/api.w.org\/{rel}","templated":true}]}}