{"id":230710,"date":"2025-07-06T15:25:12","date_gmt":"2025-07-06T15:25:12","guid":{"rendered":"https:\/\/www.europesays.com\/fr\/230710\/"},"modified":"2025-07-06T15:25:12","modified_gmt":"2025-07-06T15:25:12","slug":"voyage-dans-le-temps-au-pouldu-via-planete-gauguin","status":"publish","type":"post","link":"https:\/\/www.europesays.com\/fr\/230710\/","title":{"rendered":"Voyage dans le temps au Pouldu, via plan\u00e8te Gauguin"},"content":{"rendered":"<p>1 1886<\/p>\n<p>Paul Gauguin d\u00e9barque en Bretagne. C\u2019est au Pouldu, \u00e0 la Buvette de la Plage, que Gauguin pose ses valises. Il sera rejoint par S\u00e9rusier et d\u2019autres artistes et les murs de la modeste auberge deviendront le support de cr\u00e9ation des peintres. \u00ab\u00a0De ce passage, pour le grand public, peu de traces si ce n\u2019est la reconstitution de l\u2019auberge Marie Henry qui les avait accueillis. Si Tahiti et Pont-Aven restent les marqueurs les plus connus de la vie de Gauguin, c\u2019est ici au Pouldu qu\u2019il a nourri le projet de cr\u00e9er l\u2019atelier des peintres de Bretagne\u00a0\u00bb, a rappel\u00e9 le maire de Clohars-Carno\u00ebt, Jacques Juloux.<\/p>\n<p>2 19893 2011 \u00e0 20134 2017 \u00e0 20235 2025 6 2028<\/p>\n<p class=\"note\">(*) 4,49 M\u20ac sur les deux phases. Pour financer cette premi\u00e8re phase de travaux, de 3\u00a0457\u00a0377 \u20ac HT, les aides et subventions se montent \u00e0 2, 05 M\u20ac (59,5\u00a0% du montant total), avec un soutien de l\u2019\u00c9tat (460\u00a0000 \u20ac), la R\u00e9gion (481\u00a0300 \u20ac), le D\u00e9partement (460\u00a0000 \u20ac), Quimperl\u00e9 communaut\u00e9 (460\u00a0000 \u20ac, les Fonds europ\u00e9ens (75\u00a0000 \u20ac) du m\u00e9c\u00e9nat priv\u00e9 (100\u00a0000 \u20ac) et le fonds Cr\u00e9dit Agricole (20\u00a0000 \u20ac). Le reste \u00e0 charge de la commune est de 1, 4 M\u20ac.<\/p>\n<p>Pratique<\/p>\n<p class=\"note\">L\u2019Atelier du Poudlu, \u00e0 Clohars-Carno\u00ebt\u00a0: ouvert toute l\u2019ann\u00e9e et accessible pour tous. Tarif plein 7 \u20ac, tarif r\u00e9duit 5 \u20ac, gratuit pour les moins de 12 ans.<\/p>\n","protected":false},"excerpt":{"rendered":"1 1886 Paul Gauguin d\u00e9barque en Bretagne. C\u2019est au Pouldu, \u00e0 la Buvette de la Plage, que Gauguin&hellip;\n","protected":false},"author":2,"featured_media":230711,"comment_status":"","ping_status":"","sticky":false,"template":"","format":"standard","meta":{"footnotes":""},"categories":[1358],"tags":[1348,1384,1385,829,1386,58,59,3321,1011,27,11878],"class_list":{"0":"post-230710","1":"post","2":"type-post","3":"status-publish","4":"format-standard","5":"has-post-thumbnail","7":"category-arts-et-design","8":"tag-arts","9":"tag-arts-and-design","10":"tag-arts-et-design","11":"tag-bretagne","12":"tag-design","13":"tag-divertissement","14":"tag-entertainment","15":"tag-finistere","16":"tag-fr","17":"tag-france","18":"tag-quimperle"},"share_on_mastodon":{"url":"","error":""},"_links":{"self":[{"href":"https:\/\/www.europesays.com\/fr\/wp-json\/wp\/v2\/posts\/230710","targetHints":{"allow":["GET"]}}],"collection":[{"href":"https:\/\/www.europesays.com\/fr\/wp-json\/wp\/v2\/posts"}],"about":[{"href":"https:\/\/www.europesays.com\/fr\/wp-json\/wp\/v2\/types\/post"}],"author":[{"embeddable":true,"href":"https:\/\/www.europesays.com\/fr\/wp-json\/wp\/v2\/users\/2"}],"replies":[{"embeddable":true,"href":"https:\/\/www.europesays.com\/fr\/wp-json\/wp\/v2\/comments?post=230710"}],"version-history":[{"count":0,"href":"https:\/\/www.europesays.com\/fr\/wp-json\/wp\/v2\/posts\/230710\/revisions"}],"wp:featuredmedia":[{"embeddable":true,"href":"https:\/\/www.europesays.com\/fr\/wp-json\/wp\/v2\/media\/230711"}],"wp:attachment":[{"href":"https:\/\/www.europesays.com\/fr\/wp-json\/wp\/v2\/media?parent=230710"}],"wp:term":[{"taxonomy":"category","embeddable":true,"href":"https:\/\/www.europesays.com\/fr\/wp-json\/wp\/v2\/categories?post=230710"},{"taxonomy":"post_tag","embeddable":true,"href":"https:\/\/www.europesays.com\/fr\/wp-json\/wp\/v2\/tags?post=230710"}],"curies":[{"name":"wp","href":"https:\/\/api.w.org\/{rel}","templated":true}]}}