{"id":230712,"date":"2025-07-06T15:26:12","date_gmt":"2025-07-06T15:26:12","guid":{"rendered":"https:\/\/www.europesays.com\/fr\/230712\/"},"modified":"2025-07-06T15:26:12","modified_gmt":"2025-07-06T15:26:12","slug":"ouvrir-une-librairie-un-peu-spatiale","status":"publish","type":"post","link":"https:\/\/www.europesays.com\/fr\/230712\/","title":{"rendered":"ouvrir une librairie un peu \u201cspatiale\u201d"},"content":{"rendered":"<p>Depuis le 1er \u00a0juillet, un nouveau commerce un peu particulier a ouvert ses portes en plein c\u0153ur de Saint-Didier-sur-Chalaronne. Petite librairie ind\u00e9pendante de 30\u00a0m\u00b2 o\u00f9 se m\u00e9langent livres neufs et d\u2019occasion, L\u2019Univers des mots est pens\u00e9 pour devenir \u00e9galement un lieu de rencontres conviviales et d\u2019animations en tout genre, ainsi qu\u2019un espace o\u00f9 c\u00e2liner les chats. \u00ab\u00a0Ce sera la librairie des chats avant d\u2019\u00eatre la mienne\u00a0\u00bb, s\u2019amuse Christine Aubouin-Decroix, qui tient les r\u00eanes de cet espace atypique, \u00e0 l\u2019image de sa propri\u00e9taire.<\/p>\n<p>Difficile de compter les multiples casquettes qu\u2019arbore celle qui se fait conna\u00eetre comme \u201cla Muse\u201d sur les r\u00e9seaux. Podcasteuse, auteure, correspondante de presse, \u00e9crivaine publique et maintenant libraire, elle d\u00e9ploie ses ailes de tout bord pour suivre un seul but\u00a0: aider et&#8230;<\/p>\n","protected":false},"excerpt":{"rendered":"Depuis le 1er \u00a0juillet, un nouveau commerce un peu particulier a ouvert ses portes en plein c\u0153ur de&hellip;\n","protected":false},"author":2,"featured_media":230713,"comment_status":"","ping_status":"","sticky":false,"template":"","format":"standard","meta":{"footnotes":""},"categories":[1357],"tags":[1379,4406,1687,58,33,6751,59,1011,27,1380,2410,36968,20714],"class_list":{"0":"post-230712","1":"post","2":"type-post","3":"status-publish","4":"format-standard","5":"has-post-thumbnail","7":"category-livres","8":"tag-books","9":"tag-commerce-et-services","10":"tag-culture-loisirs","11":"tag-divertissement","12":"tag-economie","13":"tag-edition-ain-ouest","14":"tag-entertainment","15":"tag-fr","16":"tag-france","17":"tag-livres","18":"tag-livres-bd","19":"tag-saint-didier-sur-chalaronne","20":"tag-thoissey-bassin"},"share_on_mastodon":{"url":"https:\/\/pubeurope.com\/@fr\/114806992746990353","error":""},"_links":{"self":[{"href":"https:\/\/www.europesays.com\/fr\/wp-json\/wp\/v2\/posts\/230712","targetHints":{"allow":["GET"]}}],"collection":[{"href":"https:\/\/www.europesays.com\/fr\/wp-json\/wp\/v2\/posts"}],"about":[{"href":"https:\/\/www.europesays.com\/fr\/wp-json\/wp\/v2\/types\/post"}],"author":[{"embeddable":true,"href":"https:\/\/www.europesays.com\/fr\/wp-json\/wp\/v2\/users\/2"}],"replies":[{"embeddable":true,"href":"https:\/\/www.europesays.com\/fr\/wp-json\/wp\/v2\/comments?post=230712"}],"version-history":[{"count":0,"href":"https:\/\/www.europesays.com\/fr\/wp-json\/wp\/v2\/posts\/230712\/revisions"}],"wp:featuredmedia":[{"embeddable":true,"href":"https:\/\/www.europesays.com\/fr\/wp-json\/wp\/v2\/media\/230713"}],"wp:attachment":[{"href":"https:\/\/www.europesays.com\/fr\/wp-json\/wp\/v2\/media?parent=230712"}],"wp:term":[{"taxonomy":"category","embeddable":true,"href":"https:\/\/www.europesays.com\/fr\/wp-json\/wp\/v2\/categories?post=230712"},{"taxonomy":"post_tag","embeddable":true,"href":"https:\/\/www.europesays.com\/fr\/wp-json\/wp\/v2\/tags?post=230712"}],"curies":[{"name":"wp","href":"https:\/\/api.w.org\/{rel}","templated":true}]}}