{"id":230721,"date":"2025-07-06T15:32:12","date_gmt":"2025-07-06T15:32:12","guid":{"rendered":"https:\/\/www.europesays.com\/fr\/230721\/"},"modified":"2025-07-06T15:32:12","modified_gmt":"2025-07-06T15:32:12","slug":"une-page-se-tourne-dans-le-meilleur-patissier-mercotte-raccroche-son-tablier-apres-13-annees-passees-aux-cotes-de-cyril-lignac","status":"publish","type":"post","link":"https:\/\/www.europesays.com\/fr\/230721\/","title":{"rendered":"Une page se tourne dans le Meilleur p\u00e2tissier\u00a0: Mercotte raccroche son tablier apr\u00e8s 13 ann\u00e9es pass\u00e9es aux c\u00f4t\u00e9s de Cyril Lignac"},"content":{"rendered":"<p class=\"ap-StoryElement ap-StoryElement--mb ap-StoryText\">C&rsquo;est une page qui se tourne dans l&rsquo;univers de la p\u00e2tisserie t\u00e9l\u00e9vis\u00e9e. Apr\u00e8s 13 saisons pass\u00e9es aux c\u00f4t\u00e9s de Cyril Lignac dans l&rsquo;\u00e9mission \u00ab\u00a0Le Meilleur P\u00e2tissier\u00a0\u00bb, Mercotte, figure embl\u00e9matique du programme, a d\u00e9cid\u00e9 de ne pas rempiler pour une saison suppl\u00e9mentaire. \u00c0 82 ans, la c\u00e9l\u00e8bre blogueuse culinaire raccroche son tablier, selon les informations de Cl\u00e9ment Garin.<\/p>\n<p class=\"ap-StoryElement ap-StoryElement--mb ap-StoryText\">Pr\u00e9sente depuis la cr\u00e9ation du concours culinaire en 2012, Mercotte a marqu\u00e9 de son empreinte le programme diffus\u00e9 sur M6 par son expertise, sa bienveillance et son exigence. Avec Cyril Lignac, elle formait un tandem aussi compl\u00e9mentaire que populaire aupr\u00e8s du public. Ensemble, ils ont accompagn\u00e9 de nombreux candidats \u00e0 travers \u00e9preuves techniques et cr\u00e9ations sucr\u00e9es, le tout dans une ambiance bienveillante.<\/p>\n","protected":false},"excerpt":{"rendered":"C&rsquo;est une page qui se tourne dans l&rsquo;univers de la p\u00e2tisserie t\u00e9l\u00e9vis\u00e9e. Apr\u00e8s 13 saisons pass\u00e9es aux c\u00f4t\u00e9s&hellip;\n","protected":false},"author":2,"featured_media":230722,"comment_status":"","ping_status":"","sticky":false,"template":"","format":"standard","meta":{"footnotes":""},"categories":[8],"tags":[58,12610,59,1011,27],"class_list":{"0":"post-230721","1":"post","2":"type-post","3":"status-publish","4":"format-standard","5":"has-post-thumbnail","7":"category-divertissement","8":"tag-divertissement","9":"tag-duo","10":"tag-entertainment","11":"tag-fr","12":"tag-france"},"share_on_mastodon":{"url":"https:\/\/pubeurope.com\/@fr\/114807016304950636","error":""},"_links":{"self":[{"href":"https:\/\/www.europesays.com\/fr\/wp-json\/wp\/v2\/posts\/230721","targetHints":{"allow":["GET"]}}],"collection":[{"href":"https:\/\/www.europesays.com\/fr\/wp-json\/wp\/v2\/posts"}],"about":[{"href":"https:\/\/www.europesays.com\/fr\/wp-json\/wp\/v2\/types\/post"}],"author":[{"embeddable":true,"href":"https:\/\/www.europesays.com\/fr\/wp-json\/wp\/v2\/users\/2"}],"replies":[{"embeddable":true,"href":"https:\/\/www.europesays.com\/fr\/wp-json\/wp\/v2\/comments?post=230721"}],"version-history":[{"count":0,"href":"https:\/\/www.europesays.com\/fr\/wp-json\/wp\/v2\/posts\/230721\/revisions"}],"wp:featuredmedia":[{"embeddable":true,"href":"https:\/\/www.europesays.com\/fr\/wp-json\/wp\/v2\/media\/230722"}],"wp:attachment":[{"href":"https:\/\/www.europesays.com\/fr\/wp-json\/wp\/v2\/media?parent=230721"}],"wp:term":[{"taxonomy":"category","embeddable":true,"href":"https:\/\/www.europesays.com\/fr\/wp-json\/wp\/v2\/categories?post=230721"},{"taxonomy":"post_tag","embeddable":true,"href":"https:\/\/www.europesays.com\/fr\/wp-json\/wp\/v2\/tags?post=230721"}],"curies":[{"name":"wp","href":"https:\/\/api.w.org\/{rel}","templated":true}]}}