{"id":230723,"date":"2025-07-06T15:33:09","date_gmt":"2025-07-06T15:33:09","guid":{"rendered":"https:\/\/www.europesays.com\/fr\/230723\/"},"modified":"2025-07-06T15:33:09","modified_gmt":"2025-07-06T15:33:09","slug":"lascenseur-spatial-depend-du-temps-terrestre-un-physicien-revele-pourquoi-des-journees-plus-courtes-rendraient-ce-reve-possible","status":"publish","type":"post","link":"https:\/\/www.europesays.com\/fr\/230723\/","title":{"rendered":"\u00ab L\u2019ascenseur spatial d\u00e9pend du temps terrestre \u00bb : un physicien r\u00e9v\u00e8le pourquoi des journ\u00e9es plus courtes rendraient ce r\u00eave possible"},"content":{"rendered":"<tr>\n<td><strong>EN BREF<\/strong><\/td>\n<\/tr>\n<tr>\n<td>\n<ul>\n<li>\ud83c\udf0d <strong>Rotation terrestre modifi\u00e9e<\/strong> : Imaginer une journ\u00e9e de 12 heures provoque des r\u00e9flexions sur le temps et l\u2019espace.<\/li>\n<li>\ud83d\udd70\ufe0f <strong>Impact sur la soci\u00e9t\u00e9<\/strong> : Un tel changement n\u00e9cessiterait une r\u00e9vision compl\u00e8te des syst\u00e8mes horaires et de la productivit\u00e9.<\/li>\n<li>\ud83d\ude80 <strong>Ascenseur spatial<\/strong> : Une journ\u00e9e plus courte pourrait faciliter le d\u00e9veloppement de cette technologie futuriste.<\/li>\n<li>\ud83d\udd2c <strong>Exploration scientifique<\/strong> : Ces id\u00e9es audacieuses incitent \u00e0 repousser les limites de la science et de la technologie.<\/li>\n<\/ul>\n<\/td>\n<\/tr>\n<p>L\u2019id\u00e9e de modifier la rotation de la Terre pour r\u00e9duire la dur\u00e9e d\u2019une journ\u00e9e \u00e0 seulement douze heures soul\u00e8ve des questions fascinantes sur notre rapport au temps et \u00e0 l\u2019espace. Bien que ce concept reste th\u00e9orique, il invite \u00e0 r\u00e9fl\u00e9chir sur les implications d\u2019une telle transformation. Cela pourrait avoir un impact sur notre quotidien et alimenter des projets futuristes, comme l\u2019ascenseur spatial. Explorons les cons\u00e9quences potentielles et les d\u00e9fis technologiques associ\u00e9s \u00e0 cette id\u00e9e audacieuse.<\/p>\n<p>Comprendre la notion de jour<\/p>\n<p>Pour appr\u00e9hender cette id\u00e9e, il est essentiel de d\u00e9finir ce qu\u2019est r\u00e9ellement un jour. Traditionnellement, un jour est consid\u00e9r\u00e9 comme une p\u00e9riode de 24 heures. Cependant, cette mesure n\u2019est pas aussi simple qu\u2019elle en a l\u2019air. Un jour solaire, qui est le temps qu\u2019il faut pour que le soleil revienne \u00e0 la m\u00eame position dans le ciel, dure en r\u00e9alit\u00e9 un peu plus de 24 heures. Cela est d\u00fb \u00e0 deux mouvements de la Terre : sa rotation sur son axe et son orbite autour du soleil.<\/p>\n<p>Il existe \u00e9galement un autre type de jour, le jour sid\u00e9ral, qui mesure le temps qu\u2019il faut \u00e0 la Terre pour effectuer une rotation compl\u00e8te par rapport aux \u00e9toiles fixes. Cette p\u00e9riode est d\u2019environ 23 heures et 56 minutes. Ces nuances montrent que notre concept du temps est plus complexe qu\u2019il n\u2019y para\u00eet. Comprendre ces distinctions est crucial pour envisager les ramifications d\u2019une journ\u00e9e plus courte.<\/p>\n<blockquote class=\"wp-embedded-content\" data-secret=\"Js0wQcibda\">\n<p><a href=\"https:\/\/hellobiz.fr\/2025\/06\/21\/ils-avaient-rate-ce-tresor-lunaire-en-1972-une-decouverte-stupefiante-surgit-50-ans-apres-les-missions-apollo\/\" rel=\"nofollow noopener\" target=\"_blank\">\u00ab Ils avaient rat\u00e9 ce tr\u00e9sor lunaire en 1972 \u00bb : une d\u00e9couverte stup\u00e9fiante surgit 50 ans apr\u00e8s les missions Apollo<\/a><\/p>\n<\/blockquote>\n<p>Les cons\u00e9quences d\u2019une journ\u00e9e de 12 heures<\/p>\n<p>Imaginer une journ\u00e9e de 12 heures aurait des r\u00e9percussions significatives sur notre soci\u00e9t\u00e9. <strong>Nouveaux syst\u00e8mes horaires<\/strong> : nos horloges devraient \u00eatre r\u00e9vis\u00e9es pour n\u2019afficher que des heures allant de 1 \u00e0 6 pour le matin et l\u2019apr\u00e8s-midi. Les \u00e9v\u00e9nements programm\u00e9s \u00e0 8 heures seraient tout simplement impossibles, modifiant ainsi notre organisation quotidienne.<\/p>\n<p><strong>Impact sur la biologie humaine<\/strong> : une r\u00e9duction de la dur\u00e9e d\u2019un jour pourrait perturber nos rythmes circadiens, entra\u00eenant des probl\u00e8mes de sant\u00e9 tels que l\u2019insomnie ou la fatigue chronique. <strong>\u00c9conomie et productivit\u00e9<\/strong> : de nombreux secteurs, de l\u2019agriculture \u00e0 l\u2019industrie, devraient s\u2019adapter \u00e0 un nouveau rythme de travail, ce qui pourrait entra\u00eener des co\u00fbts significatifs. Les implications d\u2019une telle transformation seraient vastes et complexes.<\/p>\n<blockquote class=\"wp-embedded-content\" data-secret=\"evJojMQEz9\">\n<p><a href=\"https:\/\/hellobiz.fr\/2025\/06\/16\/ce-dispositif-ingenieux-sauve-les-arbres-en-ete-lanneau-baumbad-delivre-leau-lentement-meme-sous-une-chaleur-accablante\/\" rel=\"nofollow noopener\" target=\"_blank\">Ce dispositif ing\u00e9nieux sauve les arbres en \u00e9t\u00e9 : l\u2019anneau Baumbad d\u00e9livre l\u2019eau lentement, m\u00eame sous une chaleur accablante<\/a><\/p>\n<\/blockquote>\n<p>Un regard sur l\u2019ascenseur spatial<\/p>\n<p>L\u2019id\u00e9e d\u2019un ascenseur spatial, qui relierait la Terre \u00e0 une station orbitale, pourrait b\u00e9n\u00e9ficier d\u2019une journ\u00e9e plus courte. En effet, ce concept, qui semble tout droit sorti de la science-fiction, repose sur des principes physiques pr\u00e9cis. <strong>Technologie n\u00e9cessaire<\/strong> : un c\u00e2ble extr\u00eamement r\u00e9sistant devrait \u00eatre d\u00e9velopp\u00e9 pour supporter le poids de la structure, ce qui n\u00e9cessiterait des avanc\u00e9es dans des mat\u00e9riaux comme les nanotubes de carbone.<\/p>\n<p><strong>Acc\u00e8s facilit\u00e9 \u00e0 l\u2019espace<\/strong> : un ascenseur spatial permettrait d\u2019acheminer des personnes et des marchandises dans l\u2019espace sans avoir besoin de fus\u00e9es, r\u00e9duisant ainsi les co\u00fbts de lancement. <strong>R\u00e9gularit\u00e9 des transports<\/strong> : comme un ascenseur classique, il pourrait offrir des trajets r\u00e9guliers, rendant l\u2019acc\u00e8s \u00e0 l\u2019espace aussi commun que de prendre le m\u00e9tro. Ce projet r\u00e9volutionnaire pourrait transformer notre approche de l\u2019exploration spatiale.<\/p>\n<blockquote class=\"wp-embedded-content\" data-secret=\"hIQshzmCRW\">\n<p><a href=\"https:\/\/hellobiz.fr\/2025\/03\/27\/500-de-vues-youtube-en-plus-cette-strategie-redoutable-propulse-les-influenceurs-au-sommet-du-business-en-ligne\/\" rel=\"nofollow noopener\" target=\"_blank\">500 % de vues YouTube en plus : cette strat\u00e9gie redoutable propulse les influenceurs au sommet du business en ligne<\/a><\/p>\n<\/blockquote>\n<p>Une vision audacieuse pour l\u2019avenir<\/p>\n<p>Imaginer un monde o\u00f9 la dur\u00e9e d\u2019une journ\u00e9e est r\u00e9duite peut sembler utopique, mais cela nous permet d\u2019explorer les limites de la science et de la technologie. <strong>La recherche d\u2019un ascenseur spatial pourrait sembler un r\u00eave lointain<\/strong>, mais chaque pas vers cette vision pourrait transformer notre avenir. Dans un monde o\u00f9 le temps est red\u00e9fini, qui sait quelles autres innovations pourraient voir le jour ?<\/p>\n<p>Bien que la possibilit\u00e9 d\u2019une journ\u00e9e de 12 heures reste une hypoth\u00e8se th\u00e9orique, elle nous incite \u00e0 r\u00e9fl\u00e9chir sur notre rapport au temps et \u00e0 l\u2019espace. Peut-\u00eatre que ces explorations nous rapprocheront d\u2019une r\u00e9alit\u00e9 o\u00f9 voyager dans l\u2019espace deviendra aussi simple qu\u2019un trajet quotidien. Quels autres d\u00e9fis et opportunit\u00e9s un tel avenir pourrait-il nous r\u00e9server ?<\/p>\n<p>L\u2019auteur s\u2019est appuy\u00e9 sur l\u2019intelligence artificielle pour enrichir cet article.<\/p>\n<p id=\"rating\">\u00c7a vous a plu ?\u00a04.4\/5 (22)<\/p>\n","protected":false},"excerpt":{"rendered":"EN BREF \ud83c\udf0d Rotation terrestre modifi\u00e9e : Imaginer une journ\u00e9e de 12 heures provoque des r\u00e9flexions sur le&hellip;\n","protected":false},"author":2,"featured_media":230724,"comment_status":"","ping_status":"","sticky":false,"template":"","format":"standard","meta":{"footnotes":""},"categories":[7],"tags":[1011,27,43,40,41,39,42,44],"class_list":{"0":"post-230723","1":"post","2":"type-post","3":"status-publish","4":"format-standard","5":"has-post-thumbnail","7":"category-sciences-et-technologies","8":"tag-fr","9":"tag-france","10":"tag-science","11":"tag-science-and-technology","12":"tag-sciences","13":"tag-sciences-et-technologies","14":"tag-technologies","15":"tag-technology"},"share_on_mastodon":{"url":"https:\/\/pubeurope.com\/@fr\/114807020151615331","error":""},"_links":{"self":[{"href":"https:\/\/www.europesays.com\/fr\/wp-json\/wp\/v2\/posts\/230723","targetHints":{"allow":["GET"]}}],"collection":[{"href":"https:\/\/www.europesays.com\/fr\/wp-json\/wp\/v2\/posts"}],"about":[{"href":"https:\/\/www.europesays.com\/fr\/wp-json\/wp\/v2\/types\/post"}],"author":[{"embeddable":true,"href":"https:\/\/www.europesays.com\/fr\/wp-json\/wp\/v2\/users\/2"}],"replies":[{"embeddable":true,"href":"https:\/\/www.europesays.com\/fr\/wp-json\/wp\/v2\/comments?post=230723"}],"version-history":[{"count":0,"href":"https:\/\/www.europesays.com\/fr\/wp-json\/wp\/v2\/posts\/230723\/revisions"}],"wp:featuredmedia":[{"embeddable":true,"href":"https:\/\/www.europesays.com\/fr\/wp-json\/wp\/v2\/media\/230724"}],"wp:attachment":[{"href":"https:\/\/www.europesays.com\/fr\/wp-json\/wp\/v2\/media?parent=230723"}],"wp:term":[{"taxonomy":"category","embeddable":true,"href":"https:\/\/www.europesays.com\/fr\/wp-json\/wp\/v2\/categories?post=230723"},{"taxonomy":"post_tag","embeddable":true,"href":"https:\/\/www.europesays.com\/fr\/wp-json\/wp\/v2\/tags?post=230723"}],"curies":[{"name":"wp","href":"https:\/\/api.w.org\/{rel}","templated":true}]}}