{"id":230734,"date":"2025-07-06T15:40:22","date_gmt":"2025-07-06T15:40:22","guid":{"rendered":"https:\/\/www.europesays.com\/fr\/230734\/"},"modified":"2025-07-06T15:40:22","modified_gmt":"2025-07-06T15:40:22","slug":"a-vos-objectifs-pour-illustrer-lagenda-2026","status":"publish","type":"post","link":"https:\/\/www.europesays.com\/fr\/230734\/","title":{"rendered":"\u00e0 vos objectifs pour illustrer l\u2019agenda 2026"},"content":{"rendered":"<p>La Ville organise un concours photo, ouvert \u00e0 toutes et tous, pendant les mois de juillet et ao\u00fbt, sur le th\u00e8me \u00ab\u00a0Votre plus beau regard sur Frouard\u00a0\u00bb. Les plus belles photos seront r\u00e9compens\u00e9es et illustreront l\u2019agenda 2026 de la ville et d\u2019autres publications. Des cartes cadeaux sont \u00e0 gagner. Pour concourir, envoyer les photos (maximum 5) r\u00e9pondant \u00e0 cette th\u00e9matique, pour le 31\u00a0ao\u00fbt dernier d\u00e9lai, \u00e0\u00a0: contact@frouard.fr<\/p>\n","protected":false},"excerpt":{"rendered":"La Ville organise un concours photo, ouvert \u00e0 toutes et tous, pendant les mois de juillet et ao\u00fbt,&hellip;\n","protected":false},"author":2,"featured_media":230735,"comment_status":"","ping_status":"","sticky":false,"template":"","format":"standard","meta":{"footnotes":""},"categories":[9635],"tags":[1111,11,9661,1687,1704,1777,674,1011,27,9660,775,1702,12,25],"class_list":{"0":"post-230734","1":"post","2":"type-post","3":"status-publish","4":"format-standard","5":"has-post-thumbnail","7":"category-nancy","8":"tag-actu","9":"tag-actualites","10":"tag-cc-du-bassin-de-pompey-54b1","11":"tag-culture-loisirs","12":"tag-edition-nancy-et-agglomeration","13":"tag-eu","14":"tag-europe","15":"tag-fr","16":"tag-france","17":"tag-frouard","18":"tag-grand-est","19":"tag-nancy","20":"tag-news","21":"tag-republique-francaise"},"share_on_mastodon":{"url":"https:\/\/pubeurope.com\/@fr\/114807047780222581","error":""},"_links":{"self":[{"href":"https:\/\/www.europesays.com\/fr\/wp-json\/wp\/v2\/posts\/230734","targetHints":{"allow":["GET"]}}],"collection":[{"href":"https:\/\/www.europesays.com\/fr\/wp-json\/wp\/v2\/posts"}],"about":[{"href":"https:\/\/www.europesays.com\/fr\/wp-json\/wp\/v2\/types\/post"}],"author":[{"embeddable":true,"href":"https:\/\/www.europesays.com\/fr\/wp-json\/wp\/v2\/users\/2"}],"replies":[{"embeddable":true,"href":"https:\/\/www.europesays.com\/fr\/wp-json\/wp\/v2\/comments?post=230734"}],"version-history":[{"count":0,"href":"https:\/\/www.europesays.com\/fr\/wp-json\/wp\/v2\/posts\/230734\/revisions"}],"wp:featuredmedia":[{"embeddable":true,"href":"https:\/\/www.europesays.com\/fr\/wp-json\/wp\/v2\/media\/230735"}],"wp:attachment":[{"href":"https:\/\/www.europesays.com\/fr\/wp-json\/wp\/v2\/media?parent=230734"}],"wp:term":[{"taxonomy":"category","embeddable":true,"href":"https:\/\/www.europesays.com\/fr\/wp-json\/wp\/v2\/categories?post=230734"},{"taxonomy":"post_tag","embeddable":true,"href":"https:\/\/www.europesays.com\/fr\/wp-json\/wp\/v2\/tags?post=230734"}],"curies":[{"name":"wp","href":"https:\/\/api.w.org\/{rel}","templated":true}]}}