{"id":230738,"date":"2025-07-06T15:42:10","date_gmt":"2025-07-06T15:42:10","guid":{"rendered":"https:\/\/www.europesays.com\/fr\/230738\/"},"modified":"2025-07-06T15:42:10","modified_gmt":"2025-07-06T15:42:10","slug":"bateaux-bus-du-centre-ville-de-la-seyne-aux-sablettes-cest-reparti-pour-tout-lete","status":"publish","type":"post","link":"https:\/\/www.europesays.com\/fr\/230738\/","title":{"rendered":"Bateaux-bus du centre-ville de La Seyne aux Sablettes, c\u2019est reparti pour tout l&rsquo;\u00e9t\u00e9!"},"content":{"rendered":"<p>Gain de temps, r\u00e9gularit\u00e9, s\u00e9curit\u00e9\u2026 Et plaisir de la navigation. D\u00e9j\u00e0 du monde \u00e0 bord de la navette maritime de la ligne 38 M du r\u00e9seau Mistral r\u00e9affect\u00e9e depuis hier matin aux rotations estivales entre le centre-ville de La Seyne (avec un arr\u00eat \u00e0 l\u2019Espace Marine) et les Sablettes au prix d\u2019un ticket de bus.<\/p>\n<p>Appareillage r\u00e9ussi! \u00c0 10 h, sur le pont de Lou Souleou, le maire Jo Minniti accompagn\u00e9 de plusieurs \u00e9lus et de Romain de Montbel, directeur du r\u00e9seau Mistral, salu\u00e9s depuis l\u2019embarcad\u00e8re du quai Saturnin-Fabre par Genevi\u00e8ve Levy, vice-pr\u00e9sidente m\u00e9tropolitaine en charge des mobilit\u00e9s (venue de Toulon par la voie maritime), \u00e9taient du voyage inaugural. \u00ab\u00a0Nous esp\u00e9rons que les Seynois s\u2019approprieront cette navette, a appuy\u00e9 le maire. Une ligne lanc\u00e9e l\u2019ann\u00e9e derni\u00e8re pour laquelle les chiffres de fr\u00e9quentation ont \u00e9t\u00e9 insuffisants. Il a fallu faire un gros effort au niveau de la commission mobilit\u00e9 de la M\u00e9tropole et du d\u00e9l\u00e9gataire des transports pour que cette ligne d\u00e9ficitaire en 2024 soit renouvel\u00e9e.\u00a0\u00bb Et de se r\u00e9jouir: \u00ab\u00a0Au-del\u00e0 d\u2019un simple moyen de transport, c\u2019est aussi 25 minutes de plaisir. On longe la corniche, le panorama est exceptionnel.\u00a0\u00bb<\/p>\n<p>R\u00e9gularit\u00e9 renforc\u00e9e<\/p>\n<p>\u00c0 10 h 30, alors que le bateau-bus amorce le voyage retour depuis l\u2019embarcad\u00e8re des Sablettes, Romain de Montbel confirme que \u00ab\u00a0l\u2019exp\u00e9rimentation men\u00e9e l\u2019\u00e9t\u00e9 dernier se poursuit cette saison avec la volont\u00e9 de mieux faire conna\u00eetre cette d\u00e9serte ouverte jusqu\u2019au 31 ao\u00fbt et d\u2019accueillir encore plus de passagers\u00a0\u00bb.<\/p>\n<p>Le rythme est d\u2019une rotation toutes les heures, de 10 h \u00e0 19 h (au d\u00e9part de La Seyne centre) et de 10 h 30 \u00e0 19 h 55 (au d\u00e9part des Sablettes). \u00ab\u00a0Cette saison nous avons renforc\u00e9 la r\u00e9gularit\u00e9 sur la ligne afin qu\u2019il n\u2019y ait pas d\u2019interruption entre 12 h et 14 h, compl\u00e8te le directeur du r\u00e9seau Mistral. Une dizaine de rotations quotidiennes sera assur\u00e9e. L\u2019offre est maintenant connue, nous n\u2019avons pas l\u2019effet \u201cmont\u00e9e en puissance\u201d que nous avons enregistr\u00e9 l\u2019ann\u00e9e derni\u00e8re.\u00a0\u00bb<\/p>\n<p>C\u2019est ce que confirment les premiers passagers de l\u2019\u00e9t\u00e9, comme Sara M\u2019Hemdi qui hier matin a pris un ticket pour Les Sablettes et sa plage avec ses deux enfants en bas \u00e2ge: \u00ab\u00a0On attendait l\u2019ouverture de cette ligne. C\u2019est bien mieux et plus pratique que le bus\u00a0\u00bb, glisse-t-elle \u00e0 l\u2019embarquement de 11 h. \u00c0 ses c\u00f4t\u00e9s, sa tante, Badra Picca, approuve en ajoutant: \u00ab\u00a0Ma fille qui travaille dans un snack aux Sablettes prendra le bateau pour s\u2019y rendre.\u00a0\u00bb<\/p>\n<p>En haute saison, douze bateaux-bus sont d\u00e9ploy\u00e9s sur l\u2019ensemble des lignes maritimes du r\u00e9seau Mistral dont l\u2019efficacit\u00e9 force l\u2019exemple au plan national.<\/p>\n","protected":false},"excerpt":{"rendered":"Gain de temps, r\u00e9gularit\u00e9, s\u00e9curit\u00e9\u2026 Et plaisir de la navigation. D\u00e9j\u00e0 du monde \u00e0 bord de la navette&hellip;\n","protected":false},"author":2,"featured_media":230739,"comment_status":"","ping_status":"","sticky":false,"template":"","format":"standard","meta":{"footnotes":""},"categories":[9619],"tags":[1111,11,1777,674,1011,27,12,882,25,2310,3366],"class_list":{"0":"post-230738","1":"post","2":"type-post","3":"status-publish","4":"format-standard","5":"has-post-thumbnail","7":"category-toulon","8":"tag-actu","9":"tag-actualites","10":"tag-eu","11":"tag-europe","12":"tag-fr","13":"tag-france","14":"tag-news","15":"tag-provence-alpes-cote-dazur","16":"tag-republique-francaise","17":"tag-toulon","18":"tag-vie-locale"},"share_on_mastodon":{"url":"https:\/\/pubeurope.com\/@fr\/114807055539334919","error":""},"_links":{"self":[{"href":"https:\/\/www.europesays.com\/fr\/wp-json\/wp\/v2\/posts\/230738","targetHints":{"allow":["GET"]}}],"collection":[{"href":"https:\/\/www.europesays.com\/fr\/wp-json\/wp\/v2\/posts"}],"about":[{"href":"https:\/\/www.europesays.com\/fr\/wp-json\/wp\/v2\/types\/post"}],"author":[{"embeddable":true,"href":"https:\/\/www.europesays.com\/fr\/wp-json\/wp\/v2\/users\/2"}],"replies":[{"embeddable":true,"href":"https:\/\/www.europesays.com\/fr\/wp-json\/wp\/v2\/comments?post=230738"}],"version-history":[{"count":0,"href":"https:\/\/www.europesays.com\/fr\/wp-json\/wp\/v2\/posts\/230738\/revisions"}],"wp:featuredmedia":[{"embeddable":true,"href":"https:\/\/www.europesays.com\/fr\/wp-json\/wp\/v2\/media\/230739"}],"wp:attachment":[{"href":"https:\/\/www.europesays.com\/fr\/wp-json\/wp\/v2\/media?parent=230738"}],"wp:term":[{"taxonomy":"category","embeddable":true,"href":"https:\/\/www.europesays.com\/fr\/wp-json\/wp\/v2\/categories?post=230738"},{"taxonomy":"post_tag","embeddable":true,"href":"https:\/\/www.europesays.com\/fr\/wp-json\/wp\/v2\/tags?post=230738"}],"curies":[{"name":"wp","href":"https:\/\/api.w.org\/{rel}","templated":true}]}}