{"id":230744,"date":"2025-07-06T15:46:15","date_gmt":"2025-07-06T15:46:15","guid":{"rendered":"https:\/\/www.europesays.com\/fr\/230744\/"},"modified":"2025-07-06T15:46:15","modified_gmt":"2025-07-06T15:46:15","slug":"meteo-quel-temps-fera-t-il-en-seine-maritime-en-cette-deuxieme-semaine-de-juillet","status":"publish","type":"post","link":"https:\/\/www.europesays.com\/fr\/230744\/","title":{"rendered":"M\u00e9t\u00e9o. Quel temps fera-t-il en Seine-Maritime en cette deuxi\u00e8me semaine de juillet\u00a0?"},"content":{"rendered":"<p>            Par<br \/>\n        <strong><br \/>\n            <a href=\"https:\/\/actu.fr\/auteur\/fmass\" title=\"Consulter tous les articles de Fabien Massin\" rel=\"nofollow noopener\" target=\"_blank\">Fabien Massin<\/a><br \/>\n        <\/strong><\/p>\n<p>        Publi\u00e9 le<\/p>\n<p>            6 juil. 2025 \u00e0 14h10        <\/p>\n<p>La canicule semble bien \u00eatre derri\u00e8re nous en<a href=\"https:\/\/actu.fr\/normandie\/seine-maritime_76\" rel=\"nofollow noopener\" target=\"_blank\"> Seine-Maritime<\/a>, pour un temps du moins. Quel temps fera-t-il du <a href=\"https:\/\/actu.fr\/normandie\/le-havre_76351\" rel=\"nofollow noopener\" target=\"_blank\">Havre<\/a> \u00e0 <a href=\"https:\/\/actu.fr\/normandie\/rouen_76540\" rel=\"nofollow noopener\" target=\"_blank\">Rouen<\/a> en passant par la <strong>c\u00f4te d\u2019Alb\u00e2tre, le pays de Caux et le pays de Bray<\/strong> au cours des prochains jours ? Voici les pr\u00e9visions de <a href=\"https:\/\/actu.fr\/tag\/meteo-france\" rel=\"nofollow noopener\" target=\"_blank\">M\u00e9t\u00e9o France<\/a> pour la semaine du 7 au 13 juillet 2025.\u00a0<\/p>\n<p class=\" wall-content\">Il a plu dimanche, et cela pourrait continuer lundi matin, avec peut-\u00eatre m\u00eame des orages. Toutefois les \u00e9claircies devraient revenir au cours de la journ\u00e9e. C\u00f4t\u00e9 temp\u00e9ratures, cela ne grimpera pas tr\u00e8s haut, elles devraient rester <strong>en-de\u00e7\u00e0 des 20 degr\u00e9s<\/strong>.\u00a0<\/p>\n<p>Un temps agr\u00e9able pour l\u2019\u00e9tape du Tour de France<\/p>\n<p class=\" wall-content\">Le soleil devrait \u00eatre plus franc \u00e0 partir de mardi, et les temp\u00e9ratures demeurer relativement fraiches,<strong> pas plus de 21 degr\u00e9s attendus<\/strong>. Parfait en tout cas pour bien profiter de la fin d\u2019\u00e9tape Amiens-Rouen du <a href=\"https:\/\/actu.fr\/tag\/tour-de-france\" rel=\"nofollow noopener\" target=\"_blank\">Tour de France<\/a>, dont le <a href=\"https:\/\/actu.fr\/normandie\/rouen_76540\/un-petit-feu-d-artifice-l-etape-du-tour-de-france-qui-arrive-a-rouen-promet-du-grand-spectacle_62768252.html\" rel=\"nofollow noopener\" target=\"_blank\">parcours final s\u2019annonce all\u00e9chant<\/a>.\u00a0<\/p>\n<p class=\" wall-content\">\u00c0 partir de mercredi m\u00eame topo, cela devrait \u00eatre grand soleil, avec une remont\u00e9e progressive des temp\u00e9ratures, jeudi et vendredi, mais qui resteront tout \u00e0 fait agr\u00e9ables, en dessous des 30 degr\u00e9s.\u00a0<\/p>\n<p>Suivez l\u2019actualit\u00e9 de Rouen sur notre <a href=\"https:\/\/www.whatsapp.com\/channel\/0029VaKfnf99hXF2ddApFB1D\" rel=\"nofollow noopener\" target=\"_blank\">cha\u00eene WhatsApp<\/a> et sur notre <a href=\"https:\/\/www.tiktok.com\/@76actu.fr?lang=fr\" rel=\"nofollow noopener\" target=\"_blank\">compte TikTok<\/a>Vid\u00e9os : en ce moment sur ActuSuivez l\u2019actualit\u00e9 du Havre sur notre <a href=\"https:\/\/www.whatsapp.com\/channel\/0029VaFqJYE8aKvLBwVrEe0o\" rel=\"nofollow noopener\" target=\"_blank\">cha\u00eene WhatsApp<\/a> et sur notre <a href=\"https:\/\/www.tiktok.com\/@76actu.fr?lang=fr\" rel=\"nofollow noopener\" target=\"_blank\">compte TikTok<\/a><\/p>\n<p class=\" wall-content\">Suivez toute l\u2019actualit\u00e9 de vos villes et m\u00e9dias favoris en vous inscrivant \u00e0 <a href=\"https:\/\/moncompte.actu.fr\" title=\"D\u00e9couvez Mon Actu\" rel=\"nofollow noopener\" data-trk=\"{&quot;cta&quot;:{&quot;action&quot;:&quot;https:\\\/\\\/moncompte.actu.fr&quot;,&quot;category&quot;:&quot;mon compte&quot;,&quot;from&quot;:&quot;article footer&quot;,&quot;name&quot;:&quot;Mon actu&quot;,&quot;type&quot;:&quot;cta&quot;}}\" target=\"_blank\">Mon Actu<\/a>.<\/p>\n<p>                    <script async src=\"\/\/www.tiktok.com\/embed.js\"><\/script><\/p>\n","protected":false},"excerpt":{"rendered":"Par Fabien Massin Publi\u00e9 le 6 juil. 2025 \u00e0 14h10 La canicule semble bien \u00eatre derri\u00e8re nous en&hellip;\n","protected":false},"author":2,"featured_media":230745,"comment_status":"","ping_status":"","sticky":false,"template":"","format":"standard","meta":{"footnotes":""},"categories":[9587],"tags":[1111,11,1777,674,1011,27,2487,2357,12,5161,5140,25,9590,2116],"class_list":{"0":"post-230744","1":"post","2":"type-post","3":"status-publish","4":"format-standard","5":"has-post-thumbnail","7":"category-rouen","8":"tag-actu","9":"tag-actualites","10":"tag-eu","11":"tag-europe","12":"tag-fr","13":"tag-france","14":"tag-meteo","15":"tag-meteo-france","16":"tag-news","17":"tag-normandie","18":"tag-rechauffement-climatique","19":"tag-republique-francaise","20":"tag-rouen","21":"tag-tour-de-france-2025"},"share_on_mastodon":{"url":"https:\/\/pubeurope.com\/@fr\/114807071376578570","error":""},"_links":{"self":[{"href":"https:\/\/www.europesays.com\/fr\/wp-json\/wp\/v2\/posts\/230744","targetHints":{"allow":["GET"]}}],"collection":[{"href":"https:\/\/www.europesays.com\/fr\/wp-json\/wp\/v2\/posts"}],"about":[{"href":"https:\/\/www.europesays.com\/fr\/wp-json\/wp\/v2\/types\/post"}],"author":[{"embeddable":true,"href":"https:\/\/www.europesays.com\/fr\/wp-json\/wp\/v2\/users\/2"}],"replies":[{"embeddable":true,"href":"https:\/\/www.europesays.com\/fr\/wp-json\/wp\/v2\/comments?post=230744"}],"version-history":[{"count":0,"href":"https:\/\/www.europesays.com\/fr\/wp-json\/wp\/v2\/posts\/230744\/revisions"}],"wp:featuredmedia":[{"embeddable":true,"href":"https:\/\/www.europesays.com\/fr\/wp-json\/wp\/v2\/media\/230745"}],"wp:attachment":[{"href":"https:\/\/www.europesays.com\/fr\/wp-json\/wp\/v2\/media?parent=230744"}],"wp:term":[{"taxonomy":"category","embeddable":true,"href":"https:\/\/www.europesays.com\/fr\/wp-json\/wp\/v2\/categories?post=230744"},{"taxonomy":"post_tag","embeddable":true,"href":"https:\/\/www.europesays.com\/fr\/wp-json\/wp\/v2\/tags?post=230744"}],"curies":[{"name":"wp","href":"https:\/\/api.w.org\/{rel}","templated":true}]}}