{"id":230758,"date":"2025-07-06T15:56:17","date_gmt":"2025-07-06T15:56:17","guid":{"rendered":"https:\/\/www.europesays.com\/fr\/230758\/"},"modified":"2025-07-06T15:56:17","modified_gmt":"2025-07-06T15:56:17","slug":"cultiver-le-regard-face-aux-oeuvres-dart","status":"publish","type":"post","link":"https:\/\/www.europesays.com\/fr\/230758\/","title":{"rendered":"Cultiver le regard face aux \u0153uvres d\u2019art"},"content":{"rendered":"<p>Faire en sorte que ses contemporains ne confondent plus Manet et Monet ou Giacometti et Giacobetti, telle est, en quelque sorte la mission que c\u2019est assign\u00e9e Christine Matabon.<\/p>\n<p>Depuis une dizaine d\u2019ann\u00e9es en effet, \u00e0 la t\u00eate de l\u2019\u00e9cole Calliop\u00e9, \u00e9cole dont elle est, \u00e0 elle seule, l\u2019encadrement et le personnel enseignant, notre passionn\u00e9e initie \u00e0 l\u2019histoire de l\u2019art tous les Nantais d\u00e9sireux de ne plus arpenter les mus\u00e9es et les galeries en aveugles.<\/p>\n<p>Des grottes de Lascaux \u00e0 Banksy, bref de l\u2019art pari\u00e9tal au street art, c\u2019est \u00e0 l\u2019histoire de l\u2019image, dans sa quasi-globalit\u00e9, qu\u2019entend nous convier cette passeuse de savoir infatigable. \u00a0Certains cours peuvent \u00eatre th\u00e9matiques, mais je privil\u00e9gie toujours, tant que faire se peut, une approche globale. Avoir de bonnes notions chronologiques concernant l\u2019histoire artistique m\u2019a toujours sembl\u00e9 vital\u00a0.<\/p>\n<p><strong>Ne plus \u00eatre <br \/>au garde \u00e0 vous<\/strong><\/p>\n<p>Qu\u2019on se rassure pourtant, le but de ces cours du soir, et d\u00e8s la rentr\u00e9e prochaine, d\u2019apr\u00e8s-midi, dispens\u00e9s dans l\u2019amphith\u00e9\u00e2tre du lyc\u00e9e Talensac ou dans une salle de la rue Du-Guesclin n\u2019est pas de transformer les \u00e9l\u00e8ves en b\u00eate \u00e0 concours ou en \u00e9rudits pour jeux t\u00e9l\u00e9vis\u00e9s.<\/p>\n<p>Le but premier serait de fournir aux auditeurs des armes suffisantes pour pouvoir exercer, en toute libert\u00e9, leur sens critique face aux \u0153uvres artistiques du pass\u00e9 ou du pr\u00e9sent. \u00a0Je vois encore trop souvent dans les mus\u00e9es de pauvres visiteurs au garde \u00e0 vous face aux \u0153uvres, un peu comme si la r\u00e9putation intimidante de ces peintures et sculptures, en leur paralysant l\u2019entendement, leur interdisait toute approche critique. J\u2019en vois d\u2019autres, tout aussi intimid\u00e9s, se pr\u00e9cipiter sur le titre et la cartouche explicative d\u2019une toile avant m\u00eame d\u2019oser porter ses yeux sur elle. Permettre une approche moins ridiculement sacralis\u00e9e, mais plus inform\u00e9e de l\u2019art, a toujours \u00e9t\u00e9 mon premier souci \u00bb, r\u00e9sume cette ex-libraire qui, non contente d\u2019animer son \u00e9cole, intervient \u00e9galement \u00e0 la facult\u00e9 et \u00e0 l\u2019Universit\u00e9 Permanente.<\/p>\n<p>Info : calliope-histoiredelart.fr<\/p>\n<p>\u00a0<\/p>\n","protected":false},"excerpt":{"rendered":"Faire en sorte que ses contemporains ne confondent plus Manet et Monet ou Giacometti et Giacobetti, telle est,&hellip;\n","protected":false},"author":2,"featured_media":230759,"comment_status":"","ping_status":"","sticky":false,"template":"","format":"standard","meta":{"footnotes":""},"categories":[2818],"tags":[1111,11,3734,36973,1777,674,2823,1011,27,766,12,2636,36974,25,20402],"class_list":{"0":"post-230758","1":"post","2":"type-post","3":"status-publish","4":"format-standard","5":"has-post-thumbnail","7":"category-nantes","8":"tag-actu","9":"tag-actualites","10":"tag-art","11":"tag-cultiver","12":"tag-eu","13":"tag-europe","14":"tag-face","15":"tag-fr","16":"tag-france","17":"tag-nantes","18":"tag-news","19":"tag-pays-de-la-loire","20":"tag-regard","21":"tag-republique-francaise","22":"tag-uvres"},"share_on_mastodon":{"url":"https:\/\/pubeurope.com\/@fr\/114807110574754894","error":""},"_links":{"self":[{"href":"https:\/\/www.europesays.com\/fr\/wp-json\/wp\/v2\/posts\/230758","targetHints":{"allow":["GET"]}}],"collection":[{"href":"https:\/\/www.europesays.com\/fr\/wp-json\/wp\/v2\/posts"}],"about":[{"href":"https:\/\/www.europesays.com\/fr\/wp-json\/wp\/v2\/types\/post"}],"author":[{"embeddable":true,"href":"https:\/\/www.europesays.com\/fr\/wp-json\/wp\/v2\/users\/2"}],"replies":[{"embeddable":true,"href":"https:\/\/www.europesays.com\/fr\/wp-json\/wp\/v2\/comments?post=230758"}],"version-history":[{"count":0,"href":"https:\/\/www.europesays.com\/fr\/wp-json\/wp\/v2\/posts\/230758\/revisions"}],"wp:featuredmedia":[{"embeddable":true,"href":"https:\/\/www.europesays.com\/fr\/wp-json\/wp\/v2\/media\/230759"}],"wp:attachment":[{"href":"https:\/\/www.europesays.com\/fr\/wp-json\/wp\/v2\/media?parent=230758"}],"wp:term":[{"taxonomy":"category","embeddable":true,"href":"https:\/\/www.europesays.com\/fr\/wp-json\/wp\/v2\/categories?post=230758"},{"taxonomy":"post_tag","embeddable":true,"href":"https:\/\/www.europesays.com\/fr\/wp-json\/wp\/v2\/tags?post=230758"}],"curies":[{"name":"wp","href":"https:\/\/api.w.org\/{rel}","templated":true}]}}