{"id":230766,"date":"2025-07-06T16:00:18","date_gmt":"2025-07-06T16:00:18","guid":{"rendered":"https:\/\/www.europesays.com\/fr\/230766\/"},"modified":"2025-07-06T16:00:18","modified_gmt":"2025-07-06T16:00:18","slug":"pres-de-toulouse-cest-quoi-cet-enorme-agri-parc-qui-sinstalle-aux-portes-de-la-ville-rose","status":"publish","type":"post","link":"https:\/\/www.europesays.com\/fr\/230766\/","title":{"rendered":"Pr\u00e8s de Toulouse. C&rsquo;est quoi cet \u00e9norme \u00ab\u00a0agri-parc\u00a0\u00bb, qui s&rsquo;installe aux portes de la Ville rose\u00a0?"},"content":{"rendered":"<p>            Par<br \/>\n        <strong><br \/>\n            <a href=\"https:\/\/actu.fr\/auteur\/guillaume-laurens\" title=\"Consulter tous les articles de Guillaume Laurens\" rel=\"nofollow noopener\" target=\"_blank\">Guillaume Laurens<\/a><br \/>\n        <\/strong><\/p>\n<p>        Publi\u00e9 le<\/p>\n<p>            6 juil. 2025 \u00e0 8h36        <\/p>\n<p>C\u2019est \u00e0 <a href=\"https:\/\/actu.fr\/occitanie\/auzeville-tolosane_31035\" rel=\"nofollow noopener\" target=\"_blank\"><strong>Auzeville-Tolosane<\/strong><\/a>, pr\u00e8s du fameux lyc\u00e9e agricole,\u00a0que se dessine aux portes de <strong>Toulouse<\/strong> un immense <strong>\u00ab\u00a0agri-parc\u00a0\u00bb.<\/strong> Il s\u2019agit d\u2019un \u00ab\u00a0projet d\u2019<strong>am\u00e9nagement agricole innovant\u00a0\u00bb,<\/strong> qui est \u00ab\u00a0le fruit d\u2019une coop\u00e9ration \u00e9troite entre de <strong>nombreux acteurs<\/strong> du territoire\u00a0\u00bb, au premier rang desquels la communaut\u00e9 d\u2019agglom\u00e9ration du sud-est toulousain : le <strong>Sicoval<\/strong>. Mais en quoi consiste ce projet\u2026 et que va-t-on y trouver ? On vous explique.<\/p>\n<p>Neuf projets agricoles sur 68 hectares au sud de Toulouse<\/p>\n<p class=\" wall-content\">Lanc\u00e9 en 2022 \u00e0 travers un Appel \u00e0 manifestation d\u2019int\u00e9r\u00eat, baptis\u00e9 \u00ab Pr\u00e9servation d\u2019une <strong>agriculture p\u00e9riurbaine<\/strong> respectueuse de l\u2019environnement et de la sant\u00e9 \u00bb, l\u2019agri-parc d\u2019Auzeville entre aujourd\u2019hui dans \u00ab\u00a0sa phase op\u00e9rationnelle\u00a0\u00bb, avec l\u2019installation progressive, sur les <strong>68 hectares<\/strong> du site, de <strong>neuf projets agricoles<\/strong> engag\u00e9s, a annonc\u00e9 en cette fin juin 2025 le pr\u00e9sident du Sicoval <strong>Bruno Caubet<\/strong>, entour\u00e9 d\u2019\u00e9lus, porteurs de projets et autres partenaires.<\/p>\n<p class=\" wall-content\">\n<p>Restructurer des parcelles auparavant en agriculture conventionnelle<\/p>\n<p class=\" wall-content\">Cet agri-parc d\u2019Auzeville \u00ab\u00a0s\u2019inscrit dans une volont\u00e9 de <strong>relocalisation de l\u2019alimentation<\/strong>, de <strong>soutien \u00e0 l\u2019installation<\/strong> de nouveaux agriculteurs sur le territoire et de <strong>valorisation du foncier<\/strong> agricole\u00a0\u00bb, explique l\u2019intercommunalit\u00e9.<\/p>\n<p class=\" wall-content\">Situ\u00e9 \u00e0 proximit\u00e9 imm\u00e9diate de <strong>l\u2019Agrobiopole<\/strong> \u2014 qui r\u00e9unit 50 acteurs, 1 225 chercheurs et enseignants, pour 2 500 personnes form\u00e9es par an \u2014 mais aussi <strong>d\u2019Agri Sud-Ouest Innovation<\/strong> \u2014 premier p\u00f4le de comp\u00e9titivit\u00e9 agricole de France \u2014 l\u2019agri-parc d\u2019Auzeville a \u00ab\u00a0vocation \u00e0 r\u00e9pondre aux probl\u00e9matiques climatiques, sociales, \u00e9conomiques et alimentaires du territoire, en devenant le premier p\u00f4le d\u00e9di\u00e9 \u00e0 l\u2019agriculture durable du sud-est toulousain\u00a0\u00bb.<\/p>\n<blockquote class=\"ac-article-quote wall-content\">\n<p>Le projet vise \u00e0 la restructuration des pratiques agricoles sur ces 68 hectares cultiv\u00e9s auparavant en grandes cultures conventionnelles afin de leur redonner une vocation plus diversifi\u00e9e et durable, en accueillant des porteurs de projets engag\u00e9s dans des mod\u00e8les d\u2019exploitation et de production r\u00e9silients.<\/p>\n<p>    <strong>Le Sicoval<\/strong>\n            <\/p><\/blockquote>\n<p>Neuf projets pour une \u00ab\u00a0agriculture nourrici\u00e8re et durable\u00a0\u00bb<\/p>\n<p class=\" wall-content\">Toujours d\u2019apr\u00e8s le Sicoval, cet appel \u00e0 manifestation d\u2019int\u00e9r\u00eat a donc permis de s\u00e9lectionner entre mars 2023 et mars 2024 <strong>neuf projets<\/strong>, port\u00e9s par <strong>huit acteurs <\/strong>du territoire.<\/p>\n<blockquote class=\"ac-article-quote wall-content\">\n<p>L\u2019ensemble de ces projets r\u00e9pond \u00e0 des crit\u00e8res exigeants de s\u00e9lection : diversification, circuits courts, cr\u00e9ation d\u2019emplois, pratiques agro\u00e9cologiques, transmission des savoirs, adaptation climatique&#8230;<\/p>\n<p>    <strong>Le Sicoval<\/strong>\n            <\/p><\/blockquote>\n<p>    <img   decoding=\"async\" loading=\"lazy\" src=\"https:\/\/www.europesays.com\/fr\/wp-content\/uploads\/2025\/07\/agri-parc-auzeville-tolosane-3-sicoval-toulouse-960x640.jpg\" alt=\"C'est la Safer qui a \u00e9t\u00e9 mobilis\u00e9e pour assurer la ma\u00eetrise fonci\u00e8re pour le compte du Sicoval sur l'agri-parc d'Auzeville-Tolosane\" width=\"960\" height=\"640\"\/><br \/>\n    C\u2019est la Safer qui a \u00e9t\u00e9 mobilis\u00e9e pour assurer la ma\u00eetrise fonci\u00e8re pour le compte du Sicoval sur l\u2019agri-parc d\u2019Auzeville-Tolosane (\u00a9Sicoval)Quels sont les projets retenus pour cet agri-parc ?<\/p>\n<p class=\" wall-content\">Dans le d\u00e9tail, les neuf projets retenus pour l\u2019agri-parc d\u2019Auzeville sont :<\/p>\n<ul class=\" wall-content\">\n<li>La <strong>culture d\u2019agrumes et de gen\u00e9vriers<\/strong> en agriculture biologique en vue d\u2019une transformation en <strong>spiritueux d\u2019exception,<\/strong> port\u00e9 par la Distillerie des Pyr\u00e9n\u00e9es, sur 4,9 hectares.<\/li>\n<li>La <strong>production et l\u2019exp\u00e9rimentation autour du pastel<\/strong> dans une d\u00e9marche de relance de cette culture embl\u00e9matique du Lauragais, port\u00e9 par la commune d\u2019Auzeville-Tolosane, le lyc\u00e9e agricole d\u2019Auzeville-Tolosane et Terre de Pastel, sur 7,2 hectares.<\/li>\n<li><strong>L\u2019exploitation de grandes cultures diversifi\u00e9es<\/strong> afin de soutenir et s\u00e9curiser l\u2019activit\u00e9 d\u2019un jeune exploitant, port\u00e9 par \u00ab\u00a0un jeune agriculteur local\u00a0\u00bb, sur 6,1 hectares.<\/li>\n<li>Une <strong>p\u00e9pini\u00e8re fruiti\u00e8re et un verger<\/strong> <strong>conservatoire<\/strong> pour proposer aux habitants des arbres fruitiers produits localement, port\u00e9 par Fruitiers d\u2019Autan, sur 0,5 hectare.<\/li>\n<li>Des <strong>jardins familiaux et partag\u00e9s,<\/strong> afin de cr\u00e9er un espace de vie cr\u00e9ateur de lien social, favoriser l\u2019auto-consommation alimentaire et valoriser le patrimoine paysager, port\u00e9 par la commune d\u2019Auzeville-Tolosane, sur 1,1 hectare.<\/li>\n<li>La <strong>grange foraine<\/strong> qui a vocation \u00e0 devenir un futur <strong>lieu d\u2019accueil p\u00e9dagogique<\/strong> et de vente de produits locaux, port\u00e9 par la commune d\u2019Auzeville-Tolosane, sur 0,9 hectare.<\/li>\n<li>Une <strong>parcelle de pr\u00e9servation d\u2019espaces naturels<\/strong> en lien avec <a href=\"https:\/\/actu.fr\/occitanie\/labege_31254\/a-l-image-de-paris-cette-commune-proche-de-toulouse-sera-une-ville-du-quart-d-heure-voici-son-ambition_62163732.html\" rel=\"nofollow noopener\" target=\"_blank\">le projet urbain Enova<\/a>, attribu\u00e9e au Sicoval, sur 6,5 hectares.<\/li>\n<li>Des <strong>terrains acquis<\/strong> par le Sicoval, \u00ab\u00a0pour les mettre <strong>en location \u00e0 un jeune agriculteur<\/strong> au travers d\u2019un bail sous crit\u00e8res environnementaux, toujours pour soutenir l\u2019activit\u00e9 d\u2019un jeune agriculteur et encourager les cultures \u00e0 forte valeur ajout\u00e9e\u00a0\u00bb, port\u00e9 par le Sicoval, sur sept hectares.<\/li>\n<li>Un <strong>projet agricole et p\u00e9dagogique<\/strong> de l\u2019exploitation du lyc\u00e9e agricole d\u2019Auzeville-Tolosane (en cours d\u2019\u00e9tude) pour la production et l\u2019exp\u00e9rimentation en <strong>agriculture biologique, <\/strong>port\u00e9 par le lyc\u00e9e, sur quelque 31,2 hectares.<\/li>\n<\/ul>\n<p>Le premier projet de cette envergure de l\u2019agglo<\/p>\n<p class=\" wall-content\">Au-del\u00e0 d\u2019un espace de production, l\u2019agri-parc d\u2019Auzeville se veut comme \u00ab\u00a0un projet exemplaire en mati\u00e8re de <strong>transition agricole<\/strong> en zone p\u00e9riurbaine\u00a0\u00bb, soutient le Sicoval, qui fait observer que ce site grandeur nature \u00ab\u00a0vient renforcer <strong>l\u2019\u00e9cosyst\u00e8me agroalimentaire local,<\/strong> en lien \u00e9troit avec les acteurs de la formation (ENSAT, ENSFEA), de la recherche (INRAE) et de l\u2019innovation (Agri SudOuest Innovation).<\/p>\n<p class=\" wall-content\">\u00ab\u00a0Nous portons l\u2019ambition de <strong>relocaliser une agriculture nourrici\u00e8re<\/strong> et d\u2019encourager l\u2019installation de nouveaux agriculteurs\u00a0\u00bb, insiste <strong>Bruno Caubet<\/strong>. Pour le pr\u00e9sident, cet agri-parc \u00ab\u00a0constitue un levier op\u00e9rationnel majeur, afin de structurer un \u00e9cosyst\u00e8me de production agro\u00e9cologique\u00a0\u00bb. Si c\u2019est <strong>\u00ab\u00a0le premier projet de cette envergure<\/strong> dans l\u2019agglom\u00e9ration toulousaine\u00a0\u00bb, le Sicoval veut croire qu\u2019il \u00ab\u00a0a vocation \u00e0 <strong>inspirer d\u2019autres territoires<\/strong> dans leur propre mutation\u00a0\u00bb.<\/p>\n<p>    <a href=\"https:\/\/www.google.com\/maps\/embed?pb=!1m17!1m12!1m3!1d2892.457529158684!2d1.4942864532081368!3d43.534503785842375!2m3!1f0!2f0!3f0!3m2!1i1024!2i768!4f13.1!3m2!1m1!2zNDPCsDMyJzA0LjIiTiAxwrAyOSc1Ny4wIkU!5e0!3m2!1sfr!2sfr!4v1751554021390!5m2!1sfr!2sfr\" title=\"Ouvrie le lien\" rel=\"nofollow noopener\" target=\"_blank\">Cliquez ici pour visualiser le contenu<\/a><\/p>\n<p class=\" wall-content\">Suivez toute l\u2019actualit\u00e9 de vos villes et m\u00e9dias favoris en vous inscrivant \u00e0 <a href=\"https:\/\/moncompte.actu.fr\" title=\"D\u00e9couvez Mon Actu\" rel=\"nofollow noopener\" data-trk=\"{&quot;cta&quot;:{&quot;action&quot;:&quot;https:\\\/\\\/moncompte.actu.fr&quot;,&quot;category&quot;:&quot;mon compte&quot;,&quot;from&quot;:&quot;article footer&quot;,&quot;name&quot;:&quot;Mon actu&quot;,&quot;type&quot;:&quot;cta&quot;}}\" target=\"_blank\">Mon Actu<\/a>.<\/p>\n","protected":false},"excerpt":{"rendered":"Par Guillaume Laurens Publi\u00e9 le 6 juil. 2025 \u00e0 8h36 C\u2019est \u00e0 Auzeville-Tolosane, pr\u00e8s du fameux lyc\u00e9e agricole,\u00a0que&hellip;\n","protected":false},"author":2,"featured_media":230767,"comment_status":"","ping_status":"","sticky":false,"template":"","format":"standard","meta":{"footnotes":""},"categories":[2816],"tags":[1111,11,327,1777,674,1011,27,12,2680,25,104,2312],"class_list":{"0":"post-230766","1":"post","2":"type-post","3":"status-publish","4":"format-standard","5":"has-post-thumbnail","7":"category-toulouse","8":"tag-actu","9":"tag-actualites","10":"tag-agriculture","11":"tag-eu","12":"tag-europe","13":"tag-fr","14":"tag-france","15":"tag-news","16":"tag-occitanie","17":"tag-republique-francaise","18":"tag-societe","19":"tag-toulouse"},"share_on_mastodon":{"url":"https:\/\/pubeurope.com\/@fr\/114807126398912909","error":""},"_links":{"self":[{"href":"https:\/\/www.europesays.com\/fr\/wp-json\/wp\/v2\/posts\/230766","targetHints":{"allow":["GET"]}}],"collection":[{"href":"https:\/\/www.europesays.com\/fr\/wp-json\/wp\/v2\/posts"}],"about":[{"href":"https:\/\/www.europesays.com\/fr\/wp-json\/wp\/v2\/types\/post"}],"author":[{"embeddable":true,"href":"https:\/\/www.europesays.com\/fr\/wp-json\/wp\/v2\/users\/2"}],"replies":[{"embeddable":true,"href":"https:\/\/www.europesays.com\/fr\/wp-json\/wp\/v2\/comments?post=230766"}],"version-history":[{"count":0,"href":"https:\/\/www.europesays.com\/fr\/wp-json\/wp\/v2\/posts\/230766\/revisions"}],"wp:featuredmedia":[{"embeddable":true,"href":"https:\/\/www.europesays.com\/fr\/wp-json\/wp\/v2\/media\/230767"}],"wp:attachment":[{"href":"https:\/\/www.europesays.com\/fr\/wp-json\/wp\/v2\/media?parent=230766"}],"wp:term":[{"taxonomy":"category","embeddable":true,"href":"https:\/\/www.europesays.com\/fr\/wp-json\/wp\/v2\/categories?post=230766"},{"taxonomy":"post_tag","embeddable":true,"href":"https:\/\/www.europesays.com\/fr\/wp-json\/wp\/v2\/tags?post=230766"}],"curies":[{"name":"wp","href":"https:\/\/api.w.org\/{rel}","templated":true}]}}