{"id":230774,"date":"2025-07-06T16:04:18","date_gmt":"2025-07-06T16:04:18","guid":{"rendered":"https:\/\/www.europesays.com\/fr\/230774\/"},"modified":"2025-07-06T16:04:18","modified_gmt":"2025-07-06T16:04:18","slug":"marseille-nuisances-depots-sauvages-le-quotidien-des-habitants-de-ce-quartier-est-un-enfer","status":"publish","type":"post","link":"https:\/\/www.europesays.com\/fr\/230774\/","title":{"rendered":"Marseille. Nuisances, d\u00e9p\u00f4ts sauvages&#8230; Le quotidien des habitants de ce quartier est \u00ab\u00a0un enfer\u00a0\u00bb"},"content":{"rendered":"<p>            Par<br \/>\n        <strong><br \/>\n            <a href=\"https:\/\/actu.fr\/auteur\/thibault-nadal-actu-fr\" title=\"Consulter tous les articles de Thibault Nadal\" target=\"_blank\" rel=\"noopener\">Thibault Nadal<\/a><br \/>\n        <\/strong><\/p>\n<p>        Publi\u00e9 le<\/p>\n<p>            5 juil. 2025 \u00e0 6h04        <\/p>\n<p>S\u00e9bastien Balducchi parle de son cet endroit comme d\u2019\u00ab\u2009un petit coin de paradis\u2009\u00bb. Pourtant, depuis un an, <strong>le quartier des Trois Ponts<\/strong>, situ\u00e9 au nord du 10e arrondissement et au pied des montagnes, n\u2019a plus rien d\u2019idyllique. \u00ab\u2009On vit l\u2019enfer\u2009\u00bb, ose m\u00eame celui qui a achet\u00e9 une maison dans le coin il y a huit ans. Face \u00e0 cette situation, plusieurs habitants ont <a href=\"https:\/\/www.change.org\/p\/lib%C3%A9rons-les-trois-ponts?source_location=search\" target=\"_blank\" rel=\"noopener\">lanc\u00e9 une p\u00e9tition<\/a> et une lettre a \u00e9t\u00e9 envoy\u00e9e \u00e0 la mairie de <a href=\"https:\/\/actu.fr\/marseille\/\" target=\"_blank\" rel=\"noopener\">Marseille<\/a> et \u00e0 la pr\u00e9fecture des <a href=\"https:\/\/actu.fr\/provence-alpes-cote-d-azur\/bouches-du-rhone_13\" target=\"_blank\" rel=\"noopener\">Bouches-du-Rh\u00f4ne<\/a>.<\/p>\n<p>Des jeunes qui s\u00e8ment la zizanie dans le quartier<\/p>\n<p class=\" wall-content\">Dans ce village qui fait en r\u00e9alit\u00e9 partie du <strong>quartier Saint-Loup<\/strong>, le calme r\u00e8gne en journ\u00e9e. Entre les pins, le bruit des criquets et le canal de Marseille, l\u2019endroit d\u00e9tonne par son calme, compar\u00e9 au reste de la cit\u00e9 phoc\u00e9enne.<\/p>\n<p class=\" wall-content\">Mais la tranquillit\u00e9 des riverains est d\u00e9sormais mise \u00e0 rude \u00e9preuve par des jeunes qui restent jusqu\u2019\u00e0 tard le soir sur la place Constantino, situ\u00e9e \u00e0 l\u2019entr\u00e9e du quartier. D\u00e9rapages \u00e0 scooter, parties de p\u00e9tanque jusque tard dans la nuit ou consommation excessive d\u2019alcools et de stup\u00e9fiants font partie des <strong>multiples griefs<\/strong> \u00e0 leur encontre. \u00ab\u2009Je suis infirmier et je me l\u00e8ve \u00e0 5h du matin. Mais \u00e0 2h, je suis encore en train de leur demander d\u2019arr\u00eater\u2009\u00bb, raconte S\u00e9bastien Balducchi, l\u2019auteur de la p\u00e9tition sur le site change.org.<\/p>\n<p>    <img   decoding=\"async\" loading=\"lazy\" src=\"https:\/\/www.europesays.com\/fr\/wp-content\/uploads\/2025\/07\/design-sans-titre-23-960x640.png\" alt=\"Des d\u00e9chets sont laiss\u00e9s chaque soir sur la place Constantino, alors qu'elle est \u00e9quip\u00e9e de cinq poubelles.\" width=\"960\" height=\"640\"\/><br \/>\n    Des d\u00e9chets sont laiss\u00e9s chaque soir sur la place Constantino, alors qu\u2019elle est \u00e9quip\u00e9e de cinq poubelles. (\u00a9Document remis \u00e0 actu Marseille)<\/p>\n<p class=\" wall-content\">\u00ab\u2009\u00c7a a toujours \u00e9t\u00e9 comme \u00e7a, mais depuis un an, <strong>c\u2019est catastrophique<\/strong>. On vit un enfer\u2009\u00bb, poursuit-il.<\/p>\n<blockquote class=\"ac-article-quote wall-content\">\n<p>Les jeunes ne me d\u00e9rangent pas. Mais quand je me l\u00e8ve et que je vois que c&rsquo;est Hiroshima, ils n&rsquo;ont pas d&rsquo;excuse. On est tr\u00e8s en col\u00e8re.<\/p>\n<p>    <strong>S\u00e9bastien Balducchi<\/strong><br \/>\n        Habitant du quartier des Trois Ponts \u00e0 Marseille    <\/p><\/blockquote>\n<p class=\" wall-content\">Avec ces jeunes, le dialogue semble rompu et <strong>les habitants sont \u00ab\u2009\u00e0 cran\u2009\u00bb<\/strong>, assure le p\u00e8re de famille. Car ces derniers mois, plusieurs \u00e9v\u00e9nements ont mis le feu \u00e0 poudre. \u00c0 commencer par <a href=\"https:\/\/actu.fr\/tag\/dechets\" target=\"_blank\" rel=\"noopener\">les d\u00e9chets sauvages<\/a> laiss\u00e9s sur la place, voire \u00e0 c\u00f4t\u00e9 des cinq poubelles. \u00ab\u2009Ils font \u00e7a pour nous narguer, affirme-t-il.<strong> C\u2019est une mamie qui chaque matin vient elle-m\u00eame nettoyer les lieux<\/strong>.\u2009\u00bb<\/p>\n<p>    <img   decoding=\"async\" loading=\"lazy\" src=\"https:\/\/www.europesays.com\/fr\/wp-content\/uploads\/2025\/07\/whatsapp-image-2025-07-04-at-172529-960x640.jpeg\" alt=\"Un cutter a \u00e9t\u00e9 retrouv\u00e9 abandonn\u00e9 sur la place Constantino dans le quartier des Trois Ponts.\" width=\"960\" height=\"640\"\/><br \/>\n    Un cutter a \u00e9t\u00e9 retrouv\u00e9 abandonn\u00e9 sur la place Constantino dans le quartier des Trois Ponts. (\u00a9Capture d\u2019une vid\u00e9o \/ Document remis \u00e0 actu Marseille)\u00ab\u2009J\u2019ai peur qu\u2019un point de deal s\u2019installe ici\u2009\u00bb<\/p>\n<p class=\" wall-content\">Parmi ces d\u00e9chets, <strong>un cutter a notamment \u00e9t\u00e9 retrouv\u00e9<\/strong>. Les riverains craignent dor\u00e9navant qu\u2019un drame se produise. \u00ab\u2009J\u2019ai peur qu\u2019un <a href=\"https:\/\/actu.fr\/tag\/drogue\" target=\"_blank\" rel=\"noopener\">point de deal<\/a> s\u2019installe ici\u2009\u00bb, explique encore S\u00e9bastien Balducchi.<\/p>\n<p class=\" wall-content\">Un autre \u00e9v\u00e9nement a marqu\u00e9 le quadrag\u00e9naire. \u00ab\u2009Un jour, <strong>ils ont mis le feu<\/strong>, mais on l\u2019a rapidement \u00e9teint. Ici, \u00e7a peut prendre tr\u00e8s vite.\u2009\u00bb Face \u00e0 cela, il a d\u00e9cid\u00e9 de d\u00e9broussailler tout son jardin.<\/p>\n<p>La question des d\u00e9p\u00f4ts sauvages<\/p>\n<p class=\" wall-content\">Mais ces probl\u00e8mes avec les jeunes \u2013 \u00ab\u2009qui montent certainement des cit\u00e9s voisines\u2009\u00bb \u2013 ne sont pas les seuls. Un autre, bien plus ancien, empoisonne le quotidien du quartier\u2009: <a href=\"https:\/\/actu.fr\/societe\/les-depots-sauvages-de-dechets-explosent-en-france-face-a-ce-fleau-les-maires-sortent-l-artillerie-lourde_62466760.html\" target=\"_blank\" rel=\"noopener\">les d\u00e9p\u00f4ts sauvages<\/a>.<\/p>\n<p class=\" wall-content\">Pourtant, au-dessus de la place Constantino, se trouvent deux bennes \u00e0 ordure. Des kilos de d\u00e9chets sont retrouv\u00e9s\u2026 \u00e0 c\u00f4t\u00e9. \u00ab\u2009Une fois, <strong>il y avait une cuisine enti\u00e8re<\/strong>\u2009\u00bb, sourit S\u00e9bastien Balducchi.<\/p>\n<p>    <img   decoding=\"async\" loading=\"lazy\" src=\"https:\/\/www.europesays.com\/fr\/wp-content\/uploads\/2025\/07\/whatsapp-image-2025-07-04-at-172934-960x640.jpeg\" alt=\"R\u00e9guli\u00e8rement, des d\u00e9chets s'entassent \u00e0 c\u00f4t\u00e9 des bennes \u00e0 ordures.\" width=\"960\" height=\"640\"\/><br \/>\n    R\u00e9guli\u00e8rement, des d\u00e9chets s\u2019entassent \u00e0 c\u00f4t\u00e9 des bennes \u00e0 ordures. (\u00a9Document remis \u00e0 actu Marseille)<\/p>\n<p class=\" wall-content\">Alain habite ici dans les ann\u00e9es 1980. Il trouve cette situation \u00ab\u2009scandaleuse\u2009\u00bb et ne comprend pas comment il peut y avoir un \u00ab\u2009si gros manque de civisme\u2009\u00bb. <strong>\u00ab\u2009\u00c0 la longue, \u00e7a me fatigue et me gonfle\u2009\u00bb<\/strong>, soupire le retrait\u00e9.<\/p>\n<p class=\" wall-content\">Car ces d\u00e9chets ne sont pas que du fait des jeunes. Des camions de soci\u00e9t\u00e9 sont d\u00e9j\u00e0 venus jusqu\u2019au Trois-Ponts pour s\u2019en d\u00e9barrasser. Avec cette somme de probl\u00e8mes, S\u00e9bastien Balducchi craint \u00ab\u2009une baisse des prix de <a href=\"https:\/\/actu.fr\/tag\/immobilier\" target=\"_blank\" rel=\"noopener\">l\u2019immobilier\u2009<\/a>\u00bb.<\/p>\n<p>Quelles solutions\u2009?<\/p>\n<p class=\" wall-content\">Pour sortir de cette situation difficile et retrouver une vie paisible, les deux hommes expliquent avoir plusieurs propositions. La premi\u00e8re et la plus urgence, \u00e0 leurs yeux, concerne <strong>l\u2019installation de cam\u00e9ras<\/strong>.<\/p>\n<p class=\" wall-content\">Ils r\u00e9clament aussi <strong>des patrouilles de police<\/strong> qui \u00ab\u2009montent le soir jusqu\u2019aux Trois Ponts\u2009\u00bb. \u00ab\u2009Je les ai appel\u00e9es plusieurs fois, mais ils ne sont jamais venus\u2009\u00bb, regrette fortement S\u00e9bastien Balducchi.<\/p>\n<p class=\" wall-content\">La p\u00e9tition semble avoir eu un premier effet, puisque Blaise Rosato, adjoint \u00e0 la S\u00e9curit\u00e9 \u00e0 la mairie des 9e et 10e arrondissements, s\u2019est d\u00e9plac\u00e9 sur place. Il a promis <a href=\"https:\/\/actu.fr\/tag\/videosurveillance\" target=\"_blank\" rel=\"noopener\">l\u2019installation de cam\u00e9ras nomades<\/a>, les permanentes sont du ressort de la mairie de Marseille.<\/p>\n<p class=\" wall-content\">En revanche, des patrouilles de <a href=\"https:\/\/actu.fr\/tag\/police\" target=\"_blank\" rel=\"noopener\">police<\/a> devraient bien circuler dans le quartier. La demande a \u00e9t\u00e9 faite lors d\u2019une r\u00e9union. Thierry Santelli, vice-pr\u00e9sident (DVD) du Conseil d\u00e9partemental des Bouches-du-Rh\u00f4ne, a aussi \u00e9crit une lettre aux commissaires de la Division Sud pour prot\u00e9ger le quartier.<\/p>\n<p class=\" wall-content\">Mais ce mercredi 2\u00a0juillet, S\u00e9bastien Balducchi assure que<strong> rien n\u2019a chang\u00e9<\/strong>. \u00ab\u2009C\u2019est m\u00eame encore pire. Ils sont de plus en plus nombreux sur la place\u2009\u00bb, affirme-t-il.<\/p>\n<p class=\" wall-content\">Suivez toute l\u2019actualit\u00e9 de vos villes et m\u00e9dias favoris en vous inscrivant \u00e0 <a href=\"https:\/\/moncompte.actu.fr\" title=\"D\u00e9couvez Mon Actu\" rel=\"nofollow noopener\" data-trk=\"{&quot;cta&quot;:{&quot;action&quot;:&quot;https:\\\/\\\/moncompte.actu.fr&quot;,&quot;category&quot;:&quot;mon compte&quot;,&quot;from&quot;:&quot;article footer&quot;,&quot;name&quot;:&quot;Mon actu&quot;,&quot;type&quot;:&quot;cta&quot;}}\" target=\"_blank\">Mon Actu<\/a>.<\/p>\n","protected":false},"excerpt":{"rendered":"Par Thibault Nadal Publi\u00e9 le 5 juil. 2025 \u00e0 6h04 S\u00e9bastien Balducchi parle de son cet endroit comme&hellip;\n","protected":false},"author":2,"featured_media":230775,"comment_status":"","ping_status":"","sticky":false,"template":"","format":"standard","meta":{"footnotes":""},"categories":[2814],"tags":[1111,11,3008,1052,1777,674,1011,27,884,12,882,25,104],"class_list":{"0":"post-230774","1":"post","2":"type-post","3":"status-publish","4":"format-standard","5":"has-post-thumbnail","7":"category-marseille","8":"tag-actu","9":"tag-actualites","10":"tag-dechets","11":"tag-drogue","12":"tag-eu","13":"tag-europe","14":"tag-fr","15":"tag-france","16":"tag-marseille","17":"tag-news","18":"tag-provence-alpes-cote-dazur","19":"tag-republique-francaise","20":"tag-societe"},"share_on_mastodon":{"url":"https:\/\/pubeurope.com\/@fr\/114807142156150690","error":""},"_links":{"self":[{"href":"https:\/\/www.europesays.com\/fr\/wp-json\/wp\/v2\/posts\/230774","targetHints":{"allow":["GET"]}}],"collection":[{"href":"https:\/\/www.europesays.com\/fr\/wp-json\/wp\/v2\/posts"}],"about":[{"href":"https:\/\/www.europesays.com\/fr\/wp-json\/wp\/v2\/types\/post"}],"author":[{"embeddable":true,"href":"https:\/\/www.europesays.com\/fr\/wp-json\/wp\/v2\/users\/2"}],"replies":[{"embeddable":true,"href":"https:\/\/www.europesays.com\/fr\/wp-json\/wp\/v2\/comments?post=230774"}],"version-history":[{"count":0,"href":"https:\/\/www.europesays.com\/fr\/wp-json\/wp\/v2\/posts\/230774\/revisions"}],"wp:featuredmedia":[{"embeddable":true,"href":"https:\/\/www.europesays.com\/fr\/wp-json\/wp\/v2\/media\/230775"}],"wp:attachment":[{"href":"https:\/\/www.europesays.com\/fr\/wp-json\/wp\/v2\/media?parent=230774"}],"wp:term":[{"taxonomy":"category","embeddable":true,"href":"https:\/\/www.europesays.com\/fr\/wp-json\/wp\/v2\/categories?post=230774"},{"taxonomy":"post_tag","embeddable":true,"href":"https:\/\/www.europesays.com\/fr\/wp-json\/wp\/v2\/tags?post=230774"}],"curies":[{"name":"wp","href":"https:\/\/api.w.org\/{rel}","templated":true}]}}