{"id":230778,"date":"2025-07-06T16:06:10","date_gmt":"2025-07-06T16:06:10","guid":{"rendered":"https:\/\/www.europesays.com\/fr\/230778\/"},"modified":"2025-07-06T16:06:10","modified_gmt":"2025-07-06T16:06:10","slug":"cinema-reste-34-ans-a-laffiche-du-cnp-terreaux-le-graphique-de-boscop-est-un-veritable-phenomene-lyonnais","status":"publish","type":"post","link":"https:\/\/www.europesays.com\/fr\/230778\/","title":{"rendered":"Cin\u00e9ma. Rest\u00e9 34 ans \u00e0 l\u2019affiche du CNP Terreaux, Le Graphique de Boscop est un v\u00e9ritable ph\u00e9nom\u00e8ne lyonnais \ufeff"},"content":{"rendered":"<p>C\u2019est un ovni qui a atterri un jour \u00e0 Lyon et que ses habitants n\u2019ont pas voulu laisser repartir pendant pr\u00e8s de 35 ans.<\/p>\n<p>Le Graphique de Boscop  est un film fran\u00e7ais de Sotha et Georges Dumoulin, sorti en 1976. C\u2019\u00e9tait au d\u00e9part une pi\u00e8ce de th\u00e9\u00e2tre du Caf\u00e9 de la Gare. L\u2019embl\u00e9matique caf\u00e9-th\u00e9\u00e2tre parisien a vu le jour juste apr\u00e8s mai 68, \u00e0 l\u2019initiative de Romain Bouteille, entour\u00e9 de Coluche, Sotha, Patrick Dewaere, Miou-Miou et <a href=\"https:\/\/www.leprogres.fr\/haute-loire\/2017\/02\/03\/henri-guybet-au-cafe-de-la-gare-je-ne-savais-jamais-qui-sortait-avec-qui\" target=\"_blank\" rel=\"noopener\">Henri Guybet<\/a>, devenu populaire gr\u00e2ce \u00e0 son r\u00f4le de chauffeur de Louis de Fun\u00e8s dans Les Aventures de Rabbi Jacob.<\/p>\n<p>Une derni\u00e8re s\u00e9ance en 2018<\/p>\n<p>Le long-m\u00e9trage, \u00e0 l\u2019humour anar&#8230;<\/p>\n","protected":false},"excerpt":{"rendered":"C\u2019est un ovni qui a atterri un jour \u00e0 Lyon et que ses habitants n\u2019ont pas voulu laisser&hellip;\n","protected":false},"author":2,"featured_media":230779,"comment_status":"","ping_status":"","sticky":false,"template":"","format":"standard","meta":{"footnotes":""},"categories":[1889],"tags":[1111,11,2430,650,1687,2757,1777,674,107,1011,27,2428,2756,12,25,2429,4604],"class_list":{"0":"post-230778","1":"post","2":"type-post","3":"status-publish","4":"format-standard","5":"has-post-thumbnail","7":"category-lyon","8":"tag-actu","9":"tag-actualites","10":"tag-auvergne-rhone-alpes","11":"tag-cinema","12":"tag-culture-loisirs","13":"tag-edition-lyon-villeurbanne","14":"tag-eu","15":"tag-europe","16":"tag-fil-info","17":"tag-fr","18":"tag-france","19":"tag-lyon","20":"tag-lyon-bassin","21":"tag-news","22":"tag-republique-francaise","23":"tag-rhone","24":"tag-selection-abonne"},"share_on_mastodon":{"url":"https:\/\/pubeurope.com\/@fr\/114807149975966438","error":""},"_links":{"self":[{"href":"https:\/\/www.europesays.com\/fr\/wp-json\/wp\/v2\/posts\/230778","targetHints":{"allow":["GET"]}}],"collection":[{"href":"https:\/\/www.europesays.com\/fr\/wp-json\/wp\/v2\/posts"}],"about":[{"href":"https:\/\/www.europesays.com\/fr\/wp-json\/wp\/v2\/types\/post"}],"author":[{"embeddable":true,"href":"https:\/\/www.europesays.com\/fr\/wp-json\/wp\/v2\/users\/2"}],"replies":[{"embeddable":true,"href":"https:\/\/www.europesays.com\/fr\/wp-json\/wp\/v2\/comments?post=230778"}],"version-history":[{"count":0,"href":"https:\/\/www.europesays.com\/fr\/wp-json\/wp\/v2\/posts\/230778\/revisions"}],"wp:featuredmedia":[{"embeddable":true,"href":"https:\/\/www.europesays.com\/fr\/wp-json\/wp\/v2\/media\/230779"}],"wp:attachment":[{"href":"https:\/\/www.europesays.com\/fr\/wp-json\/wp\/v2\/media?parent=230778"}],"wp:term":[{"taxonomy":"category","embeddable":true,"href":"https:\/\/www.europesays.com\/fr\/wp-json\/wp\/v2\/categories?post=230778"},{"taxonomy":"post_tag","embeddable":true,"href":"https:\/\/www.europesays.com\/fr\/wp-json\/wp\/v2\/tags?post=230778"}],"curies":[{"name":"wp","href":"https:\/\/api.w.org\/{rel}","templated":true}]}}