{"id":230781,"date":"2025-07-06T16:08:10","date_gmt":"2025-07-06T16:08:10","guid":{"rendered":"https:\/\/www.europesays.com\/fr\/230781\/"},"modified":"2025-07-06T16:08:10","modified_gmt":"2025-07-06T16:08:10","slug":"plus-de-250-km-de-bouchons-autour-de-paris","status":"publish","type":"post","link":"https:\/\/www.europesays.com\/fr\/230781\/","title":{"rendered":"plus de 250 km de bouchons autour de Paris"},"content":{"rendered":"<p>            Par<br \/>\n        <strong><br \/>\n            <a href=\"https:\/\/actu.fr\/auteur\/thomas-martin\" title=\"Consulter tous les articles de Thomas Martin\" target=\"_blank\" rel=\"noopener\">Thomas Martin<\/a><br \/>\n        <\/strong><\/p>\n<p>        Publi\u00e9 le<\/p>\n<p>            6 juil. 2025 \u00e0 17h41        <\/p>\n<p>C\u2019est un duo qui ne se d\u00e9ment pas. <a href=\"https:\/\/actu.fr\/tag\/pluie\" target=\"_blank\" rel=\"noopener\">Pluie<\/a> et bouchons vont souvent de paire sur les routes d\u2019\u00cele-de-France. C\u2019est encore le cas ce dimanche 6 juillet, qui plus est pour le premier week-end de d\u00e9part en vacances.\u00a0<\/p>\n<p>Une journ\u00e9e class\u00e9e verte par Bison Fut\u00e9<\/p>\n<p class=\" wall-content\">Selon Sytadin, la courbe des ralentissements a \u00e9t\u00e9 quasiment toute la journ\u00e9e \u00e0 un niveau exceptionnel. La situation s\u2019est v\u00e9ritablement aggrav\u00e9e en milieu d\u2019apr\u00e8s-midi alors que des pluies importantes s\u2019abattaient sur la r\u00e9gion.\u00a0<\/p>\n<p class=\" wall-content\">Les bouchons ont alors grimp\u00e9 en fl\u00e8che pour atteindre les 250 kilom\u00e8tres avant d\u2019amorcer un l\u00e9ger repli aux alentours de 17h. La journ\u00e9e avait pourtant \u00e9t\u00e9 class\u00e9e verte par les services de <a href=\"https:\/\/actu.fr\/ile-de-france\/paris_75056\/vacances-d-ete-bison-fute-prevoit-un-week-end-tres-difficile-sur-les-routes-de-paris-et-d-ile-de-france_62858436.html\" target=\"_blank\" rel=\"noopener\">Bison Fut\u00e9<\/a> dans les deux sens de <a href=\"https:\/\/actu.fr\/tag\/circulation\" target=\"_blank\" rel=\"noopener\">circulation<\/a>. Le sud (A6B) et l\u2019est (A86, A1\u2026) de la capitale semblent particuli\u00e8rement concern\u00e9s.\u00a0<\/p>\n<p>    <img   decoding=\"async\" loading=\"lazy\" src=\"https:\/\/www.europesays.com\/fr\/wp-content\/uploads\/2025\/07\/cumulbouchon-1-960x598.png\" alt=\"Les bouchons ont explos\u00e9 ce dimanche sur les routes d'\u00cele-de-France\" width=\"960\" height=\"598\"\/><br \/>\n    Les bouchons ont explos\u00e9 ce dimanche sur les routes d\u2019\u00cele-de-France (\u00a9Sytadin)<\/p>\n<p class=\" wall-content\">De nombreux embouteillages avaient d\u00e9j\u00e0 \u00e9t\u00e9 relev\u00e9s samedi avec 200 km de ralentissements enregistr\u00e9s.\u00a0<\/p>\n<p>Vid\u00e9os : en ce moment sur Actu<\/p>\n<p class=\" wall-content\">Suivez toute l\u2019actualit\u00e9 de vos villes et m\u00e9dias favoris en vous inscrivant \u00e0 <a href=\"https:\/\/moncompte.actu.fr\" title=\"D\u00e9couvez Mon Actu\" rel=\"nofollow noopener\" data-trk=\"{&quot;cta&quot;:{&quot;action&quot;:&quot;https:\\\/\\\/moncompte.actu.fr&quot;,&quot;category&quot;:&quot;mon compte&quot;,&quot;from&quot;:&quot;article footer&quot;,&quot;name&quot;:&quot;Mon actu&quot;,&quot;type&quot;:&quot;cta&quot;}}\" target=\"_blank\">Mon Actu<\/a>.<\/p>\n","protected":false},"excerpt":{"rendered":"Par Thomas Martin Publi\u00e9 le 6 juil. 2025 \u00e0 17h41 C\u2019est un duo qui ne se d\u00e9ment pas.&hellip;\n","protected":false},"author":2,"featured_media":230782,"comment_status":"","ping_status":"","sticky":false,"template":"","format":"standard","meta":{"footnotes":""},"categories":[1592],"tags":[1111,11,3542,1777,674,1011,27,662,12,626,4459,25,104],"class_list":{"0":"post-230781","1":"post","2":"type-post","3":"status-publish","4":"format-standard","5":"has-post-thumbnail","7":"category-ile-de-france","8":"tag-actu","9":"tag-actualites","10":"tag-circulation","11":"tag-eu","12":"tag-europe","13":"tag-fr","14":"tag-france","15":"tag-ile-de-france","16":"tag-news","17":"tag-paris","18":"tag-pluie","19":"tag-republique-francaise","20":"tag-societe"},"share_on_mastodon":{"url":"https:\/\/pubeurope.com\/@fr\/114807157753859577","error":""},"_links":{"self":[{"href":"https:\/\/www.europesays.com\/fr\/wp-json\/wp\/v2\/posts\/230781","targetHints":{"allow":["GET"]}}],"collection":[{"href":"https:\/\/www.europesays.com\/fr\/wp-json\/wp\/v2\/posts"}],"about":[{"href":"https:\/\/www.europesays.com\/fr\/wp-json\/wp\/v2\/types\/post"}],"author":[{"embeddable":true,"href":"https:\/\/www.europesays.com\/fr\/wp-json\/wp\/v2\/users\/2"}],"replies":[{"embeddable":true,"href":"https:\/\/www.europesays.com\/fr\/wp-json\/wp\/v2\/comments?post=230781"}],"version-history":[{"count":0,"href":"https:\/\/www.europesays.com\/fr\/wp-json\/wp\/v2\/posts\/230781\/revisions"}],"wp:featuredmedia":[{"embeddable":true,"href":"https:\/\/www.europesays.com\/fr\/wp-json\/wp\/v2\/media\/230782"}],"wp:attachment":[{"href":"https:\/\/www.europesays.com\/fr\/wp-json\/wp\/v2\/media?parent=230781"}],"wp:term":[{"taxonomy":"category","embeddable":true,"href":"https:\/\/www.europesays.com\/fr\/wp-json\/wp\/v2\/categories?post=230781"},{"taxonomy":"post_tag","embeddable":true,"href":"https:\/\/www.europesays.com\/fr\/wp-json\/wp\/v2\/tags?post=230781"}],"curies":[{"name":"wp","href":"https:\/\/api.w.org\/{rel}","templated":true}]}}