{"id":230793,"date":"2025-07-06T16:15:11","date_gmt":"2025-07-06T16:15:11","guid":{"rendered":"https:\/\/www.europesays.com\/fr\/230793\/"},"modified":"2025-07-06T16:15:11","modified_gmt":"2025-07-06T16:15:11","slug":"ukraine-larmee-russe-dit-avoir-pris-deux-localites-dans-les-regions-de-donetsk-et-de-kharkiv","status":"publish","type":"post","link":"https:\/\/www.europesays.com\/fr\/230793\/","title":{"rendered":"Ukraine : l&rsquo;arm\u00e9e russe dit avoir pris deux localit\u00e9s dans les r\u00e9gions de Donetsk et de Kharkiv"},"content":{"rendered":"<p><img decoding=\"async\" class=\"c-ad__placeholder__logo\" src=\"https:\/\/static.euronews.com\/website\/images\/logos\/logo-euronews-grey-6-180x22.svg\" width=\"180\" height=\"22\" alt=\"\" loading=\"lazy\"\/>PUBLICIT\u00c9<\/p>\n<p>L\u2019Ukraine dit avoir d\u00e9truit 117 drones russes au-dessus de son territoire, dans la nuit de samedi \u00e0 dimanche. Plusieurs bless\u00e9s ont \u00e9t\u00e9 signal\u00e9s \u00e0 Kharkiv et \u00e0 Kyiv.<\/p>\n<p>Un bureau d\u2019enr\u00f4lement militaire ukrainien a \u00e9galement \u00e9t\u00e9 touch\u00e9 \u00e0 Krementchouk, dans la r\u00e9gion de Poltava, sans faire de victimes.<\/p>\n<p>Sur le front, l\u2019arm\u00e9e russe continue sa lente progression dans l\u2019est de l\u2019Ukraine. Elle affirme avoir pris deux localit\u00e9s, l\u2019une dans la r\u00e9gion de Donetsk (Piddoubne), l\u2019autre dans celle de Kharkiv (Sobolivka).<\/p>\n<p>La Russie dit aussi avoir neutralis\u00e9 120 drones ukrainiens dans la nuit au-dessus de plusieurs r\u00e9gions. Cons\u00e9quence\u00a0: de nombreux vols ont d\u00fb \u00eatre retard\u00e9s ou annul\u00e9s, notamment \u00e0 Moscou et Saint-P\u00e9tersbourg.<\/p>\n","protected":false},"excerpt":{"rendered":"PUBLICIT\u00c9 L\u2019Ukraine dit avoir d\u00e9truit 117 drones russes au-dessus de son territoire, dans la nuit de samedi \u00e0&hellip;\n","protected":false},"author":2,"featured_media":230794,"comment_status":"","ping_status":"","sticky":false,"template":"","format":"standard","meta":{"footnotes":""},"categories":[1590],"tags":[11,1777,674,131,2025,11229,12,132,220],"class_list":{"0":"post-230793","1":"post","2":"type-post","3":"status-publish","4":"format-standard","5":"has-post-thumbnail","7":"category-ukraine","8":"tag-actualites","9":"tag-eu","10":"tag-europe","11":"tag-guerre-en-ukraine","12":"tag-invasion-de-la-russie-en-ukraine","13":"tag-kiev","14":"tag-news","15":"tag-russie","16":"tag-ukraine"},"share_on_mastodon":{"url":"https:\/\/pubeurope.com\/@fr\/114807185349710513","error":""},"_links":{"self":[{"href":"https:\/\/www.europesays.com\/fr\/wp-json\/wp\/v2\/posts\/230793","targetHints":{"allow":["GET"]}}],"collection":[{"href":"https:\/\/www.europesays.com\/fr\/wp-json\/wp\/v2\/posts"}],"about":[{"href":"https:\/\/www.europesays.com\/fr\/wp-json\/wp\/v2\/types\/post"}],"author":[{"embeddable":true,"href":"https:\/\/www.europesays.com\/fr\/wp-json\/wp\/v2\/users\/2"}],"replies":[{"embeddable":true,"href":"https:\/\/www.europesays.com\/fr\/wp-json\/wp\/v2\/comments?post=230793"}],"version-history":[{"count":0,"href":"https:\/\/www.europesays.com\/fr\/wp-json\/wp\/v2\/posts\/230793\/revisions"}],"wp:featuredmedia":[{"embeddable":true,"href":"https:\/\/www.europesays.com\/fr\/wp-json\/wp\/v2\/media\/230794"}],"wp:attachment":[{"href":"https:\/\/www.europesays.com\/fr\/wp-json\/wp\/v2\/media?parent=230793"}],"wp:term":[{"taxonomy":"category","embeddable":true,"href":"https:\/\/www.europesays.com\/fr\/wp-json\/wp\/v2\/categories?post=230793"},{"taxonomy":"post_tag","embeddable":true,"href":"https:\/\/www.europesays.com\/fr\/wp-json\/wp\/v2\/tags?post=230793"}],"curies":[{"name":"wp","href":"https:\/\/api.w.org\/{rel}","templated":true}]}}