{"id":230798,"date":"2025-07-06T16:18:17","date_gmt":"2025-07-06T16:18:17","guid":{"rendered":"https:\/\/www.europesays.com\/fr\/230798\/"},"modified":"2025-07-06T16:18:17","modified_gmt":"2025-07-06T16:18:17","slug":"immigration-a-la-frontiere-entre-lallemagne-et-la-pologne-la-mort-a-petit-feu-de-lespace-schengen","status":"publish","type":"post","link":"https:\/\/www.europesays.com\/fr\/230798\/","title":{"rendered":"Immigration : \u00e0 la fronti\u00e8re entre l&rsquo;Allemagne et la Pologne, la mort \u00e0 petit feu de l&rsquo;espace Schengen"},"content":{"rendered":"<p>        <a class=\"Link \" href=\"https:\/\/www.lopinion.fr\/international\/iran-ordonne-le-depart-des-afghans-juges-illegaux-lonu-alerte-sur-une-urgence-humanitaire\" rel=\"nofollow noopener\" target=\"_blank\">Iran ordonne le d\u00e9part des Afghans jug\u00e9s \u00abill\u00e9gaux\u00bb, l\u2019ONU alerte sur une \u00aburgence\u00bb humanitaire<\/a><\/p>\n<p>l&rsquo;Opinion (avec AFP)<\/p>\n<p>Islam Qala &#8211; Des dizaines de milliers d\u2019Afghans qui vivaient en Iran ont pass\u00e9 la fronti\u00e8re entre les deux pays en quelques jours avant la date butoir fix\u00e9e \u00e0 dimanche par T\u00e9h\u00e9ran pour le d\u00e9part de millions d\u2019Afghans jug\u00e9s \u00abill\u00e9gaux\u00bb, selon l\u2019ONU qui a pris des mesures d\u2019\u00a0\u00bburgence\u00bb aux postes-fronti\u00e8res. Pour le repr\u00e9sentant de l\u2019Unicef en Afghanistan, Tajudeen Oyewale, il s\u2019agit d\u2019une situation d\u2019\u00a0\u00bburgence\u00bb dans un pays d\u00e9j\u00e0 confront\u00e9 \u00e0 une \u00abcrise chronique\u00bb, avec 1,4 million d\u2019Afghans rentr\u00e9s d\u2019Iran et du Pakistan cette ann\u00e9e. \u00abCe qui est inqui\u00e9tant, c\u2019est que 25% de ces personnes de retour dans leur pays sont des enfants (&#8230;) car la d\u00e9mographie a \u00e9volu\u00e9, passant d\u2019hommes isol\u00e9s \u00e0 des familles enti\u00e8res traversant la fronti\u00e8re avec tr\u00e8s peu de biens et d\u2019argent, a-t-il dit \u00e0 l\u2019AFP jeudi. Le nombre de personnes traversant la fronti\u00e8re a fortement augment\u00e9 depuis la mi-juin, avec un pic de plus de 43.000 personnes \u00e0 Islam Qala, dans la province d\u2019Herat (ouest de l\u2019Afghanistan) le 1er juillet, a indiqu\u00e9 vendredi le Haut-Commissariat des Nations Unies pour les r\u00e9fugi\u00e9s (HCR). Islam Qala peut accueillir un grand nombre de personnes, mais elle est mal \u00e9quip\u00e9e, rel\u00e8ve Tajudeen Oyewale. \u00abLorsque vous commencez \u00e0 recevoir plus de 20.000 personnes (par jour), cela d\u00e9passe compl\u00e8tement notre sc\u00e9nario de planification\u00bb, a-t-il expliqu\u00e9. L\u2019ONU a pris des mesures d\u2019urgence pour renforcer les syst\u00e8mes d\u2019eau et d\u2019assainissement construits pour 7.000 \u00e0 10.000 personnes par jour, ainsi que les vaccinations, la nutrition et les espaces adapt\u00e9s aux enfants. De nombreuses personnes ayant travers\u00e9 la fronti\u00e8re ont fait \u00e9tat de pressions de la part des autorit\u00e9s iraniennes, voire d\u2019arrestations et d\u2019expulsions. \u00abCertaines personnes ont tellement peur qu\u2019elles ne sortent pas de chez elles. Elles envoient leurs jeunes enfants dehors juste pour un morceau de pain, et m\u00eame ces enfants sont parfois arr\u00eat\u00e9s\u00bb, a d\u00e9clar\u00e9 Aref Atayi, 38 ans, \u00e0 propos des pressions auxquelles les Afghans sont confront\u00e9s en Iran. \u00abM\u00eame si je dois mendier dans mon propre pays, c\u2019est toujours mieux que de rester dans un endroit o\u00f9 nous sommes trait\u00e9s comme \u00e7a\u00bb, a-t-il aussi dit \u00e0 l\u2019AFP samedi, alors qu\u2019il attendait au centre d\u2019accueil g\u00e9r\u00e9 par l\u2019ONU du soutien pour aider sa famille \u00e0 se r\u00e9installer. Plus de 250.000 Afghans sont rentr\u00e9s d\u2019Iran en juin, selon l\u2019Organisation internationale pour les migrations (OIM), agence de l\u2019ONU. Fin mai, l\u2019Iran a fix\u00e9 au 6 juillet la date butoir pour le d\u00e9part de \u00abquatre millions d\u2019Afghans ill\u00e9gaux\u00bb. ONU, ONG et talibans ont appel\u00e9 \u00e0 davantage d\u2019aide internationale. \u00a9 Agence France-Presse<\/p>\n","protected":false},"excerpt":{"rendered":"Iran ordonne le d\u00e9part des Afghans jug\u00e9s \u00abill\u00e9gaux\u00bb, l\u2019ONU alerte sur une \u00aburgence\u00bb humanitaire l&rsquo;Opinion (avec AFP) Islam&hellip;\n","protected":false},"author":2,"featured_media":230799,"comment_status":"","ping_status":"","sticky":false,"template":"","format":"standard","meta":{"footnotes":""},"categories":[1587],"tags":[11,672,1804,1805,1803,1777,674,1801,12,1802],"class_list":{"0":"post-230798","1":"post","2":"type-post","3":"status-publish","4":"format-standard","5":"has-post-thumbnail","7":"category-allemagne","8":"tag-actualites","9":"tag-allemagne","10":"tag-bundesrepublik-deutschland","11":"tag-de","12":"tag-deutschland","13":"tag-eu","14":"tag-europe","15":"tag-germany","16":"tag-news","17":"tag-republique-federale-dallemagne"},"share_on_mastodon":{"url":"https:\/\/pubeurope.com\/@fr\/114807197200915568","error":""},"_links":{"self":[{"href":"https:\/\/www.europesays.com\/fr\/wp-json\/wp\/v2\/posts\/230798","targetHints":{"allow":["GET"]}}],"collection":[{"href":"https:\/\/www.europesays.com\/fr\/wp-json\/wp\/v2\/posts"}],"about":[{"href":"https:\/\/www.europesays.com\/fr\/wp-json\/wp\/v2\/types\/post"}],"author":[{"embeddable":true,"href":"https:\/\/www.europesays.com\/fr\/wp-json\/wp\/v2\/users\/2"}],"replies":[{"embeddable":true,"href":"https:\/\/www.europesays.com\/fr\/wp-json\/wp\/v2\/comments?post=230798"}],"version-history":[{"count":0,"href":"https:\/\/www.europesays.com\/fr\/wp-json\/wp\/v2\/posts\/230798\/revisions"}],"wp:featuredmedia":[{"embeddable":true,"href":"https:\/\/www.europesays.com\/fr\/wp-json\/wp\/v2\/media\/230799"}],"wp:attachment":[{"href":"https:\/\/www.europesays.com\/fr\/wp-json\/wp\/v2\/media?parent=230798"}],"wp:term":[{"taxonomy":"category","embeddable":true,"href":"https:\/\/www.europesays.com\/fr\/wp-json\/wp\/v2\/categories?post=230798"},{"taxonomy":"post_tag","embeddable":true,"href":"https:\/\/www.europesays.com\/fr\/wp-json\/wp\/v2\/tags?post=230798"}],"curies":[{"name":"wp","href":"https:\/\/api.w.org\/{rel}","templated":true}]}}