{"id":230806,"date":"2025-07-06T16:23:16","date_gmt":"2025-07-06T16:23:16","guid":{"rendered":"https:\/\/www.europesays.com\/fr\/230806\/"},"modified":"2025-07-06T16:23:16","modified_gmt":"2025-07-06T16:23:16","slug":"tour-de-france-2025-horaires-et-point-de-passage-de-la-caravane-lors-de-letape-3-valenciennes-dunkerque","status":"publish","type":"post","link":"https:\/\/www.europesays.com\/fr\/230806\/","title":{"rendered":"Tour de France 2025\u00a0: horaires et point de passage de la caravane lors de l\u2019\u00e9tape 3 Valenciennes &#8211; Dunkerque"},"content":{"rendered":"<p class=\"paragraph text_align_left lp-f-body-02\">Valenciennes sera le point de d\u00e9part de la caravane le lundi 7 juillet lors de <a href=\"https:\/\/www.leparisien.fr\/sports\/cyclisme\/tour-de-france\/tour-de-france-2025-le-parcours-et-le-profil-de-letape-3-entre-valenciennes-et-dunkerque-02-07-2025-UBUBS4364FGEDAZ2NYXXXHIKIY.php\" target=\"_self\" rel=\"nofollow noopener\">la 3e \u00e9tape<\/a> du <a href=\"https:\/\/www.leparisien.fr\/sports\/cyclisme\/tour-de-france\/\" target=\"_blank\" rel=\"noreferrer nofollow noopener\">Tour de France<\/a> avec un lancement pr\u00e9vu vers 11h25. Son arriv\u00e9e \u00e0 Dunkerque est estim\u00e9e \u00e0 15h40 \u00e0 Dunkerque, alors que le d\u00e9part des cyclistes est pr\u00e9vu \u00e0 13h25 \u00e0 Valenciennes.<\/p>\n<p>Les horaires de passage de la caravane<\/p>\n<p class=\"paragraph text_align_left lp-f-body-02\">Ville par ville, retrouvez les horaires de passage de la caravane. Par exemple, elle passera \u00e0 Cuinchy (Pas-de-Calais), \u00e0 13h31, au 88e kilom\u00e8tre de l\u2019\u00e9tape.<\/p>\n<ul class=\"margin_bottom_md fs_18_26 fs_20_28_ad blue-dot\">\n<li class=\"mb_150 pl_325\">11:10 &#8211; VC VALENCIENNES (VC-D935)<\/li>\n<li class=\"mb_150 pl_325\">11:23 &#8211; Passage \u00e0 niveau N\u00b0\u00a0159.<\/li>\n<li class=\"mb_150 pl_325\">11:24 &#8211; D935 SAINT-SAULVE (pr\u00e8s) (D935-D375)<\/li>\n<li class=\"mb_150 pl_325\">11:25 &#8211; D375 VALENCIENNES<\/li>\n<li class=\"mb_150 pl_325\">11:27 &#8211; BRUAY-SUR-L\u2019ESCAUT (D375-VC-D375)<\/li>\n<li class=\"mb_150 pl_325\">11:30 &#8211; RAISMES (D375-D169)<\/li>\n<li class=\"mb_150 pl_325\">11:33 &#8211; Passage \u00e0 niveau N\u00b0\u00a055.<\/li>\n<li class=\"mb_150 pl_325\">11:41 &#8211; D169 SAINT-AMAND-LES-EAUX (D169-D169 B-VC-D955)<\/li>\n<li class=\"mb_150 pl_325\">11:49 &#8211; D955 LECELLES<\/li>\n<li class=\"mb_150 pl_325\">11:55 &#8211; RUMEGIES (D955-D327)<\/li>\n<li class=\"mb_150 pl_325\">11:58 &#8211; D327 SAM\u00c9ON (D327-D127)<\/li>\n<li class=\"mb_150 pl_325\">12:04 &#8211; D127 AIX-EN-P\u00c9V\u00c8LE (D127-D126-D127)<\/li>\n<li class=\"mb_150 pl_325\">12:07 &#8211; Les Quatre Chemins (NOMAIN, LANDAS) (D127-D127 A)<\/li>\n<li class=\"mb_150 pl_325\">12:08 &#8211; D127 A Carrefour D127 A-D938<\/li>\n<li class=\"mb_150 pl_325\">12:09 &#8211; D938 ORCHIES (D938-D549)<\/li>\n<li class=\"mb_150 pl_325\">12:17 &#8211; D549 AUCHY-LEZ-ORCHIES<\/li>\n<li class=\"mb_150 pl_325\">12:17 &#8211; D549 NOMAIN<\/li>\n<li class=\"mb_150 pl_325\">12:21 &#8211; CAPPELLE-EN-P\u00c9V\u00c8LE (pr\u00e8s)<\/li>\n<li class=\"mb_150 pl_325\">12:25 &#8211; TEMPLEUVE-EN-P\u00c9V\u00c8LE (pr\u00e8s)<\/li>\n<li class=\"mb_150 pl_325\">12:26 &#8211; M\u00c9RIGNIES (pr\u00e8s) (D549-D2549)<\/li>\n<li class=\"mb_150 pl_325\">12:27 &#8211; D2549 PONT-\u00c0-MARCQ (D2549-D120)<\/li>\n<li class=\"mb_150 pl_325\">12:29 &#8211; D120 M\u00c9RIGNIES<\/li>\n<li class=\"mb_150 pl_325\">12:35 &#8211; MONS-EN-P\u00c9V\u00c8LE (D120-D954)<\/li>\n<li class=\"mb_150 pl_325\">12:37 &#8211; D954 Deux-Villes<\/li>\n<li class=\"mb_150 pl_325\">12:39 &#8211; THUMERIES (D954-D8)<\/li>\n<li class=\"mb_150 pl_325\">12:42 &#8211; D8 LA NEUVILLE<\/li>\n<li class=\"mb_150 pl_325\">12:46 &#8211; Petit Attiches<\/li>\n<li class=\"mb_150 pl_325\">12:48 &#8211; ATTICHES<\/li>\n<li class=\"mb_150 pl_325\">12:50 &#8211; Martinsart<\/li>\n<li class=\"mb_150 pl_325\">12:56 &#8211; M8 SECLIN (M8-M925-M2925-M39)<\/li>\n<li class=\"mb_150 pl_325\">13:00 &#8211; D39 GONDECOURT<\/li>\n<li class=\"mb_150 pl_325\">13:03 &#8211; HERRIN<\/li>\n<li class=\"mb_150 pl_325\">13:04 &#8211; M39 ALLENNES-LES-MARAIS<\/li>\n<li class=\"mb_150 pl_325\">13:06 &#8211; ANN\u0152ULLIN<\/li>\n<li class=\"mb_150 pl_325\">13:10 &#8211; PROVIN<\/li>\n<li class=\"mb_150 pl_325\">13:12 &#8211; BAUVIN<\/li>\n<li class=\"mb_150 pl_325\">13:12 &#8211; Passage \u00e0 niveau N\u00b0\u00a0100.<\/li>\n<li class=\"mb_150 pl_325\">13:15 &#8211; PAS-DE-CALAIS (62)<\/li>\n<li class=\"mb_150 pl_325\">13:16 &#8211; D163 BILLY-BERCLAU<\/li>\n<li class=\"mb_150 pl_325\">13:20 &#8211; DOUVRIN<\/li>\n<li class=\"mb_150 pl_325\">13:24 &#8211; HAISNES<\/li>\n<li class=\"mb_150 pl_325\">13:26 &#8211; AUCHY-LES-MINES (D163-D941)<\/li>\n<li class=\"mb_150 pl_325\">13:29 &#8211; D941 VIOLAINES (D941-D75)<\/li>\n<li class=\"mb_150 pl_325\">13:30 &#8211; Le Nouveau-Monde<\/li>\n<li class=\"mb_150 pl_325\">13:31 &#8211; CUINCHY<\/li>\n<li class=\"mb_150 pl_325\">13:32 &#8211; CAMBRIN<\/li>\n<li class=\"mb_150 pl_325\">13:33 &#8211; ANNEQUIN<\/li>\n<li class=\"mb_150 pl_325\">13:36 &#8211; Petit Sailly (SAILLY-LABOURSE)<\/li>\n<li class=\"mb_150 pl_325\">13:37 &#8211; BEUVRY (D941-VC-D937)<\/li>\n<li class=\"mb_150 pl_325\">13:41 &#8211; D937 B\u00c9THUNE (D937-VC-D181 E8)<\/li>\n<li class=\"mb_150 pl_325\">13:46 &#8211; D181 E8 ANNEZIN<\/li>\n<li class=\"mb_150 pl_325\">13:47 &#8211; VENDIN-L\u00c8S-B\u00c9THUNE<\/li>\n<li class=\"mb_150 pl_325\">13:50 &#8211; Carrefour D181 E8-D943<\/li>\n<li class=\"mb_150 pl_325\">13:51 &#8211; D943 CHOCQUES<\/li>\n<li class=\"mb_150 pl_325\">13:56 &#8211; ALLOUAGNE (pr\u00e8s)<\/li>\n<li class=\"mb_150 pl_325\">14:00 &#8211; LILLERS (D943-D188-D182-VC-D943-D188)<\/li>\n<li class=\"mb_150 pl_325\">14:09 &#8211; D188 HAM-EN-ARTOIS (pr\u00e8s)<\/li>\n<li class=\"mb_150 pl_325\">14:13 &#8211; ISBERGUES (D188-D186-D187 E-D187) (entr\u00e9e)<\/li>\n<li class=\"mb_150 pl_325\">14:14 &#8211; D186 ISBERGUES<\/li>\n<li class=\"mb_150 pl_325\">14:19 &#8211; D187 AIRE-SUR-LA-LYS (D187-VC-D157)<\/li>\n<li class=\"mb_150 pl_325\">14:22 &#8211; Carrefour VC-D157<\/li>\n<li class=\"mb_150 pl_325\">14:26 &#8211; Widdebroucke (pr\u00e8s)<\/li>\n<li class=\"mb_150 pl_325\">14:27 &#8211; NORD (59)<\/li>\n<li class=\"mb_150 pl_325\">14:27 &#8211; D943 B BO\u00cbSEGHEM (D943 B-D238)<\/li>\n<li class=\"mb_150 pl_325\">14:33 &#8211; D238 La Belle H\u00f4tesse (STEENBECQUE)<\/li>\n<li class=\"mb_150 pl_325\">14:37 &#8211; SERCUS (pr\u00e8s) (D238-D106-D238)<\/li>\n<li class=\"mb_150 pl_325\">14:39 &#8211; WALLON-CAPPEL (D238-D138)<\/li>\n<li class=\"mb_150 pl_325\">14:41 &#8211; D138 Passage \u00e0 niveau N\u00b0\u00a045.<\/li>\n<li class=\"mb_150 pl_325\">14:43 &#8211; La Longue Croix (STAPLE, HONDEGHEM)<\/li>\n<li class=\"mb_150 pl_325\">14:49 &#8211; BAVINCHOVE (D138-D933-VC)<\/li>\n<li class=\"mb_150 pl_325\">14:50 &#8211; D933 Passage \u00e0 niveau N\u00b0\u00a0145.<\/li>\n<li class=\"mb_150 pl_325\">14:51 &#8211; VC OXELA\u00cbRE (VC-C301)<\/li>\n<li class=\"mb_150 pl_325\">14:53 &#8211; CASSEL (VC-D933-D11-D52)<\/li>\n<li class=\"mb_150 pl_325\">14:56 &#8211; D933 C\u00f4te de Cassel<\/li>\n<li class=\"mb_150 pl_325\">15:00 &#8211; D52 Carrefour D52-D338<\/li>\n<li class=\"mb_150 pl_325\">15:03 &#8211; D338 Le Peckel (HARDIFORT) (D338-D916)<\/li>\n<li class=\"mb_150 pl_325\">15:08 &#8211; D916 Le Riet Veld<\/li>\n<li class=\"mb_150 pl_325\">15:10 &#8211; WORMHOUT<\/li>\n<li class=\"mb_150 pl_325\">15:16 &#8211; La Belle Vue<\/li>\n<li class=\"mb_150 pl_325\">15:20 &#8211; Le Bon Coin (QUA\u00cbDYPRE)<\/li>\n<li class=\"mb_150 pl_325\">15:24 &#8211; Faubourg de Cassel (QUA\u00cbDYPRE, SOCX)<\/li>\n<li class=\"mb_150 pl_325\">15:26 &#8211; BERGUES<\/li>\n<li class=\"mb_150 pl_325\">15:32 &#8211; T\u00c9TEGHEM-COUDEKERQUE-VILLAGE<\/li>\n<li class=\"mb_150 pl_325\">15:33 &#8211; CAPELLE-LA-GRANDE<\/li>\n<li class=\"mb_150 pl_325\">15:34 &#8211; COUDEKERQUE-BRANCHE<\/li>\n<li class=\"mb_150 pl_325\">15:37 &#8211; Passage \u00e0 niveau N\u00b0\u00a0127.<\/li>\n<li class=\"mb_150 pl_325\">15:38 &#8211; DUNKERQUE (D916-VC) (entr\u00e9e)<\/li>\n<li class=\"mb_150 pl_325\">15:40 &#8211; VC DUNKERQUE<\/li>\n<\/ul>\n<p class=\"paragraph text_align_left lp-f-body-02\">Retrouvez les profils, horaires de passages et autres actualit\u00e9s du Tour de France 2025 sur <a href=\"https:\/\/www.leparisien.fr\/sports\/cyclisme\/tour-de-france\/\" rel=\"nofollow noopener\" target=\"_blank\">la page d\u00e9di\u00e9e<\/a>.<\/p>\n","protected":false},"excerpt":{"rendered":"Valenciennes sera le point de d\u00e9part de la caravane le lundi 7 juillet lors de la 3e \u00e9tape&hellip;\n","protected":false},"author":2,"featured_media":230807,"comment_status":"","ping_status":"","sticky":false,"template":"","format":"standard","meta":{"footnotes":""},"categories":[4],"tags":[11,207,1011,27,12,25,60,210],"class_list":{"0":"post-230806","1":"post","2":"type-post","3":"status-publish","4":"format-standard","5":"has-post-thumbnail","7":"category-france","8":"tag-actualites","9":"tag-cyclisme","10":"tag-fr","11":"tag-france","12":"tag-news","13":"tag-republique-francaise","14":"tag-sports","15":"tag-tour-de-france"},"share_on_mastodon":{"url":"https:\/\/pubeurope.com\/@fr\/114807216735240928","error":""},"_links":{"self":[{"href":"https:\/\/www.europesays.com\/fr\/wp-json\/wp\/v2\/posts\/230806","targetHints":{"allow":["GET"]}}],"collection":[{"href":"https:\/\/www.europesays.com\/fr\/wp-json\/wp\/v2\/posts"}],"about":[{"href":"https:\/\/www.europesays.com\/fr\/wp-json\/wp\/v2\/types\/post"}],"author":[{"embeddable":true,"href":"https:\/\/www.europesays.com\/fr\/wp-json\/wp\/v2\/users\/2"}],"replies":[{"embeddable":true,"href":"https:\/\/www.europesays.com\/fr\/wp-json\/wp\/v2\/comments?post=230806"}],"version-history":[{"count":0,"href":"https:\/\/www.europesays.com\/fr\/wp-json\/wp\/v2\/posts\/230806\/revisions"}],"wp:featuredmedia":[{"embeddable":true,"href":"https:\/\/www.europesays.com\/fr\/wp-json\/wp\/v2\/media\/230807"}],"wp:attachment":[{"href":"https:\/\/www.europesays.com\/fr\/wp-json\/wp\/v2\/media?parent=230806"}],"wp:term":[{"taxonomy":"category","embeddable":true,"href":"https:\/\/www.europesays.com\/fr\/wp-json\/wp\/v2\/categories?post=230806"},{"taxonomy":"post_tag","embeddable":true,"href":"https:\/\/www.europesays.com\/fr\/wp-json\/wp\/v2\/tags?post=230806"}],"curies":[{"name":"wp","href":"https:\/\/api.w.org\/{rel}","templated":true}]}}