{"id":23081,"date":"2025-04-13T21:20:28","date_gmt":"2025-04-13T21:20:28","guid":{"rendered":"https:\/\/www.europesays.com\/fr\/23081\/"},"modified":"2025-04-13T21:20:28","modified_gmt":"2025-04-13T21:20:28","slug":"des-orages-prevus-en-fin-de-journee-et-dans-la-soiree-jusquen-ile-de-france","status":"publish","type":"post","link":"https:\/\/www.europesays.com\/fr\/23081\/","title":{"rendered":"Des orages pr\u00e9vus en fin de journ\u00e9e et dans la soir\u00e9e jusqu\u2019en \u00cele-de-France"},"content":{"rendered":"<p class=\"paragraph text_align_left\">Des <a href=\"https:\/\/www.leparisien.fr\/meteo\/orages-tout-savoir-sur-ce-phenomene-meteorologique-15-02-2024-SD2OPBTS5RGFPEKGDK2743323U.php\" target=\"_blank\" rel=\"nofollow noopener\">orages <\/a>vont toucher une partie du pays cet apr\u00e8s-midi et jusqu\u2019en d\u00e9but de soir\u00e9e. Ils vont concerner d\u2019une part l\u2019ouest de la France et pourraient atteindre l\u2019\u00cele-de-France, d\u2019autre part le Sud-Est.<\/p>\n<p class=\"paragraph text_align_left\">M\u00e9t\u00e9o France place d\u2019ailleurs en <a href=\"https:\/\/vigilance.meteofrance.fr\/fr\/orages\" target=\"_blank\" rel=\"nofollow noopener\">vigilance jaune<\/a> (niveau 2 sur 4) plusieurs d\u00e9partements de ces deux parties du pays. 12 sont sous surveillance \u00e0 l\u2019Ouest et 11 dans le Sud-Est.<\/p>\n<p><img decoding=\"async\" class=\"image \" loading=\"lazy\" src=\"https:\/\/www.europesays.com\/fr\/wp-content\/uploads\/2025\/04\/QG5NVK2N2BAQVM4OMJA3YIPNCQ.JPG\" alt=\"\/M\u00e9t\u00e9o France\" align=\"\" data-rubrique-principale=\"\" data-article-type=\"\" fetchpriority=\"auto\"\/>\/M\u00e9t\u00e9o France<\/p>\n<p class=\"paragraph text_align_left\">Ces orages commencent \u00e0 se former d\u00e8s cet apr\u00e8s-midi car la France se situe alors au milieu d\u2019un conflit de masses d\u2019air. \u00c0 l\u2019Ouest, elle est sous l\u2019influence d\u2019une d\u00e9pression appel\u00e9e Martinho et d\u2019une masse d\u2019air fra\u00eeche\u00a0; \u00e0 l\u2019Est, elle est en marge d\u2019une masse tr\u00e8s chaude pour la saison et qui concerne le sud et le centre de l\u2019Europe notamment. La rencontre de ces courants contraires, chaud d\u2019un c\u00f4t\u00e9 et frais de l\u2019autre, est propice \u00e0 la formation d\u2019orages.<\/p>\n<p class=\"paragraph text_align_left\">L\u2019\u00cele-de-France se situera en bordure de la zone concern\u00e9e. D\u2019apr\u00e8s cette carte de pr\u00e9vision fournie par M\u00e9t\u00e9o France pour la soir\u00e9e, toute la r\u00e9gion capitale pourrait se retrouver sous les \u00e9clairs. Mais la probabilit\u00e9 a tendance \u00e0 se r\u00e9duire d\u2019heure en heure depuis ce vendredi matin et il se pourrait que seule de la pluie concerne finalement la r\u00e9gion parisienne.<\/p>\n<p><img decoding=\"async\" class=\"image \" loading=\"lazy\" src=\"https:\/\/www.europesays.com\/fr\/wp-content\/uploads\/2025\/04\/CRHSXCLVH5DJPEMR7DXOYIB5HM.JPG\" alt=\"\/M\u00e9t\u00e9o France\" align=\"\" data-rubrique-principale=\"\" data-article-type=\"\" fetchpriority=\"auto\"\/>\/M\u00e9t\u00e9o France<\/p>\n<p class=\"paragraph text_align_left\">Par ailleurs, de l\u2019embouchure de la Garonne jusqu\u2019\u00e0 l\u2019\u00cele-de-France, un tr\u00e8s faible risque de tornade existe, d\u2019apr\u00e8s <a href=\"https:\/\/www.keraunos.org\/previsions\/prevision-orage-tornade-france-convective-outlook.html\" target=\"_blank\" rel=\"nofollow noopener\">Keraunos<\/a>, l\u2019observatoire fran\u00e7ais des tornades et orages violents. La probabilit\u00e9 est proche de z\u00e9ro, mais elle existe. <a href=\"https:\/\/www.leparisien.fr\/meteo\/orne-une-tornade-a-touche-le-departement-ce-week-end-au-sud-de-flers-09-09-2024-SFKFNRVNDZHBDOSPGKN6QUSMXA.php\" target=\"_blank\" rel=\"nofollow noopener\">Plusieurs cas de tornades<\/a> ont \u00e9t\u00e9 r\u00e9pertori\u00e9s en 2024 dans des d\u00e9partements plac\u00e9s en simple vigilance jaune.<\/p>\n","protected":false},"excerpt":{"rendered":"Des orages vont toucher une partie du pays cet apr\u00e8s-midi et jusqu\u2019en d\u00e9but de soir\u00e9e. Ils vont concerner&hellip;\n","protected":false},"author":2,"featured_media":23082,"comment_status":"","ping_status":"","sticky":false,"template":"","format":"standard","meta":{"footnotes":""},"categories":[1592],"tags":[1111,11,1777,674,1011,27,662,2487,12,626,25],"class_list":{"0":"post-23081","1":"post","2":"type-post","3":"status-publish","4":"format-standard","5":"has-post-thumbnail","7":"category-ile-de-france","8":"tag-actu","9":"tag-actualites","10":"tag-eu","11":"tag-europe","12":"tag-fr","13":"tag-france","14":"tag-ile-de-france","15":"tag-meteo","16":"tag-news","17":"tag-paris","18":"tag-republique-francaise"},"share_on_mastodon":{"url":"https:\/\/pubeurope.com\/@fr\/114332750743571574","error":""},"_links":{"self":[{"href":"https:\/\/www.europesays.com\/fr\/wp-json\/wp\/v2\/posts\/23081","targetHints":{"allow":["GET"]}}],"collection":[{"href":"https:\/\/www.europesays.com\/fr\/wp-json\/wp\/v2\/posts"}],"about":[{"href":"https:\/\/www.europesays.com\/fr\/wp-json\/wp\/v2\/types\/post"}],"author":[{"embeddable":true,"href":"https:\/\/www.europesays.com\/fr\/wp-json\/wp\/v2\/users\/2"}],"replies":[{"embeddable":true,"href":"https:\/\/www.europesays.com\/fr\/wp-json\/wp\/v2\/comments?post=23081"}],"version-history":[{"count":0,"href":"https:\/\/www.europesays.com\/fr\/wp-json\/wp\/v2\/posts\/23081\/revisions"}],"wp:featuredmedia":[{"embeddable":true,"href":"https:\/\/www.europesays.com\/fr\/wp-json\/wp\/v2\/media\/23082"}],"wp:attachment":[{"href":"https:\/\/www.europesays.com\/fr\/wp-json\/wp\/v2\/media?parent=23081"}],"wp:term":[{"taxonomy":"category","embeddable":true,"href":"https:\/\/www.europesays.com\/fr\/wp-json\/wp\/v2\/categories?post=23081"},{"taxonomy":"post_tag","embeddable":true,"href":"https:\/\/www.europesays.com\/fr\/wp-json\/wp\/v2\/tags?post=23081"}],"curies":[{"name":"wp","href":"https:\/\/api.w.org\/{rel}","templated":true}]}}