{"id":230820,"date":"2025-07-06T16:33:10","date_gmt":"2025-07-06T16:33:10","guid":{"rendered":"https:\/\/www.europesays.com\/fr\/230820\/"},"modified":"2025-07-06T16:33:10","modified_gmt":"2025-07-06T16:33:10","slug":"jordan-mouillerac-notre-fille-est-sa-compagne-fait-une-grande-annonce-concernant-sa-grossesse","status":"publish","type":"post","link":"https:\/\/www.europesays.com\/fr\/230820\/","title":{"rendered":"Jordan Mouillerac : \u00ab\u00a0Notre fille est\u2026\u00a0\u00bb, sa compagne fait une grande annonce concernant sa grossesse"},"content":{"rendered":"<p>Elle file le parfait amour avec <a href=\"https:\/\/www.closermag.fr\/tv_tele_realite\/dals\/cest-en-train-darriver-malgre-sa-rencontre-avec-elsa-bois-florent-manaudou-proche-de-toucher-le-fond-3541041\" target=\"_blank\" rel=\"noopener\"><br \/>\nJordan Mouillerac.<\/a> D\u00e9j\u00e0 maman d\u2019une petite Lana, Jessica<br \/>\nSenetaire attend son second enfant. Enceinte, la jeune femme est<br \/>\npass\u00e9e par des hauts et des bas, <strong>elle a encha\u00een\u00e9 les<br \/>\ns\u00e9jours \u00e0 l\u2019h\u00f4pital et les situations de stress.<\/strong><\/p>\n<p>Contrainte de ne pas faire trop d\u2019effort, la compagne du<br \/>\n<a href=\"https:\/\/www.closermag.fr\/tv_tele_realite\/dals-bien-sur-que-jai-vu-cristina-cordula-cash-sur-laffaire-ines-reg-natasha-st-pier-3485371\" target=\"_blank\" rel=\"noopener\"><br \/>\ndanseur de Danse avec les stars<\/a> doit se m\u00e9nager : \u00ab\u00a0On fait<br \/>\nle n\u00e9cessaire pour que b\u00e9b\u00e9 reste au chaud encore un peu, parce que<br \/>\nce n&rsquo;est pas encore le bon moment pour elle\u00a0\u00bb, confiait-elle<br \/>\nainsi sur son compte Instagram.\u00a0<\/p>\n<p>Jordan Mouillerac : sa compagne enceinte d\u00e9voile une magnifique<br \/>\nnouvelle pour leur b\u00e9b\u00e9<\/p>\n<p>Mais ce dimanche 6 juillet, la compagne de Jordan Mouillerac<br \/>\npeut enfin souffler ! \u201cAujourd\u2019hui on est \u00e0 37 semaines. Notre<br \/>\nfille est officiellement \u00e0 terme. Ce qui veut dire qu\u2019elle n\u2019est<br \/>\nplus consid\u00e9r\u00e9e comme pr\u00e9matur\u00e9e. <strong>Et qu\u2019elle est<br \/>\npr\u00eate\u00a0\u00bb.<\/strong><\/p>\n<p>Une heureuse nouvelle qui r\u00e9jouit ainsi les deux parents, qui<br \/>\nont \u00e9t\u00e9 dans le stress ces derniers mois : <strong>\u00ab\u00a0Chaque jour<br \/>\ngagn\u00e9 \u00e9tait une victoire\u00a0\u00bb<\/strong>. Pour Jessica Senetaire,<br \/>\nles derni\u00e8res semaines notamment ont alors \u00e9t\u00e9 rudes : \u00ab\u00a0Il y a<br \/>\nencore quelques semaines, j\u2019\u00e9tais allong\u00e9e dans un lit d\u2019h\u00f4pital,<br \/>\nperfus\u00e9e, sous traitement, avec une seule id\u00e9e en t\u00eate : qu\u2019elle<br \/>\ntienne le plus longtemps possible. Chaque jour gagn\u00e9 \u00e9tait une<br \/>\nvictoire\u00a0\u00bb.<\/p>\n<p>A cause d&rsquo;un traitement m\u00e9dical,<br \/>\nJessica Senetaire doit \u00eatre d\u00e9clench\u00e9e<\/p>\n<p>Ainsi, avec ce cap pass\u00e9, la jeune femme peut enfin souffler !<br \/>\n\u00ab\u00a0Aujourd\u2019hui, je peux dire qu\u2019on a tenu bon, toutes les deux.<br \/>\nJe suis profond\u00e9ment reconnaissante. Aux \u00e9quipes m\u00e9dicales dans les<br \/>\ndeux h\u00f4pitaux qui m\u2019ont suivie pour leur bienveillance, leurs<br \/>\nd\u00e9cisions (&#8230;) et leurs mots. Rien n\u2019a \u00e9t\u00e9 pris \u00e0 la l\u00e9g\u00e8re. Et<br \/>\ntout a fonctionn\u00e9\u00a0\u00bb, \u00e9crit-elle.<\/p>\n<p>Un internaute lui a alors pos\u00e9 la question suivante :<br \/>\n<strong>\u00ab\u00a0Est-ce que tu vas \u00eatre d\u00e9clench\u00e9e ?\u201d<\/strong>. Et<br \/>\nen effet, la jeune femme doit \u00eatre d\u00e9clench\u00e9e en raison d\u2019un<br \/>\ntraitement qu\u2019elle suit : \u00ab\u00a0Oui, le d\u00e9clenchement est pr\u00e9vu pour<br \/>\nfin juillet. C\u2019est en lien avec mon traitement par injections de<br \/>\nLovenox (j\u2019ai fait une phl\u00e9bite)\u00a0\u00bb. Ainsi, la grande famille de<br \/>\nDanse avec les stars va alors une nouvelle fois s\u2019agrandir pour le<br \/>\nplus grand plaisir de Jordan Mouillerac et de sa ch\u00e9rie !<\/p>\n","protected":false},"excerpt":{"rendered":"Elle file le parfait amour avec Jordan Mouillerac. D\u00e9j\u00e0 maman d\u2019une petite Lana, Jessica Senetaire attend son second&hellip;\n","protected":false},"author":2,"featured_media":230821,"comment_status":"","ping_status":"","sticky":false,"template":"","format":"standard","meta":{"footnotes":""},"categories":[1359],"tags":[548,194,58,59,1011,27,973],"class_list":{"0":"post-230820","1":"post","2":"type-post","3":"status-publish","4":"format-standard","5":"has-post-thumbnail","7":"category-people","8":"tag-article-simple","9":"tag-danse-avec-les-stars","10":"tag-divertissement","11":"tag-entertainment","12":"tag-fr","13":"tag-france","14":"tag-people"},"share_on_mastodon":{"url":"https:\/\/pubeurope.com\/@fr\/114807256163435350","error":""},"_links":{"self":[{"href":"https:\/\/www.europesays.com\/fr\/wp-json\/wp\/v2\/posts\/230820","targetHints":{"allow":["GET"]}}],"collection":[{"href":"https:\/\/www.europesays.com\/fr\/wp-json\/wp\/v2\/posts"}],"about":[{"href":"https:\/\/www.europesays.com\/fr\/wp-json\/wp\/v2\/types\/post"}],"author":[{"embeddable":true,"href":"https:\/\/www.europesays.com\/fr\/wp-json\/wp\/v2\/users\/2"}],"replies":[{"embeddable":true,"href":"https:\/\/www.europesays.com\/fr\/wp-json\/wp\/v2\/comments?post=230820"}],"version-history":[{"count":0,"href":"https:\/\/www.europesays.com\/fr\/wp-json\/wp\/v2\/posts\/230820\/revisions"}],"wp:featuredmedia":[{"embeddable":true,"href":"https:\/\/www.europesays.com\/fr\/wp-json\/wp\/v2\/media\/230821"}],"wp:attachment":[{"href":"https:\/\/www.europesays.com\/fr\/wp-json\/wp\/v2\/media?parent=230820"}],"wp:term":[{"taxonomy":"category","embeddable":true,"href":"https:\/\/www.europesays.com\/fr\/wp-json\/wp\/v2\/categories?post=230820"},{"taxonomy":"post_tag","embeddable":true,"href":"https:\/\/www.europesays.com\/fr\/wp-json\/wp\/v2\/tags?post=230820"}],"curies":[{"name":"wp","href":"https:\/\/api.w.org\/{rel}","templated":true}]}}