{"id":230828,"date":"2025-07-06T16:37:20","date_gmt":"2025-07-06T16:37:20","guid":{"rendered":"https:\/\/www.europesays.com\/fr\/230828\/"},"modified":"2025-07-06T16:37:20","modified_gmt":"2025-07-06T16:37:20","slug":"mel-b-des-spice-girls-mariee-pour-la-troisieme-fois-et-pas-dans-nimporte-quelle-eglise","status":"publish","type":"post","link":"https:\/\/www.europesays.com\/fr\/230828\/","title":{"rendered":"Mel B des Spice Girls, mari\u00e9e pour la troisi\u00e8me fois (et pas dans n&rsquo;importe quelle \u00e9glise)"},"content":{"rendered":"<p>La Britannique de 50 ans s&rsquo;\u00e9tait gliss\u00e9e dans une robe sign\u00e9e Evelie Bridal et Josephine Scott. Elle avait confi\u00e9 les r\u00f4les de demoiselles d&rsquo;honneur \u00e0 ses trois filles. L&rsquo;a\u00een\u00e9e, <strong>Phoenix<\/strong>, est n\u00e9e de son premier mariage avec le danseur <strong>Jimmy Gulzar<\/strong>, la cadette, <strong>Angel Iris<\/strong>, est n\u00e9e de sa relation \u00e9ph\u00e9m\u00e8re avec <strong>Eddie Murphy<\/strong> et enfin, Madison, est issue de son deuxi\u00e8me mariage avec le producteur de films <strong>Stephen Belafonte<\/strong>. La journ\u00e9e s&rsquo;est achev\u00e9e avec une r\u00e9ception donn\u00e9e \u00e0 l&rsquo;h\u00f4tel Shangri-La, le plus haut b\u00e2timent de Londres avec vue imprenable sur la Tamise. Parmi les invit\u00e9s s&rsquo;\u00e9taient gliss\u00e9es le mannequin <strong>Cara Delevingne<\/strong> ainsi qu&rsquo;<strong>Emma Bunton<\/strong>, la plus jeune des Spice Girls.<\/p>\n<p>Emma Bunton et son mari Jade Jones au mariage de Mel B et Rory McPhee \u00e0 la cath\u00e9drale Saint-Paul de Londres, le 5 juillet 2025.Neil Mockford\/GC Images<\/p>\n<p>Cara Delevingne au mariage de Mel B et Rory McPhee \u00e0 la cath\u00e9drale Saint-Paul de Londres, le 5 juillet 2025.Neil Mockford\/GC Images<\/p>\n<p>Les tendres d\u00e9clarations des Spice Girls<\/p>\n<p>Les autres membres du groupe manquaient \u00e0 l&rsquo;appel mais certaines se sont empress\u00e9es de f\u00e9liciter les jeunes mari\u00e9s sur les r\u00e9seaux sociaux. Lady <a href=\"https:\/\/www.vanityfair.fr\/dossier\/victoria-beckham\" isautogenerated=\"true\" target=\"_blank\" rel=\"noopener\">Victoria Beckham<\/a>, qui f\u00eatait la veille ses 26 ans de mariage avec Sir <a href=\"https:\/\/www.vanityfair.fr\/dossier\/david-beckham\" isautogenerated=\"true\" target=\"_blank\" rel=\"noopener\">David Beckham<\/a>, a partag\u00e9 des photos en compagnie de Mel B. \u00ab F\u00e9licitations, s&rsquo;est-elle enthousiasm\u00e9e. Je ne pourrais pas \u00eatre plus excit\u00e9e pour vous deux et je vous souhaite une vie de bonheur. \u00bb \u00ab Rory est un homme tr\u00e8s chanceux \u00bb, a-t-elle ajout\u00e9. \u00ab Je suis tellement heureuse pour vous deux, a assur\u00e9 Melanie C. Je suis vraiment d\u00e9\u00e7ue de ne pas avoir pu \u00eatre l\u00e0. J&rsquo;ai h\u00e2te de f\u00eater \u00e7a avec vous tr\u00e8s bient\u00f4t \u00bb.<\/p>\n<p>Mel B avait r\u00e9v\u00e9l\u00e9 que ses anciennes camarades avaient jou\u00e9 les entremetteuses pour faire \u00e9voluer sa relation avec celui qui s&rsquo;est occup\u00e9 de ses cheveux de nombreuses ann\u00e9es : \u00ab Elles m&rsquo;ont pouss\u00e9e vers Rory pendant des lustres avant qu&rsquo;on ne commence \u00e0 sortir ensemble, mais je leur disais : \u201cCe n&rsquo;est pas comme \u00e7a ; c&rsquo;est juste un tr\u00e8s bon ami qui me rassure\u201d \u00bb, confiait-elle dans les colonnes de <a data-offer-url=\"https:\/\/www.hellomagazine.com\/celebrities\/842305\/mel-b-beautiful-honest-husband-rory-mcphee\/\" class=\"external-link\" data-event-click=\"{&quot;element&quot;:&quot;ExternalLink&quot;,&quot;outgoingURL&quot;:&quot;https:\/\/www.hellomagazine.com\/celebrities\/842305\/mel-b-beautiful-honest-husband-rory-mcphee\/&quot;}\" href=\"https:\/\/www.hellomagazine.com\/celebrities\/842305\/mel-b-beautiful-honest-husband-rory-mcphee\/\" rel=\"nofollow noopener\" target=\"_blank\">Hello<\/a>.<\/p>\n","protected":false},"excerpt":{"rendered":"La Britannique de 50 ans s&rsquo;\u00e9tait gliss\u00e9e dans une robe sign\u00e9e Evelie Bridal et Josephine Scott. Elle avait&hellip;\n","protected":false},"author":2,"featured_media":230829,"comment_status":"","ping_status":"","sticky":false,"template":"","format":"standard","meta":{"footnotes":""},"categories":[1355],"tags":[58,59,1011,27,1361,873,6482],"class_list":{"0":"post-230828","1":"post","2":"type-post","3":"status-publish","4":"format-standard","5":"has-post-thumbnail","7":"category-musique","8":"tag-divertissement","9":"tag-entertainment","10":"tag-fr","11":"tag-france","12":"tag-music","13":"tag-musique","14":"tag-victoria-beckham"},"share_on_mastodon":{"url":"https:\/\/pubeurope.com\/@fr\/114807271896983907","error":""},"_links":{"self":[{"href":"https:\/\/www.europesays.com\/fr\/wp-json\/wp\/v2\/posts\/230828","targetHints":{"allow":["GET"]}}],"collection":[{"href":"https:\/\/www.europesays.com\/fr\/wp-json\/wp\/v2\/posts"}],"about":[{"href":"https:\/\/www.europesays.com\/fr\/wp-json\/wp\/v2\/types\/post"}],"author":[{"embeddable":true,"href":"https:\/\/www.europesays.com\/fr\/wp-json\/wp\/v2\/users\/2"}],"replies":[{"embeddable":true,"href":"https:\/\/www.europesays.com\/fr\/wp-json\/wp\/v2\/comments?post=230828"}],"version-history":[{"count":0,"href":"https:\/\/www.europesays.com\/fr\/wp-json\/wp\/v2\/posts\/230828\/revisions"}],"wp:featuredmedia":[{"embeddable":true,"href":"https:\/\/www.europesays.com\/fr\/wp-json\/wp\/v2\/media\/230829"}],"wp:attachment":[{"href":"https:\/\/www.europesays.com\/fr\/wp-json\/wp\/v2\/media?parent=230828"}],"wp:term":[{"taxonomy":"category","embeddable":true,"href":"https:\/\/www.europesays.com\/fr\/wp-json\/wp\/v2\/categories?post=230828"},{"taxonomy":"post_tag","embeddable":true,"href":"https:\/\/www.europesays.com\/fr\/wp-json\/wp\/v2\/tags?post=230828"}],"curies":[{"name":"wp","href":"https:\/\/api.w.org\/{rel}","templated":true}]}}