{"id":230834,"date":"2025-07-06T16:41:10","date_gmt":"2025-07-06T16:41:10","guid":{"rendered":"https:\/\/www.europesays.com\/fr\/230834\/"},"modified":"2025-07-06T16:41:10","modified_gmt":"2025-07-06T16:41:10","slug":"rachida-dati-meilleure-actrice-du-festival-davignon-liberation","status":"publish","type":"post","link":"https:\/\/www.europesays.com\/fr\/230834\/","title":{"rendered":"Rachida Dati, meilleure actrice du Festival d\u2019Avignon\u00a0? \u2013 Lib\u00e9ration"},"content":{"rendered":"<p class=\"sc-ksZaOG ehjQrN text-element\">Viendra ? Viendra pas ? Le suspense entoure la venue de la ministre de la Culture dans la cit\u00e9 des papes. Il se murmure m\u00eame que la CGT spectacle, qui, pour protester <a href=\"https:\/\/www.liberation.fr\/culture\/budget-de-la-culture-le-secteur-accuse-les-coupes-20250622_GGHEF3LC3VFT7B5CPI2ORGL4LQ\/\" target=\"_blank\" rel=\"noopener\" title=\"https:\/\/www.liberation.fr\/culture\/budget-de-la-culture-le-secteur-accuse-les-coupes-20250622_GGHEF3LC3VFT7B5CPI2ORGL4LQ\/\">contre \u00abdes coupes budg\u00e9taires\u00bb aux \u00abeffets catastrophiques\u00bb<\/a>, a appel\u00e9 le 3 juillet \u00e0 ne pas jouer si Rachida Dati posait ne serait-ce qu\u2019un orteil manucur\u00e9 \u00e0 Avignon, aurait post\u00e9 des <a href=\"https:\/\/www.liberation.fr\/culture\/la-cgt-spectacle-demande-la-demission-de-rachida-dati-20250624_XWDF6E2OLZFOLITG4GDT3YJRGM\/\" target=\"_blank\" rel=\"noopener\" title=\"https:\/\/www.liberation.fr\/culture\/la-cgt-spectacle-demande-la-demission-de-rachida-dati-20250624_XWDF6E2OLZFOLITG4GDT3YJRGM\/\">militants dans les remparts <\/a>pour bombarder de tracts le moindre convoi minist\u00e9riel. Sachant les dispositions de la principale int\u00e9ress\u00e9e, il est probable que cet appel \u00e0 ne pas venir lui donne justement tr\u00e8s envie de prendre des billets, et de <a href=\"https:\/\/www.liberation.fr\/politique\/rachida-dati-une-mini-trump-a-la-francaise-20250629_NVL2Q5P745BZBCQFAO7CDBURDY\/\" target=\"_blank\" rel=\"noopener\" title=\"https:\/\/www.liberation.fr\/politique\/rachida-dati-une-mini-trump-a-la-francaise-20250629_NVL2Q5P745BZBCQFAO7CDBURDY\/\">d\u00e9barquer tel le g\u00eaneur des vaudev<\/a><\/p>\n","protected":false},"excerpt":{"rendered":"Viendra ? Viendra pas ? Le suspense entoure la venue de la ministre de la Culture dans la&hellip;\n","protected":false},"author":2,"featured_media":230835,"comment_status":"","ping_status":"","sticky":false,"template":"","format":"standard","meta":{"footnotes":""},"categories":[8],"tags":[58,59,36980,1011,27,417],"class_list":{"0":"post-230834","1":"post","2":"type-post","3":"status-publish","4":"format-standard","5":"has-post-thumbnail","7":"category-divertissement","8":"tag-divertissement","9":"tag-entertainment","10":"tag-festival-d-avignon","11":"tag-fr","12":"tag-france","13":"tag-rachida-dati"},"share_on_mastodon":{"url":"https:\/\/pubeurope.com\/@fr\/114807287581992555","error":""},"_links":{"self":[{"href":"https:\/\/www.europesays.com\/fr\/wp-json\/wp\/v2\/posts\/230834","targetHints":{"allow":["GET"]}}],"collection":[{"href":"https:\/\/www.europesays.com\/fr\/wp-json\/wp\/v2\/posts"}],"about":[{"href":"https:\/\/www.europesays.com\/fr\/wp-json\/wp\/v2\/types\/post"}],"author":[{"embeddable":true,"href":"https:\/\/www.europesays.com\/fr\/wp-json\/wp\/v2\/users\/2"}],"replies":[{"embeddable":true,"href":"https:\/\/www.europesays.com\/fr\/wp-json\/wp\/v2\/comments?post=230834"}],"version-history":[{"count":0,"href":"https:\/\/www.europesays.com\/fr\/wp-json\/wp\/v2\/posts\/230834\/revisions"}],"wp:featuredmedia":[{"embeddable":true,"href":"https:\/\/www.europesays.com\/fr\/wp-json\/wp\/v2\/media\/230835"}],"wp:attachment":[{"href":"https:\/\/www.europesays.com\/fr\/wp-json\/wp\/v2\/media?parent=230834"}],"wp:term":[{"taxonomy":"category","embeddable":true,"href":"https:\/\/www.europesays.com\/fr\/wp-json\/wp\/v2\/categories?post=230834"},{"taxonomy":"post_tag","embeddable":true,"href":"https:\/\/www.europesays.com\/fr\/wp-json\/wp\/v2\/tags?post=230834"}],"curies":[{"name":"wp","href":"https:\/\/api.w.org\/{rel}","templated":true}]}}