{"id":230844,"date":"2025-07-06T16:47:12","date_gmt":"2025-07-06T16:47:12","guid":{"rendered":"https:\/\/www.europesays.com\/fr\/230844\/"},"modified":"2025-07-06T16:47:12","modified_gmt":"2025-07-06T16:47:12","slug":"les-croisieres-sur-la-loire-compromises-cet-ete","status":"publish","type":"post","link":"https:\/\/www.europesays.com\/fr\/230844\/","title":{"rendered":"les croisi\u00e8res sur la Loire compromises cet \u00e9t\u00e9"},"content":{"rendered":"<p>Heureusement pour les 38 passagers du bateau-mouche, la mini-croisi\u00e8re sur la Loire venait de se terminer, vendredi en fin d\u2019apr\u00e8s-midi.<\/p>\n<p>C\u2019est \u00e0 son arriv\u00e9e \u00e0 quai que le pilote de l\u2019embarcation des Croisi\u00e8res des gorges de la Loire, qui est \u00e9galement le g\u00e9rant de l\u2019entreprise, a subi un contr\u00f4le de d\u00e9pistage de stup\u00e9fiants par la brigade fluviale de la Police nationale.<\/p>\n<p>Des r\u00e9ceptions de mariage annul\u00e9es<\/p>\n<p>Le test s\u2019est r\u00e9v\u00e9l\u00e9 positif \u00e0 la coca\u00efne, le pilote a \u00e9t\u00e9 interpell\u00e9 puis plac\u00e9 en garde \u00e0 vue et fera l\u2019objet de poursuites judiciaires. Son permis bateau a \u00e9t\u00e9 suspendu. La saison estivale du croisi\u00e9riste est plus que compromise car il \u00e9tait le seul habilit\u00e9 \u00e0 conduire le bateau-mouche de la compagnie.<\/p>\n<p>Plusieurs couples sont les victimes collat\u00e9rales de cette infraction puisque, outre les croisi\u00e8res pour d\u00e9couvrir les gorges de la Loire, l\u2019embarcation devait accueillir plusieurs r\u00e9ceptions de mariage cet \u00e9t\u00e9.<\/p>\n","protected":false},"excerpt":{"rendered":"Heureusement pour les 38 passagers du bateau-mouche, la mini-croisi\u00e8re sur la Loire venait de se terminer, vendredi en&hellip;\n","protected":false},"author":2,"featured_media":230845,"comment_status":"","ping_status":"","sticky":false,"template":"","format":"standard","meta":{"footnotes":""},"categories":[9653],"tags":[1111,11,2430,271,272,7539,1777,674,274,107,1011,27,3367,12,25,4001,29878],"class_list":{"0":"post-230844","1":"post","2":"type-post","3":"status-publish","4":"format-standard","5":"has-post-thumbnail","7":"category-saint-etienne","8":"tag-actu","9":"tag-actualites","10":"tag-auvergne-rhone-alpes","11":"tag-crime","12":"tag-delit-et-contravention","13":"tag-edition-loire-sud","14":"tag-eu","15":"tag-europe","16":"tag-faits-divers-justice","17":"tag-fil-info","18":"tag-fr","19":"tag-france","20":"tag-loire","21":"tag-news","22":"tag-republique-francaise","23":"tag-saint-etienne","24":"tag-saint-victor-sur-loire"},"share_on_mastodon":{"url":"https:\/\/pubeurope.com\/@fr\/114807311181656228","error":""},"_links":{"self":[{"href":"https:\/\/www.europesays.com\/fr\/wp-json\/wp\/v2\/posts\/230844","targetHints":{"allow":["GET"]}}],"collection":[{"href":"https:\/\/www.europesays.com\/fr\/wp-json\/wp\/v2\/posts"}],"about":[{"href":"https:\/\/www.europesays.com\/fr\/wp-json\/wp\/v2\/types\/post"}],"author":[{"embeddable":true,"href":"https:\/\/www.europesays.com\/fr\/wp-json\/wp\/v2\/users\/2"}],"replies":[{"embeddable":true,"href":"https:\/\/www.europesays.com\/fr\/wp-json\/wp\/v2\/comments?post=230844"}],"version-history":[{"count":0,"href":"https:\/\/www.europesays.com\/fr\/wp-json\/wp\/v2\/posts\/230844\/revisions"}],"wp:featuredmedia":[{"embeddable":true,"href":"https:\/\/www.europesays.com\/fr\/wp-json\/wp\/v2\/media\/230845"}],"wp:attachment":[{"href":"https:\/\/www.europesays.com\/fr\/wp-json\/wp\/v2\/media?parent=230844"}],"wp:term":[{"taxonomy":"category","embeddable":true,"href":"https:\/\/www.europesays.com\/fr\/wp-json\/wp\/v2\/categories?post=230844"},{"taxonomy":"post_tag","embeddable":true,"href":"https:\/\/www.europesays.com\/fr\/wp-json\/wp\/v2\/tags?post=230844"}],"curies":[{"name":"wp","href":"https:\/\/api.w.org\/{rel}","templated":true}]}}