{"id":230846,"date":"2025-07-06T16:48:10","date_gmt":"2025-07-06T16:48:10","guid":{"rendered":"https:\/\/www.europesays.com\/fr\/230846\/"},"modified":"2025-07-06T16:48:10","modified_gmt":"2025-07-06T16:48:10","slug":"fete-du-livre-de-saint-etienne-il-etait-une-foire-de-livres","status":"publish","type":"post","link":"https:\/\/www.europesays.com\/fr\/230846\/","title":{"rendered":"F\u00caTE DU LIVRE DE SAINT-\u00c9TIENNE : IL \u00c9TAIT UNE FOIRE\u2026 DE LIVRES"},"content":{"rendered":"<p>Du 10 au 12 octobre 2025, les rues du centre-ville se transformeront en royaume de papier et d\u2019encre, avec pas moins d\u2019une centaine de maisons d\u2019\u00e9dition invit\u00e9es et quelque 50 000 visiteurs attendus pour ce rendez-vous devenu incontournable.<\/p>\n<p>UNE AFFICHE QUI FAIT FLEURIR L\u2019IMAGINATION<\/p>\n<p>Avant m\u00eame d\u2019ouvrir un livre, on en prendra plein les yeux. L\u2019illustrateur Romain Lubi\u00e8re, enfant du pays, a con\u00e7u une affiche o\u00f9 la nature s\u2019\u00e9panouit au rythme de la lecture : un personnage \u00e0 t\u00eate de lotus, plong\u00e9 dans un bouquin, entour\u00e9 de verts feuillages. Une cr\u00e9ation zen et po\u00e9tique, qui refl\u00e8te son attachement \u00e0 cette f\u00eate qu\u2019il admirait d\u00e9j\u00e0 gamin. Un clin d\u2019\u0153il aux r\u00eaves d\u2019enfant, entre hommage au surr\u00e9alisme et nostalgie de Lukas Kandl.<\/p>\n<p>Le th\u00e8me de cette ann\u00e9e ? Le conte, mais version 2.0. Anna Jouchoux, cheffe d\u2019orchestre de l\u2019\u00e9v\u00e9nement, a voulu questionner nos r\u00e9cits fondateurs avec un regard actuel. Il sera donc question de princesses qui n\u2019attendent plus le prince, de loups qui vont chez le psy, et de versions modernes, dr\u00f4les, parfois f\u00e9ministes, parfois d\u00e9cal\u00e9es. En bonus, une exposition \u00e0 la m\u00e9diath\u00e8que de Tarentaize, et huit prix litt\u00e9raires qui seront remis durant le week-end.<\/p>\n<p>Vingt maisons d\u2019\u00e9dition de la r\u00e9gion porteront haut les couleurs lig\u00e9riennes. Et c\u00f4t\u00e9 vedettes, Saint-\u00c9tienne pourra compter sur des pointures : Michel Bussy, fid\u00e8le au rendez-vous, et le Goncourt Laurent Gaud\u00e9, dont le roman\u00a0Chien 51s\u2019appr\u00eate \u00e0 devenir un film. La marraine de cette \u00e9dition, Agn\u00e8s Ledig, venue avec son nouveau titre\u00a0R\u00e9pondre \u00e0 la nuit. Quant au festival \u00ab\u00a0Les mots en sc\u00e8ne\u00a0\u00bb, entre th\u00e9\u00e2tre et litt\u00e9rature, il aura pour parrain le talentueux Benjamin Lacombe, illustrateur \u00e0 l\u2019univers envo\u00fbtant.<\/p>\n<p>DES LIVRES, DES R\u00caVES ET BEAUCOUP DE FEUILLES (PAS QUE D\u2019AUTOMNE)<\/p>\n<p>La F\u00eate du livre de Saint-\u00c9tienne 2025 promet donc un savoureux m\u00e9lange entre traditions revisit\u00e9es, cr\u00e9ativit\u00e9 locale, et t\u00eates d\u2019affiche de renom. De quoi faire tourner les pages\u2026 et les t\u00eates !<\/p>\n","protected":false},"excerpt":{"rendered":"Du 10 au 12 octobre 2025, les rues du centre-ville se transformeront en royaume de papier et d\u2019encre,&hellip;\n","protected":false},"author":2,"featured_media":230847,"comment_status":"","ping_status":"","sticky":false,"template":"","format":"standard","meta":{"footnotes":""},"categories":[9653],"tags":[1111,11,2430,1777,674,36981,1011,27,3367,12,25,4001],"class_list":{"0":"post-230846","1":"post","2":"type-post","3":"status-publish","4":"format-standard","5":"has-post-thumbnail","7":"category-saint-etienne","8":"tag-actu","9":"tag-actualites","10":"tag-auvergne-rhone-alpes","11":"tag-eu","12":"tag-europe","13":"tag-fete-du-livre","14":"tag-fr","15":"tag-france","16":"tag-loire","17":"tag-news","18":"tag-republique-francaise","19":"tag-saint-etienne"},"share_on_mastodon":{"url":"https:\/\/pubeurope.com\/@fr\/114807315083901359","error":""},"_links":{"self":[{"href":"https:\/\/www.europesays.com\/fr\/wp-json\/wp\/v2\/posts\/230846","targetHints":{"allow":["GET"]}}],"collection":[{"href":"https:\/\/www.europesays.com\/fr\/wp-json\/wp\/v2\/posts"}],"about":[{"href":"https:\/\/www.europesays.com\/fr\/wp-json\/wp\/v2\/types\/post"}],"author":[{"embeddable":true,"href":"https:\/\/www.europesays.com\/fr\/wp-json\/wp\/v2\/users\/2"}],"replies":[{"embeddable":true,"href":"https:\/\/www.europesays.com\/fr\/wp-json\/wp\/v2\/comments?post=230846"}],"version-history":[{"count":0,"href":"https:\/\/www.europesays.com\/fr\/wp-json\/wp\/v2\/posts\/230846\/revisions"}],"wp:featuredmedia":[{"embeddable":true,"href":"https:\/\/www.europesays.com\/fr\/wp-json\/wp\/v2\/media\/230847"}],"wp:attachment":[{"href":"https:\/\/www.europesays.com\/fr\/wp-json\/wp\/v2\/media?parent=230846"}],"wp:term":[{"taxonomy":"category","embeddable":true,"href":"https:\/\/www.europesays.com\/fr\/wp-json\/wp\/v2\/categories?post=230846"},{"taxonomy":"post_tag","embeddable":true,"href":"https:\/\/www.europesays.com\/fr\/wp-json\/wp\/v2\/tags?post=230846"}],"curies":[{"name":"wp","href":"https:\/\/api.w.org\/{rel}","templated":true}]}}