{"id":230848,"date":"2025-07-06T16:49:17","date_gmt":"2025-07-06T16:49:17","guid":{"rendered":"https:\/\/www.europesays.com\/fr\/230848\/"},"modified":"2025-07-06T16:49:17","modified_gmt":"2025-07-06T16:49:17","slug":"photos-la-brocante-1900-au-parc-sainte-marie-une-matinee-radieuse","status":"publish","type":"post","link":"https:\/\/www.europesays.com\/fr\/230848\/","title":{"rendered":"Photos. La Brocante 1900 au parc Sainte Marie ; une matin\u00e9e radieuse"},"content":{"rendered":"<p>Ce matin, la pluie fine n\u2019a pas entam\u00e9 l\u2019enthousiasme des visiteurs venus fl\u00e2ner parmi les \u00e9tals de la traditionnelle Brocante 1900, au parc Sainte-Marie. Entre deux gouttes, quelques rayons de soleil illuminaient les tr\u00e9sors expos\u00e9s : objets insolites et souvenirs d\u2019un autre temps s\u00e9duisaient les chineurs, parapluie \u00e0 la main. Mais l\u2019apr\u00e8s-midi, les caprices du ciel ont chang\u00e9 la donne : la pluie, plus drue et persistante, a peu \u00e0 peu vid\u00e9 les all\u00e9es, contraignant les amateurs de trouvailles \u00e0 plier bagage plus t\u00f4t que pr\u00e9vu.<\/p>\n","protected":false},"excerpt":{"rendered":"Ce matin, la pluie fine n\u2019a pas entam\u00e9 l\u2019enthousiasme des visiteurs venus fl\u00e2ner parmi les \u00e9tals de la&hellip;\n","protected":false},"author":2,"featured_media":230849,"comment_status":"","ping_status":"","sticky":false,"template":"","format":"standard","meta":{"footnotes":""},"categories":[9635],"tags":[1111,11,7782,1704,1777,674,107,1011,27,2798,775,1702,12,25],"class_list":{"0":"post-230848","1":"post","2":"type-post","3":"status-publish","4":"format-standard","5":"has-post-thumbnail","7":"category-nancy","8":"tag-actu","9":"tag-actualites","10":"tag-balades-et-randonnees","11":"tag-edition-nancy-et-agglomeration","12":"tag-eu","13":"tag-europe","14":"tag-fil-info","15":"tag-fr","16":"tag-france","17":"tag-galerie-photo","18":"tag-grand-est","19":"tag-nancy","20":"tag-news","21":"tag-republique-francaise"},"share_on_mastodon":{"url":"https:\/\/pubeurope.com\/@fr\/114807319023645875","error":""},"_links":{"self":[{"href":"https:\/\/www.europesays.com\/fr\/wp-json\/wp\/v2\/posts\/230848","targetHints":{"allow":["GET"]}}],"collection":[{"href":"https:\/\/www.europesays.com\/fr\/wp-json\/wp\/v2\/posts"}],"about":[{"href":"https:\/\/www.europesays.com\/fr\/wp-json\/wp\/v2\/types\/post"}],"author":[{"embeddable":true,"href":"https:\/\/www.europesays.com\/fr\/wp-json\/wp\/v2\/users\/2"}],"replies":[{"embeddable":true,"href":"https:\/\/www.europesays.com\/fr\/wp-json\/wp\/v2\/comments?post=230848"}],"version-history":[{"count":0,"href":"https:\/\/www.europesays.com\/fr\/wp-json\/wp\/v2\/posts\/230848\/revisions"}],"wp:featuredmedia":[{"embeddable":true,"href":"https:\/\/www.europesays.com\/fr\/wp-json\/wp\/v2\/media\/230849"}],"wp:attachment":[{"href":"https:\/\/www.europesays.com\/fr\/wp-json\/wp\/v2\/media?parent=230848"}],"wp:term":[{"taxonomy":"category","embeddable":true,"href":"https:\/\/www.europesays.com\/fr\/wp-json\/wp\/v2\/categories?post=230848"},{"taxonomy":"post_tag","embeddable":true,"href":"https:\/\/www.europesays.com\/fr\/wp-json\/wp\/v2\/tags?post=230848"}],"curies":[{"name":"wp","href":"https:\/\/api.w.org\/{rel}","templated":true}]}}