{"id":230850,"date":"2025-07-06T16:50:14","date_gmt":"2025-07-06T16:50:14","guid":{"rendered":"https:\/\/www.europesays.com\/fr\/230850\/"},"modified":"2025-07-06T16:50:14","modified_gmt":"2025-07-06T16:50:14","slug":"nancy-lycee-pierre-de-coubertin","status":"publish","type":"post","link":"https:\/\/www.europesays.com\/fr\/230850\/","title":{"rendered":"Nancy, Lyc\u00e9e Pierre de Coubertin"},"content":{"rendered":"<p>Nathan Carpentier, 18 ans, habitant \u00e0 Pulnoy, a d\u00e9croch\u00e9 son bac professionnel syst\u00e8mes num\u00e9riqued au lyc\u00e9e Pierre-de-Coubertin \u00e0 Nancy avec une moyenne de 16,25. Passionn\u00e9 par l&rsquo;animation et le DJing, il a obtenu la note de 20 en projet, sa mati\u00e8re pr\u00e9f\u00e9r\u00e9e \u00e9tant les mati\u00e8res professionnelles. Tr\u00e8s content d&rsquo;avoir obtenu la mention tr\u00e8s bien, il se pr\u00e9pare \u00e0 int\u00e9grer un BTS cybers\u00e9curit\u00e9, informatique et r\u00e9seaux, \u00e9lectronique pour devenir technicien \u00e9lectronique. Cet \u00e9t\u00e9, il pr\u00e9voit de profiter pleinement de son temps libre.<\/p>\n<p>\u270e R\u00e9dig\u00e9 avec l&rsquo;aide d&rsquo;outils IA et v\u00e9rifi\u00e9 par un journaliste \ud83d\udec8 En savoir plus avec la charte IA d&rsquo;Ebra.<\/p>\n","protected":false},"excerpt":{"rendered":"Nathan Carpentier, 18 ans, habitant \u00e0 Pulnoy, a d\u00e9croch\u00e9 son bac professionnel syst\u00e8mes num\u00e9riqued au lyc\u00e9e Pierre-de-Coubertin \u00e0&hellip;\n","protected":false},"author":2,"featured_media":230851,"comment_status":"","ping_status":"","sticky":false,"template":"","format":"standard","meta":{"footnotes":""},"categories":[9635],"tags":[1111,11,36609,1704,1057,1777,674,10961,1011,27,775,1702,1703,12,25],"class_list":{"0":"post-230850","1":"post","2":"type-post","3":"status-publish","4":"format-standard","5":"has-post-thumbnail","7":"category-nancy","8":"tag-actu","9":"tag-actualites","10":"tag-baccalaureat-mention-tres-bien","11":"tag-edition-nancy-et-agglomeration","12":"tag-education","13":"tag-eu","14":"tag-europe","15":"tag-examen-diplome","16":"tag-fr","17":"tag-france","18":"tag-grand-est","19":"tag-nancy","20":"tag-nancy-ville-54b","21":"tag-news","22":"tag-republique-francaise"},"share_on_mastodon":{"url":"https:\/\/pubeurope.com\/@fr\/114807322974100772","error":""},"_links":{"self":[{"href":"https:\/\/www.europesays.com\/fr\/wp-json\/wp\/v2\/posts\/230850","targetHints":{"allow":["GET"]}}],"collection":[{"href":"https:\/\/www.europesays.com\/fr\/wp-json\/wp\/v2\/posts"}],"about":[{"href":"https:\/\/www.europesays.com\/fr\/wp-json\/wp\/v2\/types\/post"}],"author":[{"embeddable":true,"href":"https:\/\/www.europesays.com\/fr\/wp-json\/wp\/v2\/users\/2"}],"replies":[{"embeddable":true,"href":"https:\/\/www.europesays.com\/fr\/wp-json\/wp\/v2\/comments?post=230850"}],"version-history":[{"count":0,"href":"https:\/\/www.europesays.com\/fr\/wp-json\/wp\/v2\/posts\/230850\/revisions"}],"wp:featuredmedia":[{"embeddable":true,"href":"https:\/\/www.europesays.com\/fr\/wp-json\/wp\/v2\/media\/230851"}],"wp:attachment":[{"href":"https:\/\/www.europesays.com\/fr\/wp-json\/wp\/v2\/media?parent=230850"}],"wp:term":[{"taxonomy":"category","embeddable":true,"href":"https:\/\/www.europesays.com\/fr\/wp-json\/wp\/v2\/categories?post=230850"},{"taxonomy":"post_tag","embeddable":true,"href":"https:\/\/www.europesays.com\/fr\/wp-json\/wp\/v2\/tags?post=230850"}],"curies":[{"name":"wp","href":"https:\/\/api.w.org\/{rel}","templated":true}]}}