{"id":230853,"date":"2025-07-06T16:52:16","date_gmt":"2025-07-06T16:52:16","guid":{"rendered":"https:\/\/www.europesays.com\/fr\/230853\/"},"modified":"2025-07-06T16:52:16","modified_gmt":"2025-07-06T16:52:16","slug":"enzo-herve-refuse-le-stade-francais-louis-carbonel-bloque","status":"publish","type":"post","link":"https:\/\/www.europesays.com\/fr\/230853\/","title":{"rendered":"Enzo Herv\u00e9 refuse le Stade Fran\u00e7ais, Louis Carbonel bloqu\u00e9"},"content":{"rendered":"<p style=\"text-align: justify;\"><strong>TRANSFERTS \u2013 Selon <a href=\"https:\/\/www.lequipe.fr\/Rugby\/Actualites\/L-echange-entre-enzo-herve-toulon-et-louis-carbonel-stade-francais-tombe-a-l-eau\/1575830\" rel=\"nofollow noopener\" target=\"_blank\">L\u2019\u00c9quipe<\/a>, l\u2019\u00e9change entre le Stade Fran\u00e7ais et Toulon pour Enzo Herv\u00e9 et Louis Carbonel ne se fera pas.<\/strong><\/p>\n<p style=\"text-align: justify;\">Le march\u00e9 des transferts pour la saison 2025-2026 est referm\u00e9, mais les clubs ont toujours la possibilit\u00e9 d\u2019inscrire des joueurs suppl\u00e9mentaires ou des jokers m\u00e9dicaux en cas de blessure de plus de trois mois. Depuis plusieurs semaines, le <strong>RC<\/strong> <strong>Toulon<\/strong> et le <strong>Stade<\/strong> <strong>Fran\u00e7ais<\/strong> \u00e9taient en discussions pour un \u00e9change entre un de leurs ouvreurs respectifs.<\/p>\n<p>\nLouis Carbonel reste au Stade Fran\u00e7ais\n<\/p>\n<p style=\"text-align: justify;\">Le <a href=\"https:\/\/dicodusport.fr\/blog\/transferts-rc-toulon-2025-arrivees-departs-et-prolongations\/\" rel=\"nofollow noopener\" target=\"_blank\"><strong>RC Toulon<\/strong><\/a> avait instigu\u00e9 la possibilit\u00e9 d\u2019un \u00e9change entre <strong>Louis<\/strong> <strong>Carbonel<\/strong> et <strong>Enzo<\/strong> <strong>Herv\u00e9<\/strong>. Depuis son d\u00e9part il y a quelques ann\u00e9es, le joueur, passait entre temps par Montpellier, esp\u00e8re faire son retour au club. Mais l\u2019occasion ne s\u2019\u00e9tait pas pr\u00e9sent\u00e9e jusque-l\u00e0. Pour que l\u2019op\u00e9ration aboutisse cet \u00e9t\u00e9, il fallait aussi l\u2019aval d\u2019<strong>Enzo Herv\u00e9<\/strong>, qui devait rejoindre le Stade Fran\u00e7ais. <strong>Pierre<\/strong> <strong>Mignoni<\/strong> a expliqu\u00e9 \u00e0 <a href=\"https:\/\/www.varmatin.com\/rugby\/dossier-herve-carbonel-depart-de-wainiqolo-pierre-mignoni-fait-le-point-992993\" rel=\"nofollow noopener\" target=\"_blank\">Var Matin<\/a> que ce dernier avait finalement refus\u00e9 :<\/p>\n<blockquote>\n<p style=\"text-align: justify;\">Le Stade Fran\u00e7ais, puisqu\u2019il faut \u00eatre clair, a demand\u00e9 \u00e0 r\u00e9cup\u00e9rer Enzo Herv\u00e9. Donc logiquement, on en a parl\u00e9 avec lui. Mais malgr\u00e9 la volont\u00e9 d\u2019un autre club, on ne peut pas dire oui comme \u00e7a. Il faut respecter le joueur. Et c\u2019est ce qu\u2019on fait. Ce qui est certain, c\u2019est ce que notre c\u00f4t\u00e9, on n\u2019aura pas la possibilit\u00e9 d\u2019avoir quatre ouvreurs.<\/p>\n<\/blockquote>\n<p style=\"text-align: justify;\">Avec le refus de l\u2019ancien ouvreur de <strong>Brive<\/strong>, l\u2019op\u00e9ration \u00e9tait rendue impossible, puisque <strong>Toulon<\/strong> poss\u00e8de d\u00e9j\u00e0 trois ouvreurs sous contrat. Et comme <strong>Louis<\/strong> <strong>Carbonel<\/strong> est sous contrat jusqu\u2019en 2027 avec le <strong>Stade<\/strong> <strong>Fran\u00e7ais<\/strong>, il n\u2019y a pour le moment pas d\u2019option pour qu\u2019il retourne sur la Rade, \u00e0 court terme en tout cas.<\/p>\n<p>\u00c0 lire aussi<br \/>\n<a href=\"https:\/\/dicodusport.fr\/blog\/transferts-rc-toulon-2025-arrivees-departs-et-prolongations\/\" class=\"vlp-link\" title=\"Transferts RC Toulon 2025 : Recrues, d\u00e9parts et prolongations\" rel=\"nofollow noopener\" target=\"_blank\"><img loading=\"lazy\" decoding=\"async\" style=\"max-width: 792px;\" width=\"792\" height=\"445\" class=\"attachment-800x445 size-800x445 perfmatters-lazy\" alt=\"Transferts Rugby Garry Ringrose, Mathis Fert\u00e9, Karim Ghezal, les infos du jeudi 5 d\u00e9cembre\" src=\"https:\/\/www.europesays.com\/fr\/wp-content\/uploads\/2025\/05\/Transferts-Rugby-Garry-Ringrose-Mathis-Ferte-Karim-Ghezal-les-infos-du-jeudi-5-decembre.png\"  data-\/><\/p>\n<p>Transferts RC Toulon 2025 : Recrues, d\u00e9parts et prolongations<\/p>\n<p>Arriv\u00e9es, d\u00e9parts et prolongations au RC Toulon<\/p>\n<p>Lire l&rsquo;article<\/p>\n<p>dicodusport.fr<\/p>\n","protected":false},"excerpt":{"rendered":"TRANSFERTS \u2013 Selon L\u2019\u00c9quipe, l\u2019\u00e9change entre le Stade Fran\u00e7ais et Toulon pour Enzo Herv\u00e9 et Louis Carbonel ne&hellip;\n","protected":false},"author":2,"featured_media":230854,"comment_status":"","ping_status":"","sticky":false,"template":"","format":"standard","meta":{"footnotes":""},"categories":[9619],"tags":[1111,11,2113,1777,674,1011,27,36939,12,882,25,2310,477],"class_list":{"0":"post-230853","1":"post","2":"type-post","3":"status-publish","4":"format-standard","5":"has-post-thumbnail","7":"category-toulon","8":"tag-actu","9":"tag-actualites","10":"tag-breve","11":"tag-eu","12":"tag-europe","13":"tag-fr","14":"tag-france","15":"tag-louis-carbonel","16":"tag-news","17":"tag-provence-alpes-cote-dazur","18":"tag-republique-francaise","19":"tag-toulon","20":"tag-transferts-rugby"},"share_on_mastodon":{"url":"https:\/\/pubeurope.com\/@fr\/114807331020446701","error":""},"_links":{"self":[{"href":"https:\/\/www.europesays.com\/fr\/wp-json\/wp\/v2\/posts\/230853","targetHints":{"allow":["GET"]}}],"collection":[{"href":"https:\/\/www.europesays.com\/fr\/wp-json\/wp\/v2\/posts"}],"about":[{"href":"https:\/\/www.europesays.com\/fr\/wp-json\/wp\/v2\/types\/post"}],"author":[{"embeddable":true,"href":"https:\/\/www.europesays.com\/fr\/wp-json\/wp\/v2\/users\/2"}],"replies":[{"embeddable":true,"href":"https:\/\/www.europesays.com\/fr\/wp-json\/wp\/v2\/comments?post=230853"}],"version-history":[{"count":0,"href":"https:\/\/www.europesays.com\/fr\/wp-json\/wp\/v2\/posts\/230853\/revisions"}],"wp:featuredmedia":[{"embeddable":true,"href":"https:\/\/www.europesays.com\/fr\/wp-json\/wp\/v2\/media\/230854"}],"wp:attachment":[{"href":"https:\/\/www.europesays.com\/fr\/wp-json\/wp\/v2\/media?parent=230853"}],"wp:term":[{"taxonomy":"category","embeddable":true,"href":"https:\/\/www.europesays.com\/fr\/wp-json\/wp\/v2\/categories?post=230853"},{"taxonomy":"post_tag","embeddable":true,"href":"https:\/\/www.europesays.com\/fr\/wp-json\/wp\/v2\/tags?post=230853"}],"curies":[{"name":"wp","href":"https:\/\/api.w.org\/{rel}","templated":true}]}}