{"id":230859,"date":"2025-07-06T16:56:39","date_gmt":"2025-07-06T16:56:39","guid":{"rendered":"https:\/\/www.europesays.com\/fr\/230859\/"},"modified":"2025-07-06T16:56:39","modified_gmt":"2025-07-06T16:56:39","slug":"interview-benoit-poher-leader-de-kyo-se-confie-sur-son-nouveau-spectacle-consacre-au-comte-de-monte-cristo","status":"publish","type":"post","link":"https:\/\/www.europesays.com\/fr\/230859\/","title":{"rendered":"Interview. Beno\u00eet Poher, leader de Kyo, se confie sur son nouveau spectacle consacr\u00e9 au Comte de Monte-Cristo"},"content":{"rendered":"<p>            Par<br \/>\n        <strong><br \/>\n            <a href=\"https:\/\/actu.fr\/auteur\/laredaction\" title=\"Consulter tous les articles de R\u00e9daction Normandie\" target=\"_blank\" rel=\"noopener\">R\u00e9daction Normandie<\/a><br \/>\n        <\/strong><\/p>\n<p>        Publi\u00e9 le<\/p>\n<p>            5 juil. 2025 \u00e0 16h18        <\/p>\n<p>On lui doit les plus grands tubes des com\u00e9dies musicales de ces 20 derni\u00e8res ann\u00e9es.<strong> Beno\u00eet Poher<\/strong> revient cette fois-ci aux commandes du tr\u00e8s ambitieux spectacle musical Monte Cristo, <a href=\"https:\/\/actu.fr\/normandie\/rouen_76540\/combien-ca-coute-de-louer-le-zenith-de-rouen_62163403.html\" target=\"_blank\" rel=\"noopener\">au Z\u00e9nith de Rouen (Seine-Maritime)<\/a>,<strong> le 31\u00a0octobre 2026<\/strong>. Pour nous, il se livre sur la pr\u00e9paration de ce blockbuster de grande ampleur.<\/p>\n<p class=\"ac-article-content__question wall-content\"><strong class=\"color-primary\">Actu : <\/strong>Comment avez-vous b\u00e2ti le son Monte Cristo pour cette com\u00e9die musicale\u2009?<\/p>\n<p class=\" wall-content\"><strong class=\"color-primary\">Beno\u00eet Poher : <\/strong>Ce qui est passionnant dans cette aventure, c&rsquo;est la conjonction de plusieurs talents qui sont assez \u00e9clectiques. Sur Monte Cristo, il y a une grande richesse d&rsquo;\u00e9motions, de lieux. La r\u00e8gle \u00e9tait au d\u00e9part de ne pas se poser de limites. Apr\u00e8s c&rsquo;est toute l&rsquo;\u00e9quipe, Franklin Ferrand en premi\u00e8re ligne, qui apporte ses avis et ses expertises. Cette \u00e9quipe apporte l&rsquo;\u00e9motion dans les arrangements. J&rsquo;am\u00e8ne les id\u00e9es principales, l&rsquo;ambiance, la trame. C&rsquo;est agr\u00e9able pour moi de voir d&rsquo;autres personnes talentueuses, prendre ces id\u00e9es et les magnifier. Si vous trouvez que ces trois premiers titres sont audacieux, alors vous verrez que ce n&rsquo;est que le d\u00e9but. Il y a m\u00eame des titres qui vont beaucoup plus loin. C&rsquo;\u00e9tait tout l&rsquo;int\u00e9r\u00eat avec Franklin de composer l&rsquo;int\u00e9gralit\u00e9 d&rsquo;une com\u00e9die musicale, c&rsquo;\u00e9tait de faire des choses qui n&rsquo;avaient jamais \u00e9t\u00e9 faites avant. <\/p>\n<p class=\"ac-article-content__question wall-content\">Vous co-composez ce spectacle avec Franklin Ferrand (Vegarstar). Comment avez-vous \u00e9labor\u00e9 ensemble la direction du spectacle\u2009?\u00a0<\/p>\n<p class=\" wall-content\"><strong class=\"color-primary\">BP : <\/strong>Quand je suis arriv\u00e9 au lyc\u00e9e, Franklin faisait partie du groupe Noisy Fate et c\u2019\u00e9taient les stars du lyc\u00e9e. Je regardais \u00e7a en me disant qu\u2019il fallait que je fasse partie d\u2019un groupe pour \u00eatre comme eux. C\u2019est comme \u00e7a que KYO est n\u00e9 finalement\u2026 J\u2019ai ce souvenir de ce lundi matin dans l\u2019amphith\u00e9\u00e2tre avant le contr\u00f4le de maths o\u00f9 on se retrouvait avec lui et qu\u2019on avait enregistr\u00e9 le week-end. Une comp\u00e9tition saine o\u00f9 on est devenu amis. Sur Monte Cristo, l\u2019unicit\u00e9 s\u2019est faite naturellement. On \u00e9coutait les m\u00eames choses. On partage un ADN commun. Ce n\u2019est pas coutumier mais il nous est arriv\u00e9 de partager la composition d\u2019un m\u00eame morceau. <\/p>\n<p>    <img   decoding=\"async\" loading=\"lazy\" src=\"https:\/\/www.europesays.com\/fr\/wp-content\/uploads\/2025\/07\/format-photo-articles-3-960x640.jpg\" alt=\"Le spectacle musical consacr\u00e9 au Comte de Monte-Cristo sera jou\u00e9 en octobre 2026 au Z\u00e9nith de Rouen (Seine-Maritime)\" width=\"960\" height=\"640\"\/><br \/>\n    Le spectacle musical consacr\u00e9 au Comte de Monte-Cristo sera jou\u00e9 en octobre\u00a02026 au Z\u00e9nith de Rouen (Seine-Maritime) (\u00a9Affiche du spectacle)<\/p>\n<p class=\"ac-article-content__question wall-content\">Est-ce une contrainte ou une force inspiratrice de composer sur un mat\u00e9riau d\u00e9j\u00e0 pr\u00e9\u00e9tablit\u2009?<\/p>\n<p class=\" wall-content\"><strong class=\"color-primary\">BP : <\/strong>Je dirais que c\u2019est une contrainte mais aux effets positifs car c\u2019est r\u00e9confortant de savoir o\u00f9 l\u2019on va avec pr\u00e9cision. Ce qui \u00e9tait tr\u00e8s agr\u00e9able, c\u2019est que c\u2019\u00e9tait un processus qui \u00e9tait mall\u00e9able. Depuis, le livret a beaucoup boug\u00e9. Franklin et moi-m\u00eame avons d\u00fb nous adapter \u00e0 ces changements. Mais parfois, lorsque nous avions une chanson qui \u00e9tait particuli\u00e8rement r\u00e9ussie mais qui n\u2019avait pas forc\u00e9ment sa place dans le livret, les auteurs ont cr\u00e9\u00e9 une place pour ce morceau. C\u2019est ce que j\u2019aime dans l\u2019\u00e9nergie de ce spectacle, c\u2019est qu\u2019on valorise les talents, l\u00e0 o\u00f9 ils sont performants. <\/p>\n<p class=\"ac-article-content__question wall-content\">Alexandre Faitrouni, adepte du th\u00e9\u00e2tre et Julien Mairesse directeur de grands shows comme Gims, Soprano ou Aya Nakamura signent la mise en sc\u00e8ne. Un duo compl\u00e9mentaire ?<\/p>\n<p class=\" wall-content\"><strong class=\"color-primary\">BP : <\/strong>Ce qui est s\u00fbr, c&rsquo;est qu&rsquo;il y a de l&rsquo;ambition. Dans l&rsquo;\u00e2ge d&rsquo;or des com\u00e9dies musicales, il y a eu de tr\u00e8s gros succ\u00e8s, tr\u00e8s ambitieux visuellement. Mais il arrivait parfois que cela manquait de justesse dans le jeu ou des artistes qui jouaient bien la com\u00e9die mais qui vocalement \u00e9taient limit\u00e9s. La volont\u00e9 d&rsquo;Alexandre \u00e9tait d&rsquo;avoir des grands chanteurs qui jouent tr\u00e8s bien la com\u00e9die. Mais quand on a un projet si ambitieux qui doit s&rsquo;adresser au grand public, il y a aussi la volont\u00e9 d&rsquo;en faire un blockbuster. Et \u00e7a passe par l&rsquo;expertise de Julien Mairesse qui a cette culture du spectaculaire. Et les premi\u00e8res images de sa vision du spectacle m&rsquo;ont donn\u00e9 envie d&rsquo;en voir plus. Son talent va donner un vrai d\u00e9cor avec des projections d&rsquo;images et de mapping. On aura le meilleur des deux mondes.<\/p>\n<p class=\"ac-article-content__question wall-content\">Au sujet du cast. Ce sont des artistes complets, capables de chanter, danser et jouer : le signe que Monte Cristo en plus d&rsquo;\u00eatre spectaculaire sera irr\u00e9prochable dans le jeu ?<\/p>\n<p class=\" wall-content\"><strong class=\"color-primary\">BP : <\/strong>Absolument ! Apr\u00e8s je ne sais pas si c&rsquo;est un signal qu&rsquo;on envoie mais ce qui est int\u00e9ressant, ce que sont de talentueux artistes qui n&rsquo;ont pas fait de t\u00e9l\u00e9crochets, qui sont certes inconnus, mais qui sont complets. Je pense qu&rsquo;une fois que nous aurons tout mont\u00e9 et que le public d\u00e9couvrira Monte Cristo, il y a aura cette tradition dans la com\u00e9die musicale qui est celle du bouche \u00e0 oreille. Et j&rsquo;esp\u00e8re que le public se dira qu&rsquo;il a vu quelque chose d&rsquo;exigeant qu&rsquo;il n&rsquo;aura jamais vu avant. .<\/p>\n<p class=\"ac-article-content__question wall-content\">Depuis 10\/20 ans, les attentes du public pour ce genre de spectacle changent. Comment percevez-vous cette \u00e9volution ?<\/p>\n<p class=\" wall-content\"><strong class=\"color-primary\">BP : <\/strong>Il est vrai qu&rsquo;\u00e0 cette \u00e9poque-l\u00e0, dans cette industrie lorsqu&rsquo;il y a un gros succ\u00e8s, on essaye de le renouveler. C&rsquo;est vrai que l&rsquo;incroyable succ\u00e8s du Roi Soleil a vu la gen\u00e8se d&rsquo;autres com\u00e9dies musicales sur le m\u00eame fonctionnement. \u00c0 l&rsquo;\u00e9poque, on me demandait faire ce que je savais faire avec la patte KYO. J&rsquo;avais donc un travail d&rsquo;adaptation au fond. Parfois, il y a eu aussi des \u00e9checs qui ont refroidi l&rsquo;industrie et \u00e7a a \u00e9t\u00e9 le d\u00e9sert. Il y a eu des exceptions comme le Roi Lion qui sont indestructibles. Mais \u00e7a a mis du temps pour que les gens se d\u00e9placent \u00e0 nouveau et que les producteurs y retournent. Je pense qu&rsquo;on va voir une vraie \u00e9volution dans les mois et les ann\u00e9es qui viennent car tout le monde a \u00e0 c\u0153ur de ne pas faire les m\u00eames choses qu&rsquo;il y a 20 ans.<\/p>\n<p class=\" wall-content\"><strong>De notre correspondant Guillaume Bataille<\/strong><\/p>\n<p>Suivez l\u2019actualit\u00e9 de Rouen <a href=\"https:\/\/www.whatsapp.com\/channel\/0029VaKfnf99hXF2ddApFB1D\" target=\"_blank\" rel=\"noopener\">sur notre cha\u00eene WhatsApp<\/a> et <a href=\"https:\/\/www.tiktok.com\/@76actu.fr?lang=fr\" target=\"_blank\" rel=\"noopener\">sur notre compte TikTok<\/a><\/p>\n<p class=\" wall-content\">Suivez toute l\u2019actualit\u00e9 de vos villes et m\u00e9dias favoris en vous inscrivant \u00e0 <a href=\"https:\/\/moncompte.actu.fr\" title=\"D\u00e9couvez Mon Actu\" rel=\"nofollow noopener\" data-trk=\"{&quot;cta&quot;:{&quot;action&quot;:&quot;https:\\\/\\\/moncompte.actu.fr&quot;,&quot;category&quot;:&quot;mon compte&quot;,&quot;from&quot;:&quot;article footer&quot;,&quot;name&quot;:&quot;Mon actu&quot;,&quot;type&quot;:&quot;cta&quot;}}\" target=\"_blank\">Mon Actu<\/a>.<\/p>\n<p>                    <script async src=\"\/\/www.tiktok.com\/embed.js\"><\/script><\/p>\n","protected":false},"excerpt":{"rendered":"Par R\u00e9daction Normandie Publi\u00e9 le 5 juil. 2025 \u00e0 16h18 On lui doit les plus grands tubes des&hellip;\n","protected":false},"author":2,"featured_media":230860,"comment_status":"","ping_status":"","sticky":false,"template":"","format":"standard","meta":{"footnotes":""},"categories":[9587],"tags":[1111,11,1777,674,1011,27,1652,12,5161,9026,25,9590,853,9894],"class_list":{"0":"post-230859","1":"post","2":"type-post","3":"status-publish","4":"format-standard","5":"has-post-thumbnail","7":"category-rouen","8":"tag-actu","9":"tag-actualites","10":"tag-eu","11":"tag-europe","12":"tag-fr","13":"tag-france","14":"tag-loisirs-culture","15":"tag-news","16":"tag-normandie","17":"tag-portrait","18":"tag-republique-francaise","19":"tag-rouen","20":"tag-spectacles","21":"tag-zenith-de-rouen"},"share_on_mastodon":{"url":"https:\/\/pubeurope.com\/@fr\/114807346605725192","error":""},"_links":{"self":[{"href":"https:\/\/www.europesays.com\/fr\/wp-json\/wp\/v2\/posts\/230859","targetHints":{"allow":["GET"]}}],"collection":[{"href":"https:\/\/www.europesays.com\/fr\/wp-json\/wp\/v2\/posts"}],"about":[{"href":"https:\/\/www.europesays.com\/fr\/wp-json\/wp\/v2\/types\/post"}],"author":[{"embeddable":true,"href":"https:\/\/www.europesays.com\/fr\/wp-json\/wp\/v2\/users\/2"}],"replies":[{"embeddable":true,"href":"https:\/\/www.europesays.com\/fr\/wp-json\/wp\/v2\/comments?post=230859"}],"version-history":[{"count":0,"href":"https:\/\/www.europesays.com\/fr\/wp-json\/wp\/v2\/posts\/230859\/revisions"}],"wp:featuredmedia":[{"embeddable":true,"href":"https:\/\/www.europesays.com\/fr\/wp-json\/wp\/v2\/media\/230860"}],"wp:attachment":[{"href":"https:\/\/www.europesays.com\/fr\/wp-json\/wp\/v2\/media?parent=230859"}],"wp:term":[{"taxonomy":"category","embeddable":true,"href":"https:\/\/www.europesays.com\/fr\/wp-json\/wp\/v2\/categories?post=230859"},{"taxonomy":"post_tag","embeddable":true,"href":"https:\/\/www.europesays.com\/fr\/wp-json\/wp\/v2\/tags?post=230859"}],"curies":[{"name":"wp","href":"https:\/\/api.w.org\/{rel}","templated":true}]}}