{"id":230863,"date":"2025-07-06T16:58:34","date_gmt":"2025-07-06T16:58:34","guid":{"rendered":"https:\/\/www.europesays.com\/fr\/230863\/"},"modified":"2025-07-06T16:58:34","modified_gmt":"2025-07-06T16:58:34","slug":"le-vote-des-grenoblois-determinant-pour-le-projet-damenagement","status":"publish","type":"post","link":"https:\/\/www.europesays.com\/fr\/230863\/","title":{"rendered":"LE VOTE DES GRENOBLOIS D\u00c9TERMINANT POUR LE PROJET D&rsquo;AM\u00c9NAGEMENT"},"content":{"rendered":"<p>Posted On 6 juillet 2025 <\/p>\n<p class=\"p1\" style=\"text-align: justify;\">L&rsquo;inversion du calendrier des travaux de la piste cyclable Fontaine-Grenoble, reportant l&rsquo;am\u00e9nagement du cours Berriat apr\u00e8s les \u00e9lections, est une premi\u00e8re victoire pour les habitants et commer\u00e7ants mobilis\u00e9s face aux probl\u00e8mes du projet municipal. D\u00e9sormais, le vote des Grenoblois permettra de changer la donne.<\/p>\n<p class=\"p1\" style=\"text-align: justify;\"><b>UNE INVERSION PROPOS\u00c9E IL Y A UN AN PAR ALAIN CARIGNON<\/b><\/p>\n<p class=\"p1\" style=\"text-align: justify;\">L\u2019opposition avait l\u00e0 encore une longueur d\u2019avance. <a href=\"https:\/\/grenoble-le-changement.fr\/2024\/04\/02\/bataille-rangee-a-la-metropole-pour-le-cours-berriat\/\" target=\"_blank\" rel=\"noopener\">Il y a un an, en juillet 2024<\/a>, Alain Carignon proposait par amendement au Conseil M\u00e9tropolitain d\u2019inverser le calendrier des travaux. L&rsquo;objectif \u00e9tait simple et d\u00e9mocratique : laisser les Grenoblois trancher par leur vote en mars 2026, le tron\u00e7on Berriat \u00e9tant le plus contest\u00e9. Une proposition de bon sens pour permettre un d\u00e9bat apais\u00e9 et d\u2019\u00e9tudier les alternatives, ce que la majorit\u00e9 Piolle ex\u00e8cre \u00e9videmment par-dessus tout.<\/p>\n<\/p>\n<p>L&rsquo;intervention d&rsquo;Alain Carignon en conseil m\u00e9tropolitain en juillet 2024.<\/p>\n<p class=\"p1\" style=\"text-align: justify;\"><b>MISE EN SENS UNIQUE = REPORT DE CIRCULATION ET FERMETURE DE LA VILLE<\/b><\/p>\n<p class=\"p1\" style=\"text-align: justify;\">Car les Verts\/LFI ont pour objectif de <a href=\"https:\/\/grenoble-le-changement.fr\/2024\/03\/24\/trafic-autoroute-a-velo-chorier-berriat-vent-debout\/\" target=\"_blank\" rel=\"noopener\">profiter de la piste cyclable qui passera Cours Berriat<\/a> (entre le pont ferroviaire et le Cours Jean Jaur\u00e8s) pour mettre la rue en sens unique. Quand bien m\u00eame le report de circulation se ferait dans les rues adjacentes qui comportent plusieurs \u00e9tablissements scolaires. Quand bien m\u00eame ce serait une fermeture suppl\u00e9mentaire de la ville et donc un coup port\u00e9 aux commerces qui souffrent d\u00e9j\u00e0 suffisamment.<\/p>\n<p class=\"p1\" style=\"text-align: justify;\"><b>LES VERTS\/LFI VOULAIENT RENDRE IRR\u00c9VERSIBLE AVANT LES \u00c9LECTIONS <\/b><\/p>\n<p class=\"p1\" style=\"text-align: justify;\">La majorit\u00e9 m\u00e9tropolitaine, qui \u00e9tait de toute \u00e9vidence soumise aux pressions et aux int\u00e9r\u00eats de l&rsquo;\u00e9quipe Piolle, avait balay\u00e9 d\u2019un revers de main l\u2019amendement d\u2019Alain Carignon. <a href=\"https:\/\/grenoble-le-changement.fr\/2024\/07\/22\/berriat-la-municipalite-veut-rendre-irreversible-avant-les-elections\/\" target=\"_blank\" rel=\"noopener\">Car la municipalit\u00e9 Verts\/LFI voulait \u00e0 tout prix rendre son projet irr\u00e9versible<\/a> avant la fin du mandat. Le but \u00e9tait de placer les Grenoblois devant le fait accompli et de ne pas les laisser s\u2019exprimer sur le sujet. Leur m\u00e9thode habituelle du passage en force.<\/p>\n<p class=\"p1\" style=\"text-align: justify;\"><b>LE VOTE DES GRENOBLOIS AURA VALEUR DE R\u00c9F\u00c9RENDUM <\/b><\/p>\n<p class=\"p1\" style=\"text-align: justify;\">Mais la m\u00e9tropole, en profitant du d\u00e9but de torpeur estival pour d\u00e9cider ce report, a d\u00e9savou\u00e9 la m\u00e9thode Piolle. Avec le d\u00e9calage du chantier du tron\u00e7on Berriat \u00e0 fin 2026, c&rsquo;est-\u00e0-dire apr\u00e8s les \u00e9lections municipales, les Grenoblois ont d\u00e9sormais le pouvoir de d\u00e9cider. Leur vote en mars prochain aura valeur de mini r\u00e9f\u00e9rendum pour l\u2019avenir du cours Berriat car selon l\u2019\u00e9quipe \u00e9lue \u00e0 la mairie, qui sera aussi d\u00e9terminante pour la composition du conseil m\u00e9tropolitain, c\u2019est tout le projet qui pourra \u00eatre revu.<\/p>\n<p class=\"p1\" style=\"text-align: justify;\"><b>LAURENCE RUFFIN : LE PASSAGE EN FORCE<\/b><\/p>\n<p class=\"p1\" style=\"text-align: justify;\"><a href=\"https:\/\/grenoble-le-changement.fr\/2025\/06\/06\/alain-carignon-candidat-aux-municipales-a-grenoble\/\" target=\"_blank\" rel=\"noopener\">Le choix aux \u00e9lections de mars prochain<\/a> est en effet tr\u00e8s clair. Alain Carignon le rappelle dans un communiqu\u00e9 de presse envoy\u00e9 avant-hier : \u00ab\u00a0En cas de r\u00e9\u00e9lection de l&rsquo;\u00e9quipe sortante, avec la candidate Laurence Ruffin qu&rsquo;Eric Piolle entend imposer pour mener la m\u00eame politique, le Cours Berriat passera en sens unique\u00a0\u00bb. C&rsquo;est en effet l&rsquo;objectif assum\u00e9 des Piollistes, r\u00e9affirm\u00e9 par la m\u00e9tropole qui s&#8217;empresse d&rsquo;expliquer que la modification de calendrier ne change pas le projet pr\u00e9vu.<\/p>\n<p><strong>ALAIN CARIGNON : CONCILIER LES USAGES<\/strong><\/p>\n<p class=\"p1\" style=\"text-align: justify;\">Mais le r\u00e9sultat des \u00e9lections peut aussi permettre un autre sc\u00e9nario : \u00ab\u00a0Si les Grenoblois m&rsquo;accordent leur confiance, je m&rsquo;engage de mon c\u00f4t\u00e9 \u00e0 mettre en \u0153uvre le projet que propose l&rsquo;Union de Quartier, afin de concilier tous les modes de d\u00e9placements et \u00e9viter des reports de circulation dans les rues adjacentes et notamment devant les \u00e9tablissements scolaires\u00a0\u00bb. Au moins c&rsquo;est clair.<\/p>\n<p><a href=\"https:\/\/i0.wp.com\/grenoble-le-changement.fr\/wp-content\/uploads\/2024\/03\/berriat-circulation-cours--scaled.jpg?ssl=1\" rel=\"lightbox[83101] noopener\" target=\"_blank\"><img loading=\"lazy\" decoding=\"async\" class=\" wp-image-72291 jetpack-lazy-image\" src=\"https:\/\/i2.wp.com\/grenoble-le-changement.fr\/wp-content\/uploads\/2024\/03\/berriat-circulation-cours-.jpg?resize=543%2C624&amp;ssl=1\" alt=\"\" width=\"543\" height=\"624\" data-recalc-dims=\"1\" data-lazy-src=\"https:\/\/www.europesays.com\/fr\/wp-content\/uploads\/2025\/07\/berriat-circulation-cours-.jpg\" \/><\/a>Le projet alternatif de l&rsquo;Union de quartier Berriat qui permettrait de concilier tous les modes de d\u00e9placements et d&rsquo;\u00e9viter une fermeture suppl\u00e9mentaire de Grenoble.<br \/>\n<strong>LES VERTS\/LFI VEULENT ALLER PLUS LOIN<\/strong><\/p>\n<p style=\"text-align: justify;\">L&rsquo;enjeu est d&rsquo;autant plus important que les Piollistes ne se cachent pas de souhaiter une\u00a0<a href=\"https:\/\/grenoble-le-changement.fr\/2024\/03\/20\/berriat-la-municipalite-cache-son-projet\/\" target=\"_blank\" rel=\"noopener\">autoroute \u00e0 v\u00e9lo qui se prolongerait sur l&rsquo;int\u00e9gralit\u00e9 du Cours Berriat jusqu&rsquo;au Pont du Drac<\/a>, comme l&rsquo;adjoint Gilles Namur (Verts) l&rsquo;avait rappel\u00e9 il y a tout juste un an. Projet que la m\u00e9tropole n&rsquo;a pas ent\u00e9rin\u00e9, vivement contest\u00e9 par les commer\u00e7ants, mais qui reste dans leurs cartons et que les Verts\/LFI ne manqueront pas de ressortir si ils sont \u00e9lus l&rsquo;an prochain.<\/p>\n<p class=\"p1\" style=\"text-align: justify;\"><b>UNE VICTOIRE POUR LES COLLECTIFS\u00a0<\/b><\/p>\n<p class=\"p1\" style=\"text-align: justify;\">Cette victoire est aussi celle des collectifs habitants-commer\u00e7ants qui se mobilisent depuis des mois pour \u00eatre entendus, encore tr\u00e8s r\u00e9cemment avec une manifestation \u00e0 succ\u00e8s devant le conseil municipal. Rue de Strasbourg, la mobilisation \u00e9tait parvenue \u00e0 <a href=\"https:\/\/grenoble-le-changement.fr\/2024\/06\/24\/stationnement-rue-de-strasbourg-piolle-recule-jusqaux-municipales\/\" target=\"_blank\" rel=\"noopener\">faire reculer la municipalit\u00e9<\/a>. C&rsquo;est d\u00e9sormais le cas aussi pour le Cours Berriat avec ce calendrier d\u00e9cid\u00e9 par Sylvain Laval, Vice-Pr\u00e9sident de la M\u00e9tropole et Pr\u00e9sident du SMMAG.<\/p>\n<p><img decoding=\"async\" data-id=\"81969\" src=\"https:\/\/i2.wp.com\/grenoble-le-changement.fr\/wp-content\/uploads\/2025\/05\/manif-berriat.jpg?w=678&amp;ssl=1\" alt=\"\" class=\"wp-image-81969 jetpack-lazy-image\" data-recalc-dims=\"1\" data-lazy-src=\"https:\/\/www.europesays.com\/fr\/wp-content\/uploads\/2025\/07\/manif-berriat.jpg\" \/><\/p>\n<p><img decoding=\"async\" data-id=\"81974\" src=\"https:\/\/i2.wp.com\/grenoble-le-changement.fr\/wp-content\/uploads\/2025\/05\/pusel-curto-manif-berriat.jpg?w=678&amp;ssl=1\" alt=\"\" class=\"wp-image-81974 jetpack-lazy-image\" data-recalc-dims=\"1\" data-lazy-src=\"https:\/\/www.europesays.com\/fr\/wp-content\/uploads\/2025\/07\/pusel-curto-manif-berriat.jpg\" \/><br \/>\nManifestation des habitants et commer\u00e7ants Cours Berriat en mai dernier, organis\u00e9es par les collectifs, avec notamment Jean-No\u00ebl Pusel, pr\u00e9sident de l&rsquo;union de quartier Abbaye-Jouhaux, et Olivier Curto, pr\u00e9sident du collectif de d\u00e9fense des commer\u00e7ants \u00ab\u00a0Touche Pas \u00e0 Mon Commerce\u00a0\u00bb.<\/p>\n<p><strong>LES MUNICIPALES D\u00c9TERMINANTES POUR DE NOMBREUX SECTEURS<\/strong><\/p>\n<p style=\"text-align: justify;\">Les \u00e9lections seront d\u00e9terminantes pour le Cours Berriat, pour la lubie des Verts\/LFI de fermer la rue de Strasbourg, mais aussi pour <a href=\"https:\/\/grenoble-le-changement.fr\/2024\/12\/13\/place-de-metz-avenue-de-washington-jeanne-darc-la-municipalite-titube\/\" target=\"_blank\" rel=\"noopener\">de nombreux autres projets secteur par secteur<\/a> : la deuxi\u00e8me tranche de travaux de l&rsquo;avenue Jeanne d&rsquo;Arc qui supprimerait des dizaines de places de stationnement, le projet de l&rsquo;esplanade, celui de la place de Metz, de l&rsquo;avenue Washington&#8230; Avec leur bulletin de vote les Grenoblois pourront d\u00e9cider de ce qu&rsquo;ils souhaitent pour leur quartier.<\/p>\n<p><strong>DEUX VISIONS POUR GRENOBLE<\/strong><\/p>\n<p class=\"p1\" style=\"text-align: justify;\">Plus largement, en mars 2026, ils auront \u00e0 choisir entre deux visions pour Grenoble. Celle d&rsquo;un dogme punitif sous pr\u00e9texte d&rsquo;\u00e9cologie alors qu&rsquo;elle \u00e9choue m\u00eame en la mati\u00e8re, qui dresse les usagers les uns contre les autres ; ou celle d&rsquo;un am\u00e9nagement urbain concert\u00e9, correspondant aux besoins et aux r\u00e9alit\u00e9s du terrain, qui cherche \u00e0 concilier les usages en \u00e9coutant les principaux concern\u00e9s. La balle est dans le camp des Grenoblois.<\/p>\n","protected":false},"excerpt":{"rendered":"Posted On 6 juillet 2025 L&rsquo;inversion du calendrier des travaux de la piste cyclable Fontaine-Grenoble, reportant l&rsquo;am\u00e9nagement du&hellip;\n","protected":false},"author":2,"featured_media":230864,"comment_status":"","ping_status":"","sticky":false,"template":"","format":"standard","meta":{"footnotes":""},"categories":[9566],"tags":[1111,11,9601,2430,9607,1777,674,1011,27,10230,2731,12464,10136,12,12468,25,13026],"class_list":{"0":"post-230863","1":"post","2":"type-post","3":"status-publish","4":"format-standard","5":"has-post-thumbnail","7":"category-grenoble","8":"tag-actu","9":"tag-actualites","10":"tag-alain-carignon","11":"tag-auvergne-rhone-alpes","12":"tag-eric-piolle","13":"tag-eu","14":"tag-europe","15":"tag-fr","16":"tag-france","17":"tag-gilles-namur","18":"tag-grenoble","19":"tag-jean-noel-pusel","20":"tag-laurence-ruffin","21":"tag-news","22":"tag-olivier-curto","23":"tag-republique-francaise","24":"tag-sylvain-laval"},"share_on_mastodon":{"url":"https:\/\/pubeurope.com\/@fr\/114807354733837713","error":""},"_links":{"self":[{"href":"https:\/\/www.europesays.com\/fr\/wp-json\/wp\/v2\/posts\/230863","targetHints":{"allow":["GET"]}}],"collection":[{"href":"https:\/\/www.europesays.com\/fr\/wp-json\/wp\/v2\/posts"}],"about":[{"href":"https:\/\/www.europesays.com\/fr\/wp-json\/wp\/v2\/types\/post"}],"author":[{"embeddable":true,"href":"https:\/\/www.europesays.com\/fr\/wp-json\/wp\/v2\/users\/2"}],"replies":[{"embeddable":true,"href":"https:\/\/www.europesays.com\/fr\/wp-json\/wp\/v2\/comments?post=230863"}],"version-history":[{"count":0,"href":"https:\/\/www.europesays.com\/fr\/wp-json\/wp\/v2\/posts\/230863\/revisions"}],"wp:featuredmedia":[{"embeddable":true,"href":"https:\/\/www.europesays.com\/fr\/wp-json\/wp\/v2\/media\/230864"}],"wp:attachment":[{"href":"https:\/\/www.europesays.com\/fr\/wp-json\/wp\/v2\/media?parent=230863"}],"wp:term":[{"taxonomy":"category","embeddable":true,"href":"https:\/\/www.europesays.com\/fr\/wp-json\/wp\/v2\/categories?post=230863"},{"taxonomy":"post_tag","embeddable":true,"href":"https:\/\/www.europesays.com\/fr\/wp-json\/wp\/v2\/tags?post=230863"}],"curies":[{"name":"wp","href":"https:\/\/api.w.org\/{rel}","templated":true}]}}