{"id":230865,"date":"2025-07-06T16:59:13","date_gmt":"2025-07-06T16:59:13","guid":{"rendered":"https:\/\/www.europesays.com\/fr\/230865\/"},"modified":"2025-07-06T16:59:13","modified_gmt":"2025-07-06T16:59:13","slug":"des-etoiles-plein-les-yeux-la-premiere-edition-du-festival-belles-etoiles-attire-le-public-pres-de-rennes","status":"publish","type":"post","link":"https:\/\/www.europesays.com\/fr\/230865\/","title":{"rendered":"\u00ab\u00a0Des \u00e9toiles plein les yeux\u00a0\u00bb\u00a0: la premi\u00e8re \u00e9dition du festival Belles \u00e9toiles attire le public pr\u00e8s de Rennes"},"content":{"rendered":"<p>Ce dimanche, le troisi\u00e8me et dernier jour du festival Belles \u00e9toiles bat son plein. Ambiance guinguette familiale avec une sc\u00e8ne locale et l\u2019entr\u00e9e gratuite pour terminer en beaut\u00e9. Depuis trois jours, c\u2019est sur les 10 hectares de la ferme du Hirdyer, \u00e0 3 km de Rennes, que deux sc\u00e8nes ont \u00e9t\u00e9 dress\u00e9es pour accueillir au total une trentaine de concerts. De quoi \u00ab dynamiser la commune autour d\u2019un projet f\u00e9d\u00e9rateur \u00bb comme le soulignent les organisateurs de l\u2019\u00e9v\u00e9nement. L\u2019id\u00e9e du festival est partie d\u2019une bande de copains. \u00ab Lors d\u2019un repas entre amis avec Emmanuel Filiol de Raimond, on faisait le constat qu\u2019il manquait un festival sur la commune de Pac\u00e9 \u00bb explique C\u00e9line Milin. \u00ab On s\u2019est dit : \u00ab On se lance, on le fait pour de bon. Et on va jusqu\u2019au bout \u00bb. On s\u2019est tap\u00e9 dans la main. C\u2019\u00e9tait parti \u00bb.<\/p>\n<p><img decoding=\"async\" src=\"https:\/\/www.europesays.com\/fr\/wp-content\/uploads\/2025\/07\/686aa4a3db503f96be0f7bf6.1.jpeg\" width=\"480\" height=\"300\" class=\"web_golden_m\" loading=\"lazy\" alt=\"\u00ab\u00a0Des \u00e9toiles plein les yeux\u00a0\u00bb\u00a0: la premi\u00e8re \u00e9dition du festival Belles \u00e9toiles attire le public pr\u00e8s de Rennes\"\/> (Le T\u00e9l\u00e9gramme\/Erwan Miloux)T\u00eates d\u2019affiche et artistes locaux<\/p>\n<p>Le projet s\u2019est peu \u00e0 peu concr\u00e9tis\u00e9 avec la cr\u00e9ation de l\u2019association La Fauche, en charge de l\u2019organisation du festival Belles \u00e9toiles. Emmanuel en est devenu le pr\u00e9sident et C\u00e9line la vice-pr\u00e9sidente. Une quarantaine de personnes les ont rejoints dans l\u2019aventure au sein de l\u2019association. Parmi eux, Pierre-Yves Guerrou\u00e9, a travaill\u00e9 sur la programmation de ce rendez-vous festif et convivial pens\u00e9 autour des musiques actuelles m\u00ealant chanson fran\u00e7aise, pop, rock, \u00e9lectro, hip-hop, soul : \u00ab On a voulu avoir des t\u00eates d\u2019affiche comme Superbus, un groupe interg\u00e9n\u00e9rationnel, mais aussi 47Ter, et en m\u00eame temps des artistes \u00e9mergents ou locaux. C\u2019est d\u2019ailleurs Randal le rappeur de Pac\u00e9 qui a ouvert le festival vendredi \u00bb. De quoi attirer les connaisseurs et piquer la curiosit\u00e9 du grand public avec \u00e9galement sur sc\u00e8ne Jeanne Bonjour, Naive New Beaters, Johnny Jane ou encore La Fine \u00c9quipe.<\/p>\n<p><img decoding=\"async\" src=\"https:\/\/www.europesays.com\/fr\/wp-content\/uploads\/2025\/07\/686aa4a3d5d801768e003064.1.jpeg\" width=\"480\" height=\"300\" class=\"web_golden_m\" loading=\"lazy\" alt=\"\u00ab\u00a0Des \u00e9toiles plein les yeux\u00a0\u00bb\u00a0: la premi\u00e8re \u00e9dition du festival Belles \u00e9toiles attire le public pr\u00e8s de Rennes\"\/> (Le T\u00e9l\u00e9gramme\/Erwan Miloux)\u00ab Satisfaits de la fr\u00e9quentation \u00bb<\/p>\n<p>\u00ab On avait une jauge de 3 000 personnes par jour. On n\u2019a pas encore tous les chiffres mais on est satisfaits de la fr\u00e9quentation. D\u00e8s vendredi, la billetterie a commenc\u00e9 \u00e0 monter avec Superbus et \u00e7a a continu\u00e9 sur la journ\u00e9e de samedi. On a eu des retours positifs de la part des artistes, des festivaliers et des b\u00e9n\u00e9voles qui nous ont accompagn\u00e9s \u00bb d\u00e9taillent les membres de l\u2019organisation. Jacques est venu en famille ce dimanche pour voir des jeunes artistes issus des tremplins de plusieurs autres festivals : \u00ab C\u2019est une bonne id\u00e9e. On d\u00e9couvre des groupes et \u00e7a permet de venir avec les enfants passer un peu de temps en musique \u00bb. Sur place ce sont environ 300 b\u00e9n\u00e9voles qui ont particip\u00e9 \u00e0 la pr\u00e9paration de l\u2019\u00e9v\u00e8nement. Des \u00e9quipes de d\u00e9coration \u00e9taient \u00e0 l\u2019\u0153uvre d\u00e8s le mois de mai et le montage de l\u2019ensemble des structures a d\u00e9but\u00e9 fin juin. \u00ab Voir ce festival que l\u2019on a tant imagin\u00e9, et pour lequel on s\u2019est tous investis devenir bien r\u00e9el et vivant c\u2019est tr\u00e8s \u00e9mouvant. On est vraiment fiers de l\u2019avoir fait \u00bb souligne Pierre-Yves.<\/p>\n<p>L\u2019\u00e9quipe est ainsi clairement motiv\u00e9e pour organiser d\u00e8s l\u2019ann\u00e9e prochaine une nouvelle \u00e9dition de Belles \u00e9toiles : \u00ab On termine avec des \u00e9toiles plein les yeux \u00bb.<\/p>\n","protected":false},"excerpt":{"rendered":"Ce dimanche, le troisi\u00e8me et dernier jour du festival Belles \u00e9toiles bat son plein. Ambiance guinguette familiale avec&hellip;\n","protected":false},"author":2,"featured_media":230866,"comment_status":"","ping_status":"","sticky":false,"template":"","format":"standard","meta":{"footnotes":""},"categories":[2821],"tags":[1111,11,829,765,1777,674,849,1011,27,848,12,9569,584,25],"class_list":{"0":"post-230865","1":"post","2":"type-post","3":"status-publish","4":"format-standard","5":"has-post-thumbnail","7":"category-rennes","8":"tag-actu","9":"tag-actualites","10":"tag-bretagne","11":"tag-en-continu","12":"tag-eu","13":"tag-europe","14":"tag-festival","15":"tag-fr","16":"tag-france","17":"tag-ille-et-vilaine","18":"tag-news","19":"tag-pace","20":"tag-rennes","21":"tag-republique-francaise"},"share_on_mastodon":{"url":"https:\/\/pubeurope.com\/@fr\/114807358559634355","error":""},"_links":{"self":[{"href":"https:\/\/www.europesays.com\/fr\/wp-json\/wp\/v2\/posts\/230865","targetHints":{"allow":["GET"]}}],"collection":[{"href":"https:\/\/www.europesays.com\/fr\/wp-json\/wp\/v2\/posts"}],"about":[{"href":"https:\/\/www.europesays.com\/fr\/wp-json\/wp\/v2\/types\/post"}],"author":[{"embeddable":true,"href":"https:\/\/www.europesays.com\/fr\/wp-json\/wp\/v2\/users\/2"}],"replies":[{"embeddable":true,"href":"https:\/\/www.europesays.com\/fr\/wp-json\/wp\/v2\/comments?post=230865"}],"version-history":[{"count":0,"href":"https:\/\/www.europesays.com\/fr\/wp-json\/wp\/v2\/posts\/230865\/revisions"}],"wp:featuredmedia":[{"embeddable":true,"href":"https:\/\/www.europesays.com\/fr\/wp-json\/wp\/v2\/media\/230866"}],"wp:attachment":[{"href":"https:\/\/www.europesays.com\/fr\/wp-json\/wp\/v2\/media?parent=230865"}],"wp:term":[{"taxonomy":"category","embeddable":true,"href":"https:\/\/www.europesays.com\/fr\/wp-json\/wp\/v2\/categories?post=230865"},{"taxonomy":"post_tag","embeddable":true,"href":"https:\/\/www.europesays.com\/fr\/wp-json\/wp\/v2\/tags?post=230865"}],"curies":[{"name":"wp","href":"https:\/\/api.w.org\/{rel}","templated":true}]}}