{"id":230869,"date":"2025-07-06T17:01:12","date_gmt":"2025-07-06T17:01:12","guid":{"rendered":"https:\/\/www.europesays.com\/fr\/230869\/"},"modified":"2025-07-06T17:01:12","modified_gmt":"2025-07-06T17:01:12","slug":"lincendie-detruit-15-hectare-de-champ","status":"publish","type":"post","link":"https:\/\/www.europesays.com\/fr\/230869\/","title":{"rendered":"l&rsquo;incendie d\u00e9truit 1,5 hectare de champ"},"content":{"rendered":"<p>Un incendie s\u2019est d\u00e9clar\u00e9 ce dimanche 6 juillet peu avant 14 h 30 \u00e0 La Wantzenau, le long de la RD468. Alors qu\u2019un agriculteur compactait la paille \u00e0 l\u2019aide d\u2019une presse, son engin a pris feu.<\/p>\n<p>Les flammes se sont rapidement propag\u00e9es, d\u00e9truisant environ 1,5 hectare de champ.<\/p>\n<p>Les sapeurs-pompiers sont parvenus \u00e0 circonscrire le sinistre et \u00e0 \u00e9viter qu\u2019il ne s\u2019\u00e9tende aux 7 hectares que compte la parcelle.<\/p>\n","protected":false},"excerpt":{"rendered":"Un incendie s\u2019est d\u00e9clar\u00e9 ce dimanche 6 juillet peu avant 14 h 30 \u00e0 La Wantzenau, le long&hellip;\n","protected":false},"author":2,"featured_media":230870,"comment_status":"","ping_status":"","sticky":false,"template":"","format":"standard","meta":{"footnotes":""},"categories":[2820],"tags":[1111,11,2880,1777,674,274,107,1011,27,775,1310,9440,12,25,640],"class_list":{"0":"post-230869","1":"post","2":"type-post","3":"status-publish","4":"format-standard","5":"has-post-thumbnail","7":"category-strasbourg","8":"tag-actu","9":"tag-actualites","10":"tag-edition-strasbourg","11":"tag-eu","12":"tag-europe","13":"tag-faits-divers-justice","14":"tag-fil-info","15":"tag-fr","16":"tag-france","17":"tag-grand-est","18":"tag-incendie","19":"tag-la-wantzenau","20":"tag-news","21":"tag-republique-francaise","22":"tag-strasbourg"},"share_on_mastodon":{"url":"https:\/\/pubeurope.com\/@fr\/114807366292145618","error":""},"_links":{"self":[{"href":"https:\/\/www.europesays.com\/fr\/wp-json\/wp\/v2\/posts\/230869","targetHints":{"allow":["GET"]}}],"collection":[{"href":"https:\/\/www.europesays.com\/fr\/wp-json\/wp\/v2\/posts"}],"about":[{"href":"https:\/\/www.europesays.com\/fr\/wp-json\/wp\/v2\/types\/post"}],"author":[{"embeddable":true,"href":"https:\/\/www.europesays.com\/fr\/wp-json\/wp\/v2\/users\/2"}],"replies":[{"embeddable":true,"href":"https:\/\/www.europesays.com\/fr\/wp-json\/wp\/v2\/comments?post=230869"}],"version-history":[{"count":0,"href":"https:\/\/www.europesays.com\/fr\/wp-json\/wp\/v2\/posts\/230869\/revisions"}],"wp:featuredmedia":[{"embeddable":true,"href":"https:\/\/www.europesays.com\/fr\/wp-json\/wp\/v2\/media\/230870"}],"wp:attachment":[{"href":"https:\/\/www.europesays.com\/fr\/wp-json\/wp\/v2\/media?parent=230869"}],"wp:term":[{"taxonomy":"category","embeddable":true,"href":"https:\/\/www.europesays.com\/fr\/wp-json\/wp\/v2\/categories?post=230869"},{"taxonomy":"post_tag","embeddable":true,"href":"https:\/\/www.europesays.com\/fr\/wp-json\/wp\/v2\/tags?post=230869"}],"curies":[{"name":"wp","href":"https:\/\/api.w.org\/{rel}","templated":true}]}}