{"id":230875,"date":"2025-07-06T17:05:14","date_gmt":"2025-07-06T17:05:14","guid":{"rendered":"https:\/\/www.europesays.com\/fr\/230875\/"},"modified":"2025-07-06T17:05:14","modified_gmt":"2025-07-06T17:05:14","slug":"originaire-de-thailande-alee-a-vecu-un-an-en-france","status":"publish","type":"post","link":"https:\/\/www.europesays.com\/fr\/230875\/","title":{"rendered":"originaire de Tha\u00eflande, Alee a v\u00e9cu un an en France"},"content":{"rendered":"<p>            Par<br \/>\n        <strong><br \/>\n            <a href=\"https:\/\/actu.fr\/auteur\/thomas-bernard\" title=\"Consulter tous les articles de Thomas Bernard\" target=\"_blank\" rel=\"noopener\">Thomas Bernard<\/a><br \/>\n        <\/strong><\/p>\n<p>        Publi\u00e9 le<\/p>\n<p>            6 juil. 2025 \u00e0 17h54        <\/p>\n<p>D\u2019apr\u00e8s <a href=\"https:\/\/www.campusfrance.org\/fr\/actu\/430-000-etudiants-etrangers-en-france-en-2023-2024#:~:text=En%202023%2D24%2C%20430%20466,chiffres%20du%20MESR%2FSIES).\" target=\"_blank\" rel=\"noopener\">une \u00e9tude de Campus France,<\/a> plus de 430\u2009000 jeunes \u00e9trangers sont venus \u00e9tudier en France lors de l\u2019ann\u00e9e scolaire 2023\/2024. Erasmus, \u00e9tudes sup\u00e9rieures, les possibilit\u00e9s sont multiples.<\/p>\n<p class=\" wall-content\"><a href=\"https:\/\/afs.fr\/\" target=\"_blank\" rel=\"noopener\">L\u2019association AFS Vivre Sans Fronti\u00e8re<\/a> propose des \u00e9changes interculturels et linguistiques dans le monde entier. \u00c0 Nantes, la famille Bonizec a accueilli, <strong>Alee<\/strong>, <strong>jeune tha\u00eflandais de 17\u00a0ans<\/strong>, arriv\u00e9 en Hexagone via le dispositif AFS. Arriv\u00e9 dans la cit\u00e9 des ducs de Bretagne en septembre\u00a02024, Alee a v\u00e9cu au quotidien avec Emilie et Ronan, ses \u00ab\u2009parents d\u2019accueil\u2009\u00bb, et Rapha\u00ebl et Ana\u00eblle, \u00ab\u2009son fr\u00e8re et sa s\u0153ur d\u2019accueil\u2009\u00bb. Langue, gastronomie et activit\u00e9s, le s\u00e9jour fran\u00e7ais d\u2019Alee a \u00e9t\u00e9 riche en aventures. Nous l\u2019avons rencontr\u00e9 avant son d\u00e9part de France, le 5\u00a0juillet. R\u00e9cit.<\/p>\n<p>Voyages et gastronomie<\/p>\n<p class=\" wall-content\">Le jeune homme de 17\u00a0ans a appr\u00e9ci\u00e9 son exp\u00e9rience fran\u00e7aise au sein de la famille Bonizec. Au quotidien, Alee partage des activit\u00e9s avec Rapha\u00ebl et Ana\u00eblle. Jeux de soci\u00e9t\u00e9, parties de bowling, console, badminton, <strong>il encha\u00eene les d\u00e9couvertes<\/strong>. \u00ab\u2009Pour la premi\u00e8re fois de ma vie, j\u2019ai fait un puzzle\u2009\u00bb, glisse-t-il.<\/p>\n<p class=\" wall-content\">Habitant \u00e0 Nantes, l\u2019amateur de shopping \u00ab\u2009a vu du pays\u2009\u00bb.<\/p>\n<p class=\" wall-content\">Tant\u00f4t \u00e0 poser devant le Mont-Saint-Michel, \u00e0 se promener \u00e0 <a href=\"https:\/\/actu.fr\/bretagne\/saint-malo_35288\" target=\"_blank\" rel=\"noopener\">Saint-Malo<\/a>, \u00ab\u2009la ville des pirates\u2009\u00bb comme il le rappelle, skier sur les pistes enneig\u00e9es ou bien d\u00e9ambuler dans les rues de <a href=\"https:\/\/actu.fr\/nantes\/\" target=\"_blank\" rel=\"noopener\">Nantes<\/a>, Alee multiplie les souvenirs.<\/p>\n<blockquote class=\"ac-article-quote wall-content\">\n<p>L&rsquo;\u00e9l\u00e9phant c&rsquo;est mon endroit pr\u00e9f\u00e9r\u00e9 \u00e0 Nantes. En revanche, il n&rsquo;y a pas grand-chose \u00e0 Nantes dans les magasins. C&rsquo;est petit par rapport \u00e0 Bangkok.<\/p>\n<p>    <strong>Alee<\/strong>\n            <\/p><\/blockquote>\n<p class=\" wall-content\">Dans le pays de la langue de Moli\u00e8re, le jeune homme de 17\u00a0ans a d\u00e9couvert la gastronomie fran\u00e7aise. \u00ab\u2009J\u2019adore les cr\u00eapes et les galettes. <strong>J\u2019ai aussi aim\u00e9 les chichis\u2009\u00bb<\/strong>, confie avec gourmandise l\u2019adolescent.<\/p>\n<p>    <img   decoding=\"async\" loading=\"lazy\" src=\"https:\/\/www.europesays.com\/fr\/wp-content\/uploads\/2025\/07\/alee-galette-nantes-960x640.png\" alt=\"Sous l'oeil de Ronan, son \" width=\"960\" height=\"640\"\/><br \/>\n    Sous l\u2019\u0153il de Ronan, son \u00ab\u2009p\u00e8re d\u2019accueil\u2009\u00bb, Alee pr\u00e9pare une galette. (\u00a9Famille Bonizec \/ transmis \u00e0 actu Nantes)<\/p>\n<p class=\" wall-content\">Amateur des mets fran\u00e7ais, chaque vendredi Alee, second\u00e9 par sa famille d\u2019accueil, concoctait et proposait un plat tha\u00eflandais pour le d\u00eener.<\/p>\n<p>\u00ab\u2009L\u2019\u00e9cole est plus amusante en Tha\u00eflande\u2009\u00bb<\/p>\n<p class=\" wall-content\">Pendant son ann\u00e9e nantaise, Alee <strong>f\u00eate pour la premi\u00e8re fois No\u00ebl<\/strong>, p\u00e9riode au cours de laquelle il appr\u00e9cie les cadeaux gliss\u00e9s dans le calendrier de l\u2019Avent, confectionn\u00e9 par \u00c9milie et Ana\u00eblle. \u00ab\u2009Je me souviens de la grande chaussette, c\u2019est la premi\u00e8re fois que je voyais \u00e7a. En Tha\u00eflande, on offre des cadeaux pour f\u00eater la nouvelle ann\u00e9e\u2009\u00bb, pr\u00e9cise le lyc\u00e9en.<\/p>\n<p class=\" wall-content\">\u00c0 l\u2019instar des milliers de jeunes partis \u00e0 l\u2019\u00e9tranger avec AFS, Alee d\u00e9couvre le syst\u00e8me scolaire de son pays d\u2019accueil. Bon \u00e9l\u00e8ve, en particulier en math\u00e9matiques et physique chimie, l\u2019amateur de galettes \u00e9tait scolaris\u00e9 au lyc\u00e9e Honor\u00e9 d\u2019Estienne d\u2019Orves de Carquefou.<\/p>\n<p>    <img   decoding=\"async\" loading=\"lazy\" src=\"https:\/\/www.europesays.com\/fr\/wp-content\/uploads\/2025\/07\/alee-au-ski-nantes-960x640.png\" alt=\"Alee a ski\u00e9 sur les pistes enneig\u00e9es des massifs fran\u00e7ais. \" width=\"960\" height=\"640\"\/><br \/>\n    Alee a ski\u00e9 sur les pistes enneig\u00e9es des massifs fran\u00e7ais. (\u00a9Famille Bonizec \/ transmis \u00e0 actu Nantes)<\/p>\n<p class=\" wall-content\">Le Tha\u00eflandais a \u00e9t\u00e9 surpris des relations entre \u00e9l\u00e8ves et professeurs. Il confie avoir \u00e9t\u00e9 \u00e9tonn\u00e9 lorsque des enseignants haussaient le ton. \u00ab\u2009L\u2019\u00e9cole est plus amusante en Tha\u00eflande, plus fun (sic). <strong>Le professeur est plus proche des \u00e9l\u00e8ves par rapport \u00e0 la France\u2009\u00bb<\/strong>, explique-t-il.<\/p>\n<blockquote class=\"ac-article-quote wall-content\">\n<p>En France, tout le monde est sur le m\u00eame niveau \u00e0 l&rsquo;\u00e9cole. En Tha\u00eflande, les meilleurs \u00e9l\u00e8ves ont le droit \u00e0 plus d&rsquo;heures de cours et aux meilleurs professeurs.<\/p>\n<p>    <strong>Alee<\/strong>\n            <\/p><\/blockquote>\n<p class=\" wall-content\">Autriche, Italie, Allemagne, Japon, Cor\u00e9e du Sud, le jeune tha\u00eflandais a voyag\u00e9 dans plus d\u2019une quinzaine de territoires. La France, s\u2019ajoute \u00e0 la liste des diff\u00e9rents pays visit\u00e9s par Alee. Une destination qui lui est ch\u00e8re \u00e0 son c\u0153ur au vu de la relation nou\u00e9e avec sa famille d\u2019accueil. \u00c0 peine parti, il aimerait bien y revenir.<\/p>\n<p class=\" wall-content\">Suivez toute l\u2019actualit\u00e9 de vos villes et m\u00e9dias favoris en vous inscrivant \u00e0 <a href=\"https:\/\/moncompte.actu.fr\" title=\"D\u00e9couvez Mon Actu\" rel=\"nofollow noopener\" data-trk=\"{&quot;cta&quot;:{&quot;action&quot;:&quot;https:\\\/\\\/moncompte.actu.fr&quot;,&quot;category&quot;:&quot;mon compte&quot;,&quot;from&quot;:&quot;article footer&quot;,&quot;name&quot;:&quot;Mon actu&quot;,&quot;type&quot;:&quot;cta&quot;}}\" target=\"_blank\">Mon Actu<\/a>.<\/p>\n","protected":false},"excerpt":{"rendered":"Par Thomas Bernard Publi\u00e9 le 6 juil. 2025 \u00e0 17h54 D\u2019apr\u00e8s une \u00e9tude de Campus France, plus de&hellip;\n","protected":false},"author":2,"featured_media":230876,"comment_status":"","ping_status":"","sticky":false,"template":"","format":"standard","meta":{"footnotes":""},"categories":[2818],"tags":[1111,11,1777,674,1011,27,766,12,2636,25,104,240,586],"class_list":{"0":"post-230875","1":"post","2":"type-post","3":"status-publish","4":"format-standard","5":"has-post-thumbnail","7":"category-nantes","8":"tag-actu","9":"tag-actualites","10":"tag-eu","11":"tag-europe","12":"tag-fr","13":"tag-france","14":"tag-nantes","15":"tag-news","16":"tag-pays-de-la-loire","17":"tag-republique-francaise","18":"tag-societe","19":"tag-temoignage","20":"tag-voyage"},"share_on_mastodon":{"url":"https:\/\/pubeurope.com\/@fr\/114807382311381938","error":""},"_links":{"self":[{"href":"https:\/\/www.europesays.com\/fr\/wp-json\/wp\/v2\/posts\/230875","targetHints":{"allow":["GET"]}}],"collection":[{"href":"https:\/\/www.europesays.com\/fr\/wp-json\/wp\/v2\/posts"}],"about":[{"href":"https:\/\/www.europesays.com\/fr\/wp-json\/wp\/v2\/types\/post"}],"author":[{"embeddable":true,"href":"https:\/\/www.europesays.com\/fr\/wp-json\/wp\/v2\/users\/2"}],"replies":[{"embeddable":true,"href":"https:\/\/www.europesays.com\/fr\/wp-json\/wp\/v2\/comments?post=230875"}],"version-history":[{"count":0,"href":"https:\/\/www.europesays.com\/fr\/wp-json\/wp\/v2\/posts\/230875\/revisions"}],"wp:featuredmedia":[{"embeddable":true,"href":"https:\/\/www.europesays.com\/fr\/wp-json\/wp\/v2\/media\/230876"}],"wp:attachment":[{"href":"https:\/\/www.europesays.com\/fr\/wp-json\/wp\/v2\/media?parent=230875"}],"wp:term":[{"taxonomy":"category","embeddable":true,"href":"https:\/\/www.europesays.com\/fr\/wp-json\/wp\/v2\/categories?post=230875"},{"taxonomy":"post_tag","embeddable":true,"href":"https:\/\/www.europesays.com\/fr\/wp-json\/wp\/v2\/tags?post=230875"}],"curies":[{"name":"wp","href":"https:\/\/api.w.org\/{rel}","templated":true}]}}