{"id":230890,"date":"2025-07-06T17:13:12","date_gmt":"2025-07-06T17:13:12","guid":{"rendered":"https:\/\/www.europesays.com\/fr\/230890\/"},"modified":"2025-07-06T17:13:12","modified_gmt":"2025-07-06T17:13:12","slug":"lelectro-investit-le-parc-longchamp-mardi-8-juillet-pour-les-aperos-du-4-5","status":"publish","type":"post","link":"https:\/\/www.europesays.com\/fr\/230890\/","title":{"rendered":"L&rsquo;\u00e9lectro investit le parc Longchamp mardi 8 juillet pour \u00ab\u00a0Les Ap\u00e9ros du 4-5\u00a0\u00bb"},"content":{"rendered":"<p>\u00ab\u00a0Les ap\u00e9ros du 4-5\u00a0\u00bb r\u00e9int\u00e8grent le parc Longchamp cet \u00e9t\u00e9. Cinq soir\u00e9es \u00e9lectro sont programm\u00e9es gratuitement en plein air jusqu\u2019\u00e0 la fin ao\u00fbt. Organis\u00e9es par la mairie des 4e et 5e arrondissements dans le cadre de l\u2019\u00c9t\u00e9 marseillais, elles sont confi\u00e9es aux op\u00e9rateurs culturels locaux\u00a0: <a href=\"https:\/\/www.laprovence.com\/article\/culture-loisirs\/3071790566014114\/a-marseille-le-makeda-fete-ses-cinq-ans-avec-une-programmation-plurielle-et-inclusive\" target=\"_blank\" rel=\"noopener\">le Makeda, repaire musicale de la rue Ferrari<\/a>, et <a href=\"https:\/\/www.laprovence.com\/article\/culture-loisirs\/1418756094955414\/le-festival-marsatac-et-marseille-une-idylle-de-26-ans-qui-se-poursuit-des-ce-vendredi-13-juin\" target=\"_blank\" rel=\"noopener\">le festival Marsatac<\/a>.<\/p>\n<p>La prochaine date a lieu ce mardi 8\u00a0juillet de 18h30 \u00e0 23\u00a0heures. Le Makeda y programme un m\u00e9lange d\u2019\u00e9lectro et de hip-hop avec des invit\u00e9s de renom. DJ Pone, ancien membre de Birdy Nam Nam et l\u00e9gende des platines, se produira aux c\u00f4t\u00e9s des collectifs marseillais Pata Negra et Moon Squad qui proposeront une v\u00e9ritable carte du monde musicale\u00a0: shatta, baile funk, drum\u2019n\u2019bass, funky ou footwork.<\/p>\n<p>Encore trois dates auront lieu avant la fin de l\u2019\u00e9t\u00e9. Le mardi 22\u00a0juillet, le Makeda d\u00e9butera la soir\u00e9e avec des artistes locaux et \u00e9mergents et se terminera sur <strong>du RnB des ann\u00e9es\u00a090 \u00e0 aujourd\u2019hui<\/strong>. \u00c0 la fin du mois d\u2019ao\u00fbt, la soir\u00e9e \u00ab\u00a0Casa Tropical\u00a0\u00bb se passera avec le collectif marseillais Mobylette Sound System. Tandis que Marsatac s\u2019installera au parc Longchamp pour la soir\u00e9e du 5\u00a0ao\u00fbt.<\/p>\n<p>Les Ap\u00e9ros du 4-5, mardi 8\u00a0juillet 2025 de 18h30 \u00e0 22h30. Plateau du parc Longchamp (4e) Marseille. Entr\u00e9e libre.<\/p>\n","protected":false},"excerpt":{"rendered":"\u00ab\u00a0Les ap\u00e9ros du 4-5\u00a0\u00bb r\u00e9int\u00e8grent le parc Longchamp cet \u00e9t\u00e9. Cinq soir\u00e9es \u00e9lectro sont programm\u00e9es gratuitement en plein&hellip;\n","protected":false},"author":2,"featured_media":230891,"comment_status":"","ping_status":"","sticky":false,"template":"","format":"standard","meta":{"footnotes":""},"categories":[2814],"tags":[17,1111,11,251,1777,674,1011,27,27193,2868,36644,25045,9778,884,12,153,471,882,25],"class_list":{"0":"post-230890","1":"post","2":"type-post","3":"status-publish","4":"format-standard","5":"has-post-thumbnail","7":"category-marseille","8":"tag-17","9":"tag-actu","10":"tag-actualites","11":"tag-culture","12":"tag-eu","13":"tag-europe","14":"tag-fr","15":"tag-france","16":"tag-investit","17":"tag-juillet","18":"tag-lelectro","19":"tag-longchamp","20":"tag-mardi","21":"tag-marseille","22":"tag-news","23":"tag-parc","24":"tag-pour","25":"tag-provence-alpes-cote-dazur","26":"tag-republique-francaise"},"share_on_mastodon":{"url":"https:\/\/pubeurope.com\/@fr\/114807413365776334","error":""},"_links":{"self":[{"href":"https:\/\/www.europesays.com\/fr\/wp-json\/wp\/v2\/posts\/230890","targetHints":{"allow":["GET"]}}],"collection":[{"href":"https:\/\/www.europesays.com\/fr\/wp-json\/wp\/v2\/posts"}],"about":[{"href":"https:\/\/www.europesays.com\/fr\/wp-json\/wp\/v2\/types\/post"}],"author":[{"embeddable":true,"href":"https:\/\/www.europesays.com\/fr\/wp-json\/wp\/v2\/users\/2"}],"replies":[{"embeddable":true,"href":"https:\/\/www.europesays.com\/fr\/wp-json\/wp\/v2\/comments?post=230890"}],"version-history":[{"count":0,"href":"https:\/\/www.europesays.com\/fr\/wp-json\/wp\/v2\/posts\/230890\/revisions"}],"wp:featuredmedia":[{"embeddable":true,"href":"https:\/\/www.europesays.com\/fr\/wp-json\/wp\/v2\/media\/230891"}],"wp:attachment":[{"href":"https:\/\/www.europesays.com\/fr\/wp-json\/wp\/v2\/media?parent=230890"}],"wp:term":[{"taxonomy":"category","embeddable":true,"href":"https:\/\/www.europesays.com\/fr\/wp-json\/wp\/v2\/categories?post=230890"},{"taxonomy":"post_tag","embeddable":true,"href":"https:\/\/www.europesays.com\/fr\/wp-json\/wp\/v2\/tags?post=230890"}],"curies":[{"name":"wp","href":"https:\/\/api.w.org\/{rel}","templated":true}]}}