{"id":230900,"date":"2025-07-06T17:18:09","date_gmt":"2025-07-06T17:18:09","guid":{"rendered":"https:\/\/www.europesays.com\/fr\/230900\/"},"modified":"2025-07-06T17:18:09","modified_gmt":"2025-07-06T17:18:09","slug":"une-meteo-dautomne-a-paris-et-en-ile-de-france","status":"publish","type":"post","link":"https:\/\/www.europesays.com\/fr\/230900\/","title":{"rendered":"une m\u00e9t\u00e9o d&rsquo;automne \u00e0 Paris et en \u00cele-de-France"},"content":{"rendered":"<p>            Par<br \/>\n        <strong><br \/>\n            <a href=\"https:\/\/actu.fr\/auteur\/thomas-martin\" title=\"Consulter tous les articles de Thomas Martin\" target=\"_blank\" rel=\"noopener\">Thomas Martin<\/a><br \/>\n        <\/strong><\/p>\n<p>        Publi\u00e9 le<\/p>\n<p>            6 juil. 2025 \u00e0 18h17        <\/p>\n<p>Un\u00a0 changement radical. Apr\u00e8s le soleil de plomb et les temp\u00e9ratures caniculaires d\u2019il y a quelques jours, Paris et l\u2019\u00cele-de-France connaissent une <a href=\"https:\/\/actu.fr\/paris\/meteo\" target=\"_blank\" rel=\"noopener\">m\u00e9t\u00e9o<\/a> automnale ce dimanche 6 juillet avec de la <a href=\"https:\/\/actu.fr\/tag\/pluie\" target=\"_blank\" rel=\"noopener\">pluie<\/a> et des temp\u00e9ratures v\u00e9ritablement en chute libre.\u00a0<\/p>\n<p>De la pluie en \u00cele-de-France jusqu\u2019\u00e0 lundi<\/p>\n<p class=\" wall-content\">Alors qu\u2019il y a peu, le mercure se rapprochait des <a href=\"https:\/\/actu.fr\/ile-de-france\/paris_75056\/ressenti-44-c-meteo-france-declenche-la-vigilance-rouge-canicule-a-paris-et-en-petite-couronne_62846076.html\" target=\"_blank\" rel=\"noopener\">40\u00b0C<\/a> dans la capitale, ce dimanche apr\u00e8s-midi les temp\u00e9ratures n\u2019ont pas d\u00e9pass\u00e9 les 18\u00b0C \u00e0 la station Montsouris dans le 14e arrondissement. Par rapport \u00e0 la veille, les temp\u00e9ratures sont en recul d\u2019environ 10\u00b0C en \u00cele-de-France.\u00a0<\/p>\n<p class=\" wall-content\">\n<p class=\" wall-content\">La r\u00e9gion reste en <a href=\"https:\/\/actu.fr\/ile-de-france\/paris_75056\/les-orages-menacent-a-paris-et-en-ile-de-france-meteo-france-active-la-vigilance-pour-le-dimanche-6-juillet_62872892.html\" target=\"_blank\" rel=\"noopener\">vigilance jaune aux orages<\/a>. Cette nuit, le ciel restera nuageux \u00e0 tr\u00e8s nuageux avec des averses localement orageuses en fin de nuit. <a href=\"https:\/\/actu.fr\/tag\/meteo-france\" target=\"_blank\" rel=\"noopener\">M\u00e9t\u00e9o-France<\/a> attend aux alentours de 5 millim\u00e8tres de pr\u00e9cipitations sur la p\u00e9riode \u00e0 Paris.\u00a0<\/p>\n<p class=\" wall-content\">Des pluies faibles sont attendues en seconde partie de journ\u00e9e lundi et le temps devrait ensuite \u00eatre globalement ensoleill\u00e9. Le soleil devrait ensuite \u00eatre dominant toute la semaine tandis que les temp\u00e9ratures vont reprendre leur envol pour d\u00e9passer \u00e0 nouveau les 30\u00b0C. Reste \u00e0 savoir la <a href=\"https:\/\/actu.fr\/ile-de-france\/paris_75056\/une-nouvelle-canicule-arrive-en-france-la-vague-de-chaleur-va-t-elle-toucher-paris-et-l-ile-de-france_62866436.html\" target=\"_blank\" rel=\"noopener\">canicule<\/a> crainte un moment sera de mise.\u00a0<\/p>\n<p class=\" wall-content\">Suivez toute l\u2019actualit\u00e9 de vos villes et m\u00e9dias favoris en vous inscrivant \u00e0 <a href=\"https:\/\/moncompte.actu.fr\" title=\"D\u00e9couvez Mon Actu\" rel=\"nofollow noopener\" data-trk=\"{&quot;cta&quot;:{&quot;action&quot;:&quot;https:\\\/\\\/moncompte.actu.fr&quot;,&quot;category&quot;:&quot;mon compte&quot;,&quot;from&quot;:&quot;article footer&quot;,&quot;name&quot;:&quot;Mon actu&quot;,&quot;type&quot;:&quot;cta&quot;}}\" target=\"_blank\">Mon Actu<\/a>.<\/p>\n","protected":false},"excerpt":{"rendered":"Par Thomas Martin Publi\u00e9 le 6 juil. 2025 \u00e0 18h17 Un\u00a0 changement radical. Apr\u00e8s le soleil de plomb&hellip;\n","protected":false},"author":2,"featured_media":9031,"comment_status":"","ping_status":"","sticky":false,"template":"","format":"standard","meta":{"footnotes":""},"categories":[1592],"tags":[1111,11,1777,674,1011,27,662,2487,2357,12,4594,626,4459,25],"class_list":{"0":"post-230900","1":"post","2":"type-post","3":"status-publish","4":"format-standard","5":"has-post-thumbnail","7":"category-ile-de-france","8":"tag-actu","9":"tag-actualites","10":"tag-eu","11":"tag-europe","12":"tag-fr","13":"tag-france","14":"tag-ile-de-france","15":"tag-meteo","16":"tag-meteo-france","17":"tag-news","18":"tag-orages","19":"tag-paris","20":"tag-pluie","21":"tag-republique-francaise"},"share_on_mastodon":{"url":"https:\/\/pubeurope.com\/@fr\/114807433022184571","error":""},"_links":{"self":[{"href":"https:\/\/www.europesays.com\/fr\/wp-json\/wp\/v2\/posts\/230900","targetHints":{"allow":["GET"]}}],"collection":[{"href":"https:\/\/www.europesays.com\/fr\/wp-json\/wp\/v2\/posts"}],"about":[{"href":"https:\/\/www.europesays.com\/fr\/wp-json\/wp\/v2\/types\/post"}],"author":[{"embeddable":true,"href":"https:\/\/www.europesays.com\/fr\/wp-json\/wp\/v2\/users\/2"}],"replies":[{"embeddable":true,"href":"https:\/\/www.europesays.com\/fr\/wp-json\/wp\/v2\/comments?post=230900"}],"version-history":[{"count":0,"href":"https:\/\/www.europesays.com\/fr\/wp-json\/wp\/v2\/posts\/230900\/revisions"}],"wp:featuredmedia":[{"embeddable":true,"href":"https:\/\/www.europesays.com\/fr\/wp-json\/wp\/v2\/media\/9031"}],"wp:attachment":[{"href":"https:\/\/www.europesays.com\/fr\/wp-json\/wp\/v2\/media?parent=230900"}],"wp:term":[{"taxonomy":"category","embeddable":true,"href":"https:\/\/www.europesays.com\/fr\/wp-json\/wp\/v2\/categories?post=230900"},{"taxonomy":"post_tag","embeddable":true,"href":"https:\/\/www.europesays.com\/fr\/wp-json\/wp\/v2\/tags?post=230900"}],"curies":[{"name":"wp","href":"https:\/\/api.w.org\/{rel}","templated":true}]}}