{"id":230901,"date":"2025-07-06T17:19:16","date_gmt":"2025-07-06T17:19:16","guid":{"rendered":"https:\/\/www.europesays.com\/fr\/230901\/"},"modified":"2025-07-06T17:19:16","modified_gmt":"2025-07-06T17:19:16","slug":"les-bassins-deja-fermes-a-cause-de-la-meteo","status":"publish","type":"post","link":"https:\/\/www.europesays.com\/fr\/230901\/","title":{"rendered":"les bassins d\u00e9j\u00e0 ferm\u00e9s \u00e0 cause de la m\u00e9t\u00e9o"},"content":{"rendered":"<p class=\"article-p mdl\">La baignade dans la Seine aura \u00e9t\u00e9 de courte dur\u00e9e. Trois sites ont \u00e9t\u00e9 ouverts, samedi 5 juillet, dans la capitale pour se baigner dans le fleuve parisien. Une promesse qui avait \u00e9t\u00e9 faite par Jacques Chirac, alors maire de Paris, puis r\u00e9alis\u00e9e par Anne Hidalgo.<strong> <\/strong>Cet h\u00e9ritage des Jeux olympiques de Paris 2024<strong> <\/strong>a eu du succ\u00e8s puisque plus de<strong> 2 300 personnes se sont pr\u00e9sent\u00e9es<\/strong>, serviette et maillot de bain sur elles.<\/p>\n<p class=\"article-p mdl\">D\u00e8s le lendemain de leur inauguration, les trois sites parisiens ont \u00e9t\u00e9 ferm\u00e9s, dimanche 6 juillet, comme l\u2019a annonc\u00e9 la mairie sur son site internet. Les Parisiens ont v\u00e9cu <strong>une nuit pluvieuse<\/strong> et cela peut avoir un impact sur la qualit\u00e9 de l\u2019eau.<\/p>\n<p class=\"article-p mdl\">Il faut dire que ce n\u2019est pas la premi\u00e8re fois que la baignade dans la Seine est perturb\u00e9e par les conditions m\u00e9t\u00e9o. L\u2019\u00e9t\u00e9 dernier,\u00a0<a class=\"link\" href=\"https:\/\/www.rtl.fr\/sport\/autres-sports\/jo-paris-2024-pourquoi-l-epreuve-masculine-du-triathlon-a-t-elle-ete-reportee-7900405672\" title=\"JO Paris 2024 : pourquoi l&#039;\u00e9preuve masculine du triathlon a-t-elle \u00e9t\u00e9 report\u00e9e ?\" target=\"_blank\" rel=\"noopener\">les \u00e9preuves olympiques<\/a>\u00a0qui se d\u00e9roulaient dans la Seine ont \u00e9t\u00e9 repouss\u00e9es \u00e0 cause de la <strong>mauvaise qualit\u00e9 de l\u2019eau<\/strong>, apr\u00e8s des pluies torrentielles qui s\u2019\u00e9taient abattues sur la capitale au d\u00e9but de l\u2019\u00e9t\u00e9.<\/p>\n<p>            La baignade ouverte mercredi, apr\u00e8s des tests<\/p>\n<p class=\"article-p mdl\">La mairie donne donc rendez-vous aux baigneurs mercredi \u00e0 12 heures pour la r\u00e9ouverture des trois sites. La piscine de Paris Plage, \u00e0 la Violette (XIXe arrondissement) pourrait rouvrir lundi en fonction de la qualit\u00e9 de l\u2019eau.<\/p>\n<p class=\"article-p mdl\">Le protocole s\u2019illustre par des tests quotidiens de la qualit\u00e9 de l\u2019eau, par le laboratoire d\u2019Eau de Paris, ainsi qu\u2019un test tous les trois jours r\u00e9alis\u00e9 par l\u2019Autorit\u00e9 r\u00e9gionale de sant\u00e9. Ces tests ont pour but de d\u00e9tecter <strong>la teneur de bact\u00e9ries f\u00e9cales <\/strong>(Escherichia coli et ent\u00e9rocoques) dans l\u2019eau, qui augmente avec les fortes pluies.<\/p>\n<p class=\"article-p mdl\">Depuis 2016, l\u2019\u00c9tat et les collectivit\u00e9s locales d\u2019\u00cele-de-France ont investi pr\u00e8s de<strong> 1,4 milliard d&rsquo;euros<\/strong> pour rendre baignables la Seine et la Marne, son principal affluent en \u00cele-de-France, avec notamment la mise en conformit\u00e9 de la collecte des eaux us\u00e9es.<\/p>\n<p>    La r\u00e9daction vous recommande<\/p>\n<p class=\"s-newsletter__title\">\n                L\u2019actualit\u00e9 par la r\u00e9daction de RTL dans votre bo\u00eete mail.\n            <\/p>\n<p class=\"s-newsletter__subtitle\">\n                Gr\u00e2ce \u00e0 votre compte RTL abonnez-vous \u00e0 la newsletter RTL info pour suivre toute l&rsquo;actualit\u00e9 au quotidien\n            <\/p>\n<p>\n                                    Lire la suite\n                                <\/p>\n","protected":false},"excerpt":{"rendered":"La baignade dans la Seine aura \u00e9t\u00e9 de courte dur\u00e9e. Trois sites ont \u00e9t\u00e9 ouverts, samedi 5 juillet,&hellip;\n","protected":false},"author":2,"featured_media":217406,"comment_status":"","ping_status":"","sticky":false,"template":"","format":"standard","meta":{"footnotes":""},"categories":[1888],"tags":[1111,1928,11,1927,1777,674,107,1011,27,12,1926,626,1925,1800,25,13527],"class_list":{"0":"post-230901","1":"post","2":"type-post","3":"status-publish","4":"format-standard","5":"has-post-thumbnail","7":"category-paris","8":"tag-actu","9":"tag-actu-paris","10":"tag-actualites","11":"tag-actualites-paris","12":"tag-eu","13":"tag-europe","14":"tag-fil-info","15":"tag-fr","16":"tag-france","17":"tag-news","18":"tag-news-paris","19":"tag-paris","20":"tag-paris-news","21":"tag-pollution","22":"tag-republique-francaise","23":"tag-seine"},"share_on_mastodon":{"url":"https:\/\/pubeurope.com\/@fr\/114807437064956991","error":""},"_links":{"self":[{"href":"https:\/\/www.europesays.com\/fr\/wp-json\/wp\/v2\/posts\/230901","targetHints":{"allow":["GET"]}}],"collection":[{"href":"https:\/\/www.europesays.com\/fr\/wp-json\/wp\/v2\/posts"}],"about":[{"href":"https:\/\/www.europesays.com\/fr\/wp-json\/wp\/v2\/types\/post"}],"author":[{"embeddable":true,"href":"https:\/\/www.europesays.com\/fr\/wp-json\/wp\/v2\/users\/2"}],"replies":[{"embeddable":true,"href":"https:\/\/www.europesays.com\/fr\/wp-json\/wp\/v2\/comments?post=230901"}],"version-history":[{"count":0,"href":"https:\/\/www.europesays.com\/fr\/wp-json\/wp\/v2\/posts\/230901\/revisions"}],"wp:featuredmedia":[{"embeddable":true,"href":"https:\/\/www.europesays.com\/fr\/wp-json\/wp\/v2\/media\/217406"}],"wp:attachment":[{"href":"https:\/\/www.europesays.com\/fr\/wp-json\/wp\/v2\/media?parent=230901"}],"wp:term":[{"taxonomy":"category","embeddable":true,"href":"https:\/\/www.europesays.com\/fr\/wp-json\/wp\/v2\/categories?post=230901"},{"taxonomy":"post_tag","embeddable":true,"href":"https:\/\/www.europesays.com\/fr\/wp-json\/wp\/v2\/tags?post=230901"}],"curies":[{"name":"wp","href":"https:\/\/api.w.org\/{rel}","templated":true}]}}