{"id":230904,"date":"2025-07-06T17:21:11","date_gmt":"2025-07-06T17:21:11","guid":{"rendered":"https:\/\/www.europesays.com\/fr\/230904\/"},"modified":"2025-07-06T17:21:11","modified_gmt":"2025-07-06T17:21:11","slug":"il-faut-que-ce-cauchemar-sarrete-rassembles-a-paris-les-proches-de-cecile-kohler-et-jacques-paris-reclament-leur-liberation-sans-delai","status":"publish","type":"post","link":"https:\/\/www.europesays.com\/fr\/230904\/","title":{"rendered":"\u00ab\u00a0Il faut que ce cauchemar s\u2019arr\u00eate\u00a0\u00bb\u00a0: rassembl\u00e9s \u00e0 Paris, les proches de C\u00e9cile Kohler et Jacques Paris r\u00e9clament leur lib\u00e9ration sans d\u00e9lai"},"content":{"rendered":"<p class=\"paragraph text_align_left lp-f-body-02\">Quelques dizaines de personnes se sont rassembl\u00e9es dimanche apr\u00e8s-midi \u00e0 Paris, place du Panth\u00e9on, pour r\u00e9clamer \u00ab la lib\u00e9ration imm\u00e9diate \u00bb de <a href=\"https:\/\/www.leparisien.fr\/international\/iran\/iran-cecile-kohler-et-jacques-paris-detenus-depuis-trois-ans-ont-recu-mardi-une-visite-consulaire-01-07-2025-M7E2XDJRIZALFOFGTPPYUAL7W4.php\" target=\"_self\" rel=\"noopener\">C\u00e9cile Kohler et Jacques Paris<\/a>. Les deux ressortissants fran\u00e7ais sont d\u00e9tenus depuis plus de trois en <a href=\"https:\/\/www.leparisien.fr\/international\/iran\/disparition-inquietante-dun-jeune-touriste-francais-en-iran-indique-la-diplomatie-francaise-06-07-2025-4EOTDZUEQFAQHP432FHXWPX4SE.php\" target=\"_self\" rel=\"noopener\">Iran<\/a> et risquent la peine de mort.<\/p>\n<p class=\"paragraph text_align_left lp-f-body-02\">\u00ab On avait un double message \u00bb, a indiqu\u00e9 \u00e0 l\u2019AFP Chirinne Ardakani, avocate de la famille de C\u00e9cile Kohler. \u00ab \u00c0 l\u2019endroit de l\u2019\u00c9tat ravisseur, on dit non au chantage abject et non \u00e0 la menace de mort \u00bb, a-t-elle soulign\u00e9.<\/p>\n<p class=\"paragraph text_align_left lp-f-body-02\">\u00ab \u00c0 l\u2019\u00c9tat protecteur, la France que nous savons pleinement mobilis\u00e9e \u00e0 nos c\u00f4t\u00e9s (\u2026) nous disons \u2018ramenez les vite, inconditionnellement mais aussi sans sacrifier ni nos principes ni nos valeurs\u2019 \u00bb, a ajout\u00e9 Me Ardakani.<\/p>\n<p>\u00ab Il n\u2019y a plus de limite dans la cruaut\u00e9 \u00bb<\/p>\n<p class=\"paragraph text_align_left lp-f-body-02\"><a href=\"https:\/\/www.leparisien.fr\/international\/iran\/cecile-kohler-et-jacques-paris-inculpes-en-iran-la-soeur-de-la-francaise-est-inquiete-de-leur-etat-psychique-03-07-2025-6XSNMHOVJZBAZIQJ7W7CPY34BI.php\" target=\"_self\" rel=\"noopener\">La s\u0153ur de C\u00e9cile Kohler<\/a> a, elle, exhort\u00e9 le gouvernement fran\u00e7ais pour conna\u00eetre leur lieu de d\u00e9tention alors qu\u2019ils ont \u00e9t\u00e9 r\u00e9cemment transf\u00e9r\u00e9s.<\/p>\n<p class=\"paragraph text_align_left lp-f-body-02\">\u00ab On ignore toujours leur lieu de d\u00e9tention (\u2026) Il n\u2019y a plus de limite dans la cruaut\u00e9 \u00bb, a d\u00e9clar\u00e9 No\u00e9mie Kohler, d\u00e9non\u00e7ant aussi \u00ab le chantage \u00e0 la peine de mort \u00bb. \u00ab Ce n\u2019est plus possible. Il faut que <a href=\"https:\/\/www.google.com\/search?q=site%3Aleparisien.fr+Chirinne+Ardakani&amp;sca_esv=f1fd8b690de436c8&amp;rlz=1C1GCEA_enFR1155FR1155&amp;sxsrf=AE3TifOxf-cjGr7WWPACghwoB5Zg4g7Cwg%3A1751820562439&amp;ei=EqlqaNnKGpSrkdUPg8mg-Qo&amp;ved=0ahUKEwjZm9aS2KiOAxWUVaQEHYMkKK8Q4dUDCBA&amp;uact=5&amp;oq=site%3Aleparisien.fr+Chirinne+Ardakani&amp;gs_lp=Egxnd3Mtd2l6LXNlcnAiJHNpdGU6bGVwYXJpc2llbi5mciBDaGlyaW5uZSBBcmRha2FuaUiJBlDcAligBHABeACQAQCYAUagAbgBqgEBM7gBA8gBAPgBAfgBApgCAKACAJgDAIgGAZIHAKAHhwGyBwC4BwDCBwDIBwA&amp;sclient=gws-wiz-serp\" target=\"_self\" rel=\"noopener\">ce cauchemar<\/a> s\u2019arr\u00eate maintenant \u00bb, a-t-elle dit.<\/p>\n<p class=\"paragraph text_align_left lp-f-body-02\">Parmi les personnes rassembl\u00e9es se trouvait Benjamin Bri\u00e8re qui a lui-m\u00eame pass\u00e9 trois ans (2020-2023) dans les ge\u00f4les iraniennes.<\/p>\n<p class=\"paragraph text_align_left lp-f-body-02\">Cette semaine, la situation de C\u00e9cile Kohler et Jacques Paris a pris un nouveau tournant, <a href=\"https:\/\/www.leparisien.fr\/international\/iran\/cecile-kohler-et-jacques-paris-inculpes-en-iran-la-soeur-de-la-francaise-est-inquiete-de-leur-etat-psychique-03-07-2025-6XSNMHOVJZBAZIQJ7W7CPY34BI.php\" target=\"_blank\" rel=\"noopener\">les deux Fran\u00e7ais ayant \u00e9t\u00e9 notifi\u00e9s de trois chefs d\u2019inculpation passibles de la peine de mort<\/a>, \u00e0 savoir \u00ab espionnage pour le Mossad \u00bb, le service de renseignement ext\u00e9rieur isra\u00e9lien, \u00ab complot pour renverser le r\u00e9gime \u00bb et \u00ab corruption sur Terre \u00bb, a appris mercredi l\u2019AFP aupr\u00e8s d\u2019une source diplomatique occidentale et de l\u2019entourage des d\u00e9tenus.<\/p>\n<p>Macron parle d\u2019une \u00ab provocation \u00e0 l\u2019\u00e9gard de la France \u00bb<\/p>\n<p class=\"paragraph text_align_left lp-f-body-02\">Jusqu\u2019\u00e0 pr\u00e9sent, l\u2019Iran indiquait seulement que les deux Fran\u00e7ais \u00e9taient accus\u00e9s d\u2019espionnage, sans jamais pr\u00e9ciser pour quel pays. T\u00e9h\u00e9ran n\u2019a pas encore confirm\u00e9 si de nouvelles accusations ont \u00e9t\u00e9 port\u00e9es contre eux.<\/p>\n<p class=\"paragraph text_align_left lp-f-body-02\">De tels chefs d\u2019accusation sont une \u00ab provocation \u00e0 l\u2019\u00e9gard de la France \u00bb et un \u00ab choix inacceptable d\u2019agressivit\u00e9 \u00bb, <a href=\"https:\/\/www.leparisien.fr\/politique\/francais-inculpes-despionnage-en-iran-emmanuel-macron-denonce-une-provocation-et-un-choix-inacceptable-dagressivite-03-07-2025-4IZM4H4AIJEGXF2IVBF72JKLX4.php\" target=\"_self\" rel=\"noopener\">a fustig\u00e9 Emmanuel Macron<\/a>. \u00ab Je pourrais dire simplement que c\u2019est fantaisiste si ce n\u2019\u00e9tait pas criminel \u00bb.<\/p>\n<p class=\"paragraph text_align_left lp-f-body-02\">C\u00e9cile Kohler, professeure de lettres de 40 ans originaire de l\u2019est de la France et son compagnon Jacques Paris, 72 ans, ont \u00e9t\u00e9 arr\u00eat\u00e9s le 7 mai 2022, au dernier jour d\u2019un voyage touristique en Iran.<\/p>\n","protected":false},"excerpt":{"rendered":"Quelques dizaines de personnes se sont rassembl\u00e9es dimanche apr\u00e8s-midi \u00e0 Paris, place du Panth\u00e9on, pour r\u00e9clamer \u00ab la&hellip;\n","protected":false},"author":2,"featured_media":230905,"comment_status":"","ping_status":"","sticky":false,"template":"","format":"standard","meta":{"footnotes":""},"categories":[1888],"tags":[11,1777,674,1011,27,14,3019,12,626,25],"class_list":{"0":"post-230904","1":"post","2":"type-post","3":"status-publish","4":"format-standard","5":"has-post-thumbnail","7":"category-paris","8":"tag-actualites","9":"tag-eu","10":"tag-europe","11":"tag-fr","12":"tag-france","13":"tag-international","14":"tag-iran","15":"tag-news","16":"tag-paris","17":"tag-republique-francaise"},"share_on_mastodon":{"url":"https:\/\/pubeurope.com\/@fr\/114807444840186765","error":""},"_links":{"self":[{"href":"https:\/\/www.europesays.com\/fr\/wp-json\/wp\/v2\/posts\/230904","targetHints":{"allow":["GET"]}}],"collection":[{"href":"https:\/\/www.europesays.com\/fr\/wp-json\/wp\/v2\/posts"}],"about":[{"href":"https:\/\/www.europesays.com\/fr\/wp-json\/wp\/v2\/types\/post"}],"author":[{"embeddable":true,"href":"https:\/\/www.europesays.com\/fr\/wp-json\/wp\/v2\/users\/2"}],"replies":[{"embeddable":true,"href":"https:\/\/www.europesays.com\/fr\/wp-json\/wp\/v2\/comments?post=230904"}],"version-history":[{"count":0,"href":"https:\/\/www.europesays.com\/fr\/wp-json\/wp\/v2\/posts\/230904\/revisions"}],"wp:featuredmedia":[{"embeddable":true,"href":"https:\/\/www.europesays.com\/fr\/wp-json\/wp\/v2\/media\/230905"}],"wp:attachment":[{"href":"https:\/\/www.europesays.com\/fr\/wp-json\/wp\/v2\/media?parent=230904"}],"wp:term":[{"taxonomy":"category","embeddable":true,"href":"https:\/\/www.europesays.com\/fr\/wp-json\/wp\/v2\/categories?post=230904"},{"taxonomy":"post_tag","embeddable":true,"href":"https:\/\/www.europesays.com\/fr\/wp-json\/wp\/v2\/tags?post=230904"}],"curies":[{"name":"wp","href":"https:\/\/api.w.org\/{rel}","templated":true}]}}