{"id":230912,"date":"2025-07-06T17:25:17","date_gmt":"2025-07-06T17:25:17","guid":{"rendered":"https:\/\/www.europesays.com\/fr\/230912\/"},"modified":"2025-07-06T17:25:17","modified_gmt":"2025-07-06T17:25:17","slug":"des-eveques-critiquent-la-loi-budgetaire-de-donald-trump","status":"publish","type":"post","link":"https:\/\/www.europesays.com\/fr\/230912\/","title":{"rendered":"des \u00e9v\u00eaques critiquent la loi budg\u00e9taire de Donald Trump"},"content":{"rendered":"<p>Vingt \u00e9v\u00eaques am\u00e9ricains ont sign\u00e9 une lettre qui s\u2019attaque \u00e0 la loi budg\u00e9taire de Donald Trump. Pour l\u2019\u00c9glise catholique sur place, son \u00ab adoption constituerait un \u00e9chec moral pour la soci\u00e9t\u00e9 am\u00e9ricaine dans son ensemble \u00bb. Les \u00e9v\u00eaques am\u00e9ricains sont clairs : rien n\u2019est moins chr\u00e9tien que de r\u00e9duire les d\u00e9penses de sant\u00e9 et les bons alimentaires, ou de soutenir les plus d\u00e9munis. Plusieurs responsables d\u2019autres religions ont sign\u00e9 leur appel.<\/p>\n<p>Avec notre correspondante \u00e0 New York<strong>, Carie Nooten<\/strong><\/p>\n<p>Premier reproche de l\u2019\u00c9glise catholique am\u00e9ricaine contre la loi budg\u00e9taire phare de <a href=\"https:\/\/www.rfi.fr\/fr\/tag\/donald-trump\/\" rel=\"nofollow noopener\" target=\"_blank\" data-ylk=\"slk:Donald Trump;elm:context_link;itc:0;sec:content-canvas\" class=\"link \"><strong>Donald Trump<\/strong><\/a> : elle attribue 150 milliards de dollars pour une campagne d\u2019expulsion massive et des raids anti-immigration \u00e0 travers le pays. Le budget de d\u00e9tention de la police sp\u00e9ciale ICE passerait ainsi de 3,4 \u00e0 45 milliards de dollars &#8211; c\u2019est plus que le financement combin\u00e9 des 50 prisons f\u00e9d\u00e9rales. Sur CNN, l\u2019archev\u00eaque de Washington a condamn\u00e9 cette chasse, ainsi que le fait que les lieux de culte ne puissent plus \u00eatre consid\u00e9r\u00e9s comme refuges. Le cardinal Robert McElroy :<\/p>\n<p>\u00ab Ce n\u2019est pas juste incompatible avec les enseignements catholiques\u2026 c\u2019est inhumain\u2026 c\u2019est moralement r\u00e9pugnant. Le gouvernement a le droit d&rsquo;expulser des personnes condamn\u00e9es pour des crimes graves, notamment violents. Mais l\u00e0, il ne s&rsquo;agit pas de cela : c\u2019est une tentative de terroriser les sans-papiers. \u00bb<\/p>\n<p><a href=\"https:\/\/www.rfi.fr\/fr\/am%C3%A9riques\/20250706-%C3%A9tats-unis-des-%C3%A9v%C3%AAques-critiquent-la-loi-budg%C3%A9taire-de-donald-trump\" rel=\"nofollow noopener\" target=\"_blank\" data-ylk=\"slk:Lire la suite sur RFI;elm:context_link;itc:0;sec:content-canvas\" class=\"link \">Lire la suite sur RFI<\/a><\/p>\n","protected":false},"excerpt":{"rendered":"Vingt \u00e9v\u00eaques am\u00e9ricains ont sign\u00e9 une lettre qui s\u2019attaque \u00e0 la loi budg\u00e9taire de Donald Trump. Pour l\u2019\u00c9glise&hellip;\n","protected":false},"author":2,"featured_media":230913,"comment_status":"","ping_status":"","sticky":false,"template":"","format":"standard","meta":{"footnotes":""},"categories":[1589],"tags":[11,36988,36989,75,73,1866,36990,12,1864,1865,1863,308],"class_list":{"0":"post-230912","1":"post","2":"type-post","3":"status-publish","4":"format-standard","5":"has-post-thumbnail","7":"category-etats-unis","8":"tag-actualites","9":"tag-carie-nooten","10":"tag-depenses-de-sante","11":"tag-donald-trump","12":"tag-etats-unis","13":"tag-etats-unis-damerique","14":"tag-les-eveques","15":"tag-news","16":"tag-united-states","17":"tag-united-states-of-america","18":"tag-us","19":"tag-usa"},"share_on_mastodon":{"url":"https:\/\/pubeurope.com\/@fr\/114807460607418623","error":""},"_links":{"self":[{"href":"https:\/\/www.europesays.com\/fr\/wp-json\/wp\/v2\/posts\/230912","targetHints":{"allow":["GET"]}}],"collection":[{"href":"https:\/\/www.europesays.com\/fr\/wp-json\/wp\/v2\/posts"}],"about":[{"href":"https:\/\/www.europesays.com\/fr\/wp-json\/wp\/v2\/types\/post"}],"author":[{"embeddable":true,"href":"https:\/\/www.europesays.com\/fr\/wp-json\/wp\/v2\/users\/2"}],"replies":[{"embeddable":true,"href":"https:\/\/www.europesays.com\/fr\/wp-json\/wp\/v2\/comments?post=230912"}],"version-history":[{"count":0,"href":"https:\/\/www.europesays.com\/fr\/wp-json\/wp\/v2\/posts\/230912\/revisions"}],"wp:featuredmedia":[{"embeddable":true,"href":"https:\/\/www.europesays.com\/fr\/wp-json\/wp\/v2\/media\/230913"}],"wp:attachment":[{"href":"https:\/\/www.europesays.com\/fr\/wp-json\/wp\/v2\/media?parent=230912"}],"wp:term":[{"taxonomy":"category","embeddable":true,"href":"https:\/\/www.europesays.com\/fr\/wp-json\/wp\/v2\/categories?post=230912"},{"taxonomy":"post_tag","embeddable":true,"href":"https:\/\/www.europesays.com\/fr\/wp-json\/wp\/v2\/tags?post=230912"}],"curies":[{"name":"wp","href":"https:\/\/api.w.org\/{rel}","templated":true}]}}