{"id":230916,"date":"2025-07-06T17:27:14","date_gmt":"2025-07-06T17:27:14","guid":{"rendered":"https:\/\/www.europesays.com\/fr\/230916\/"},"modified":"2025-07-06T17:27:14","modified_gmt":"2025-07-06T17:27:14","slug":"la-pologne-retablit-les-controles-a-sa-frontiere-avec-lallemagne","status":"publish","type":"post","link":"https:\/\/www.europesays.com\/fr\/230916\/","title":{"rendered":"La Pologne r\u00e9tablit les contr\u00f4les \u00e0 sa fronti\u00e8re avec l\u2019Allemagne"},"content":{"rendered":"<p>Varsovie entend mieux surveiller les mouvements migratoires, quitte \u00e0 freiner la circulation au sein de l\u2019UE.<\/p>\n<p class=\"fig-paragraph\">L\u2019espace Schengen plonge dans une nouvelle crise. La libre circulation par voie terrestre, suspendue avec fracas par l\u2019Allemagne en septembre 2024, conna\u00eet un nouveau coup d\u2019arr\u00eat parmi ses \u00c9tats membres. Et pas des moindres. Ce lundi,\u00a0<a href=\"https:\/\/www.lefigaro.fr\/tag\/pologne\" target=\"_blank\" rel=\"noopener\" data-gtm-custom-categorie=\"navigation\" data-gtm-custom-action=\"crossclick\" data-gtm-custom-label=\"Contextuel\" data-gtm-event=\"customEventSPE\">la Pologne<\/a>\u00a0r\u00e9tablit les contr\u00f4les aux fronti\u00e8res allemande et lituanienne, embo\u00eetant le pas \u00e0 dix autres partenaires, au risque de faire vaciller un peu plus un pilier majeur de l\u2019int\u00e9gration europ\u00e9enne.<\/p>\n<p class=\"fig-paragraph\">\u00ab\u00a0Cette d\u00e9cision est irr\u00e9vocable, quels que soient les \u00e9tats d\u2019\u00e2me des autres pays\u00a0\u00bb, a tranch\u00e9 le chef du gouvernement polonais,\u00a0<a href=\"http:\/\/www.lefigaro.fr\/international\/pologne-apres-l-echec-du-candidat-liberal-a-la-presidentielle-le-premier-ministre-donald-tusk-ressoude-son-camp-20250611\" data-fig-type=\"Article\" data-gtm-custom-categorie=\"navigation\" data-gtm-custom-action=\"crossclick\" data-gtm-custom-label=\"Contextuel\" data-gtm-event=\"customEventSPE\" data-fig-domain=\"LEFIGARO\" target=\"_blank\" rel=\"noopener\">Donald Tusk<\/a>, en Conseil des ministres. Le symbole est d\u2019autant plus fort que ce grand pays d\u2019Europe centrale a milit\u00e9 avec ardeur pour b\u00e9n\u00e9ficier de la libre circulation au tournant des ann\u00e9es 2000. Depuis l\u2019obtention de ce droit, il y a dix-huit ans, il en a tir\u00e9 de tr\u00e8s importants b\u00e9n\u00e9fices \u00e9conomiques.<\/p>\n<p class=\"fig-paragraph\">Longue de 467\u00a0km et jalonn\u00e9e d\u00e9sormais de 50\u00a0points de passage, la fronti\u00e8re germano-polonaise, qui rythme la vie entre deux\u2026<\/p>\n<p class=\"fig-premium-paywall__infos\">\n        Cet article est r\u00e9serv\u00e9 aux abonn\u00e9s.        Il vous reste 79% \u00e0 d\u00e9couvrir.\n    <\/p>\n<p>                <img  data- alt=\"Le Figaro\" class=\"fig-img--complete fig-img\"\/><\/p>\n<p class=\"fig-premium-paywall__title\">Vous avez envie de lire la suite ?<\/p>\n<p class=\"fig-premium-paywall__subtitle\">D\u00e9bloquez tous les articles imm\u00e9diatement.<\/p>\n<p class=\"fig-premium-paywall__connect\">\n                D\u00e9j\u00e0 abonn\u00e9\u00a0?                <a class=\"fig-premium-paywall__connect-link\" href=\"https:\/\/connect.lefigaro.fr\/login?client=horizon_web&amp;type=main&amp;redirect_uri=https%3A%2F%2Fwww.lefigaro.fr%2Finternational%2Fla-pologne-retablit-les-controles-a-sa-frontiere-avec-l-allemagne-20250706\" data-js-gtm=\"{&quot;customCategorie&quot;: &quot;conversion&quot;, &quot;customAction&quot;: &quot;before_Landing_Connexion_paywall_auto&quot;, &quot;customLabel&quot;: &quot;bGVmaWdhcm8uZnJfXzFmMDVhNzY4LTRkNDItNjg0OC1iNjRlLWE3MTRhZjk4ODgyMF9fQXJ0aWNsZQ==_La Pologne r\u00e9tablit les contr\u00f4les \u00e0 sa fronti\u00e8re avec l\u2019Allemagne_120&quot;, &quot;customIDSPE&quot;: &quot;bGVmaWdhcm8uZnJfXzFmMDVhNzY4LTRkNDItNjg0OC1iNjRlLWE3MTRhZjk4ODgyMF9fQXJ0aWNsZQ==&quot;, &quot;event&quot;: &quot;customEventSPE&quot;}\" target=\"_blank\" rel=\"noopener\"><br \/>\n                    Connectez-vous<br \/>\n                <\/a>\n            <\/p>\n","protected":false},"excerpt":{"rendered":"Varsovie entend mieux surveiller les mouvements migratoires, quitte \u00e0 freiner la circulation au sein de l\u2019UE. L\u2019espace Schengen&hellip;\n","protected":false},"author":2,"featured_media":230917,"comment_status":"","ping_status":"","sticky":false,"template":"","format":"standard","meta":{"footnotes":""},"categories":[1587],"tags":[11,672,1804,1805,1803,1777,674,1801,1251,12,2437,1802],"class_list":{"0":"post-230916","1":"post","2":"type-post","3":"status-publish","4":"format-standard","5":"has-post-thumbnail","7":"category-allemagne","8":"tag-actualites","9":"tag-allemagne","10":"tag-bundesrepublik-deutschland","11":"tag-de","12":"tag-deutschland","13":"tag-eu","14":"tag-europe","15":"tag-germany","16":"tag-migrants","17":"tag-news","18":"tag-pologne","19":"tag-republique-federale-dallemagne"},"share_on_mastodon":{"url":"https:\/\/pubeurope.com\/@fr\/114807468430672365","error":""},"_links":{"self":[{"href":"https:\/\/www.europesays.com\/fr\/wp-json\/wp\/v2\/posts\/230916","targetHints":{"allow":["GET"]}}],"collection":[{"href":"https:\/\/www.europesays.com\/fr\/wp-json\/wp\/v2\/posts"}],"about":[{"href":"https:\/\/www.europesays.com\/fr\/wp-json\/wp\/v2\/types\/post"}],"author":[{"embeddable":true,"href":"https:\/\/www.europesays.com\/fr\/wp-json\/wp\/v2\/users\/2"}],"replies":[{"embeddable":true,"href":"https:\/\/www.europesays.com\/fr\/wp-json\/wp\/v2\/comments?post=230916"}],"version-history":[{"count":0,"href":"https:\/\/www.europesays.com\/fr\/wp-json\/wp\/v2\/posts\/230916\/revisions"}],"wp:featuredmedia":[{"embeddable":true,"href":"https:\/\/www.europesays.com\/fr\/wp-json\/wp\/v2\/media\/230917"}],"wp:attachment":[{"href":"https:\/\/www.europesays.com\/fr\/wp-json\/wp\/v2\/media?parent=230916"}],"wp:term":[{"taxonomy":"category","embeddable":true,"href":"https:\/\/www.europesays.com\/fr\/wp-json\/wp\/v2\/categories?post=230916"},{"taxonomy":"post_tag","embeddable":true,"href":"https:\/\/www.europesays.com\/fr\/wp-json\/wp\/v2\/tags?post=230916"}],"curies":[{"name":"wp","href":"https:\/\/api.w.org\/{rel}","templated":true}]}}