{"id":230924,"date":"2025-07-06T17:31:12","date_gmt":"2025-07-06T17:31:12","guid":{"rendered":"https:\/\/www.europesays.com\/fr\/230924\/"},"modified":"2025-07-06T17:31:12","modified_gmt":"2025-07-06T17:31:12","slug":"ligotee-rouee-de-coups-et-aspergee-deau-de-javel-ce-que-lon-sait-de-lagression-de-linfluenceuse","status":"publish","type":"post","link":"https:\/\/www.europesays.com\/fr\/230924\/","title":{"rendered":"ligot\u00e9e, rou\u00e9e de coups et asperg\u00e9e d&rsquo;eau de javel\u2026 Ce que l\u2019on sait de l\u2019agression de l\u2019influenceuse"},"content":{"rendered":"<p class=\"article-p mdl\">L&rsquo;influenceuse Soraya Riffy a \u00e9t\u00e9 victime d\u2019un homejacking vendredi soir, chez elle, \u00e0 Marseille. Selon son avocat, Me Tom Michel, il est aux alentours de 21h30 \u00ab\u00a0quand une personne <strong>se faisant passer pour un voisin <\/strong>s&rsquo;est pr\u00e9sent\u00e9e \u00e0 sa porte avant de faire entrer d&rsquo;autres individus arm\u00e9s dans l\u2019appartement\u00a0\u00bb, a-t-il indique\u00a0\u00bb \u00e0 l&rsquo;AFP.\u2028<\/p>\n<p class=\"article-p mdl\">L\u2019agression aura dur\u00e9 plus d\u2019une heure et demie, lors de laquelle les agresseurs, qui \u00e9taient au moins trois, l\u2019ont \u00ab\u00a0ligot\u00e9e, rou\u00e9e de coups sous la menace d&rsquo;une arme de poing et de cutters, et menac\u00e9e de mort si elle ne leur donnait pas d\u2019argent\u00a0\u00bb. Ils seraient partis avec<strong> \u00ab\u00a0ses cl\u00e9s de maison et de voiture, deux sacs de luxe et une montre Rolex\u00a0\u00bb.\u00a0<\/strong><\/p>\n<p class=\"article-p mdl\">\u00ab\u00a0Ils savaient tr\u00e8s bien qui elle \u00e9tait\u00a0\u00bb, assure son avocat, expliquant que \u00ab\u00a0comme beaucoup d&rsquo;influenceuses, Soraya Riffy expose sur les r\u00e9seaux un train de vie qui peut para\u00eetre assez luxueux\u00a0\u00bb.\u2028\u00c2g\u00e9e de 30 ans, Soraya Riffy est <strong>suivie par 1 million de personnes sur son compte Instagram<\/strong>. Elle est notamment connue du grand public pour une sc\u00e8ne qui s\u2019est produite en 2016 dans l\u2019\u00e9mission Touche pas \u00e0 mon poste (TPMP) au cours de laquelle un chroniqueur lui avait embrass\u00e9 la poitrine contre son gr\u00e9, ce qui avait valu \u00e0 la cha\u00eene C8 une mise en demeure du Conseil sup\u00e9rieur de l&rsquo;audiovisuel (CSA).\u2028<\/p>\n<p>            Des suspicions de viol\u2028<\/p>\n<p class=\"article-p mdl\">Soraya Riffy a perdu connaissance pendant cette agression et s\u2019est r\u00e9veill\u00e9e couverte d\u2019eau de Javel, \u00ab\u00a0sans doute pour effacer les traces ADN\u00a0\u00bb des agresseurs. En plus des coups et des menaces, l\u2019influenceuse aurait v\u00e9cu le pire pendant sa perte de conscience. \u00ab\u00a0En raison de douleurs et de traces pr\u00e9sentes sur son corps, on a malheureusement une suspicion d&rsquo;agression sexuelle, voire de viol\u00a0\u00bb, explique Me Michel.\u2028<\/p>\n<p class=\"article-p mdl\">Apr\u00e8s avoir repris connaissance, une fois les agresseurs partis de chez elle, Soraya Riffy a pu d\u00e9faire ses liens et appeler les pompiers. Elle a ensuite \u00e9t\u00e9 hospitalis\u00e9e en urgence et \u00e9t\u00e9 <strong>entendue par la police<\/strong> dans le cadre d\u2019une enqu\u00eate de flagrance. \u00c0 l&rsquo;h\u00f4pital, une dizaine de blessures graves, dont des fractures et de multiples coupures, ont \u00e9t\u00e9 constat\u00e9es sur son corps. Une plainte a \u00e9t\u00e9 d\u00e9pos\u00e9e pour violences aggrav\u00e9es, s\u00e9questration et viol, dans l&rsquo;attente des expertises m\u00e9dicales.\u2028 Une personne se pr\u00e9sentant comme \u00e9tant son \u00ab\u00a0porte-parole\u00a0\u00bb s&rsquo;est exprim\u00e9 sur son compte Instagram.\u00a0Dans un message \u00e0 ses fans, elle se dit choqu\u00e9e et traumatis\u00e9e.<\/p>\n<p class=\"article-p mdl\">La jeune femme a d\u00e9j\u00e0 subi une agression en raison de sa notori\u00e9t\u00e9. Il y a trois mois, une femme lui a <strong>fractur\u00e9 le nez.<\/strong> L\u2019influenceuse aurait alors \u00ab\u00a0alert\u00e9 \u00e0 plusieurs reprises les autorit\u00e9s sur les menaces qui pesaient sur elle\u00a0\u00bb. Les agresseurs sont toujours en fuite.<\/p>\n<p>    La r\u00e9daction vous recommande<\/p>\n<p class=\"s-newsletter__title\">\n                L\u2019actualit\u00e9 par la r\u00e9daction de RTL dans votre bo\u00eete mail.\n            <\/p>\n<p class=\"s-newsletter__subtitle\">\n                Gr\u00e2ce \u00e0 votre compte RTL abonnez-vous \u00e0 la newsletter RTL info pour suivre toute l&rsquo;actualit\u00e9 au quotidien\n            <\/p>\n<p>\n                                    Lire la suite\n                                <\/p>\n","protected":false},"excerpt":{"rendered":"L&rsquo;influenceuse Soraya Riffy a \u00e9t\u00e9 victime d\u2019un homejacking vendredi soir, chez elle, \u00e0 Marseille. Selon son avocat, Me&hellip;\n","protected":false},"author":2,"featured_media":193258,"comment_status":"","ping_status":"","sticky":false,"template":"","format":"standard","meta":{"footnotes":""},"categories":[2],"tags":[11,1120,1267,9462,118,1011,27,12,25,1265],"class_list":{"0":"post-230924","1":"post","2":"type-post","3":"status-publish","4":"format-standard","5":"has-post-thumbnail","7":"category-actualites","8":"tag-actualites","9":"tag-agression","10":"tag-agression-sexuelle","11":"tag-cambriolages","12":"tag-faits-divers","13":"tag-fr","14":"tag-france","15":"tag-news","16":"tag-republique-francaise","17":"tag-viol"},"share_on_mastodon":{"url":"https:\/\/pubeurope.com\/@fr\/114807484248535157","error":""},"_links":{"self":[{"href":"https:\/\/www.europesays.com\/fr\/wp-json\/wp\/v2\/posts\/230924","targetHints":{"allow":["GET"]}}],"collection":[{"href":"https:\/\/www.europesays.com\/fr\/wp-json\/wp\/v2\/posts"}],"about":[{"href":"https:\/\/www.europesays.com\/fr\/wp-json\/wp\/v2\/types\/post"}],"author":[{"embeddable":true,"href":"https:\/\/www.europesays.com\/fr\/wp-json\/wp\/v2\/users\/2"}],"replies":[{"embeddable":true,"href":"https:\/\/www.europesays.com\/fr\/wp-json\/wp\/v2\/comments?post=230924"}],"version-history":[{"count":0,"href":"https:\/\/www.europesays.com\/fr\/wp-json\/wp\/v2\/posts\/230924\/revisions"}],"wp:featuredmedia":[{"embeddable":true,"href":"https:\/\/www.europesays.com\/fr\/wp-json\/wp\/v2\/media\/193258"}],"wp:attachment":[{"href":"https:\/\/www.europesays.com\/fr\/wp-json\/wp\/v2\/media?parent=230924"}],"wp:term":[{"taxonomy":"category","embeddable":true,"href":"https:\/\/www.europesays.com\/fr\/wp-json\/wp\/v2\/categories?post=230924"},{"taxonomy":"post_tag","embeddable":true,"href":"https:\/\/www.europesays.com\/fr\/wp-json\/wp\/v2\/tags?post=230924"}],"curies":[{"name":"wp","href":"https:\/\/api.w.org\/{rel}","templated":true}]}}