{"id":230925,"date":"2025-07-06T17:32:14","date_gmt":"2025-07-06T17:32:14","guid":{"rendered":"https:\/\/www.europesays.com\/fr\/230925\/"},"modified":"2025-07-06T17:32:14","modified_gmt":"2025-07-06T17:32:14","slug":"tour-de-france-2025-2e-etape-van-der-poel-roule-ses-bosses","status":"publish","type":"post","link":"https:\/\/www.europesays.com\/fr\/230925\/","title":{"rendered":"Tour de France 2025, 2e \u00e9tape\u00a0: Van der Poel roule ses bosses"},"content":{"rendered":"<p>Boulogne-sur-Mer (Pas-de-Calais), envoy\u00e9 sp\u00e9cial.<\/p>\n<p>Acte\u00a0I, sc\u00e8ne\u00a01. Le Tour, en sa d\u00e9mesure, d\u00e9pend toujours des \u00e9l\u00e9ments. Le climat postcaniculaire nous r\u00e9serva bien des surprises, au petit matin nordiste, quand nous d\u00e9couvr\u00eemes les trombes d\u2019eau qui s\u2019abattaient sur Lauwin-Planque, ville d\u00e9part de cette 2e\u00a0\u00e9tape qui conduirait les 182\u00a0coureurs vers Boulogne-sur-Mer (209,1\u00a0km).<\/p>\n<p>Une pagaille rarement v\u00e9cue par les organisateurs contemporains, un capharna\u00fcm improbable en v\u00e9rit\u00e9, qui n\u2019\u00e9tait pas sans nous rappeler les \u00e9pouvantables chaos de certaines \u00e9tapes des Tours d\u2019Italie de la fin des ann\u00e9es 1980.<\/p>\n<p>Les cons\u00e9quences de ces fortes pluies s\u2019abattirent sur le lieu de rassemblement, tant et tant que d\u2019invraisemblables embouteillages, aux abords de Lauwin-Planque, emp\u00each\u00e8rent plusieurs \u00e9quipes de rejoindre en temps et en heure la zone du d\u00e9part fictif, sans parler des suiveurs, pour la plupart pris de panique. R\u00e9sultat\u00a0rarissime\u00a0: quinze minutes de retard, pour voir le peloton s\u2019\u00e9lancer.<\/p>\n<p>2\u00a0550 m\u00e8tres de d\u00e9nivel\u00e9<\/p>\n<p>\u00ab\u00a0Les derni\u00e8res \u00e9quipes sont arriv\u00e9es au parking \u00e0 midi, et il faut du temps pour qu\u2019elles sortent les v\u00e9los et pr\u00e9parent au mieux la course pour leurs coureurs, expliqua Thierry Gouvenou, directeur de la course. Nous avons rencontr\u00e9 des difficult\u00e9s pour faire venir les \u00e9quipes au parking, car il a beaucoup plu ce matin et le sol \u00e9tait embourb\u00e9.\u00a0\u00bb Autour de nous, le paysage avait ce petit air \u00e0 la fois rafistol\u00e9 et prosp\u00e8re qu\u2019ont souvent les villages du grand Nord.<\/p>\n<p>Cela n\u2019emp\u00eacha pas, comme le veut la coutume, d\u2019assister \u00e0 la formation d\u2019une \u00e9chapp\u00e9e d\u00e8s le kilom\u00e8tre z\u00e9ro. Quatre courageux, sur un asphalte d\u00e9tremp\u00e9, partirent en \u00e9claireurs (Van Moer, Leknessund, Armirail et Fedorov) et ouvrirent la voie en tra\u00e7ant leur sillon dans la d\u00e9trempe d\u2019un profil comportant tout de m\u00eame quatre c\u00f4tes et 2\u00a0550\u00a0m\u00e8tres de d\u00e9nivel\u00e9. Le peloton laissa filer. Et nous aussi.<\/p>\n<p>Acte\u00a0I, sc\u00e8ne\u00a02. Non loin du d\u00e9part, petite visite chez \u00c9ric Caron, \u00e0 Esquerchin. Histoire d\u2019entretenir tel un archiviste de l\u2019\u00c9ternel les images m\u00e9morielles qui devinrent au fil du temps nos souvenirs par un sortil\u00e8ge effarant, il fallait partir \u00e0 la rencontre du Douaisien qui, en l\u2019espace de quelques d\u00e9cennies, s\u2019est transform\u00e9 en un collectionneur de la Grande Boucle comme il y en a peu.<\/p>\n<p>La grande histoire du Tour<\/p>\n<p>Ce grand fan de Miroir du cyclisme, lui-m\u00eame acteur (au pr\u00e9sent et au futur) de <a href=\"https:\/\/www.humanite.fr\/sports\/cyclisme\/miroir-du-cyclisme-la-renaissance-dun-geant-du-journalisme-sportif-apres-plus-de-30-ans-dabsence\" rel=\"nofollow noopener\" target=\"_blank\">la r\u00e9ussite du num\u00e9ro\u00a0475 qui vient de sortir<\/a>, poss\u00e8de \u00e0 peu pr\u00e8s tout ce que vous pouvez imaginer. Collection compl\u00e8te de magazines, des centaines de maillots de coureurs, des milliers de petits cyclistes, plus de 500\u00a0bidons, des centaines de miniatures, de livres, de revues et de cartes postales d\u2019\u00e9quipe, des photos et casquettes \u00e0 gogo\u2026<\/p>\n<p>\u00c9ric Caron a surtout r\u00e9ussi \u00e0 amasser toute une s\u00e9rie de documents et r\u00e9cits improbables. Des traces de ce qui a fait vivre l\u2019organisation du Tour, \u00ab\u00a0entre 1947 et 1990\u00a0\u00bb. Comme ces carnets de contr\u00f4le antidopage de 1976 et de ravitaillement de 1923. Ou celui de l\u2019abb\u00e9 Joubert, commissaire de course en 1956.<\/p>\n<p>Ou encore la liste des caravaniers au fil de la grande histoire, notamment ceux de l\u2019Humanit\u00e9. Bonheur de visiter son antre, envahi dans les moindres recoins par sa passion. Son r\u00eave d\u00e9sormais\u00a0: \u00ab\u00a0Cr\u00e9er une maison du V\u00e9lo, pour transmettre aux nouvelles g\u00e9n\u00e9rations, faire comprendre, faire partager.\u00a0\u00bb Avec le Tour, tout est symboles.<\/p>\n<p>Une \u00e9tape propice aux puncheurs<\/p>\n<p>Acte\u00a0II, sc\u00e8ne\u00a01.<strong> <\/strong>Dans cette magnifique remont\u00e9e vers le nord-ouest jusqu\u2019\u00e0 la C\u00f4te d\u2019Opale, la pluie s\u2019estompa et le peloton garda les fuyards \u00e0 modeste distance, comme un \u00e9lastique pr\u00eat \u00e0 se r\u00e9tracter. Nous attendions beaucoup de ce trac\u00e9 de nouveau venteux, propice aux baroudeurs, aux puncheurs, voire aux cadors pr\u00eats \u00e0 se jauger. Et pour cause.<\/p>\n<p>Les commentateurs restaient en effet chamboul\u00e9s par ce qui s\u2019\u00e9tait d\u00e9roul\u00e9 la veille, autour de Lille, alors que nous n\u2019attendions rien ou presque de <a href=\"https:\/\/www.humanite.fr\/sports\/tour-de-france\/tour-de-france-philipsen-ne-perd-pas-le-nord-evenepoel-lache-du-temps\" rel=\"nofollow noopener\" target=\"_blank\">cette premi\u00e8re \u00e9tape<\/a>. Tout le contraire se produisit, devant plus d\u2019un million de spectateurs sur le bord des routes\u00a0: un coup de bordure, et des favoris, dont Remco Evenepoel (Soudal) et Primoz Roglic (Red Bul), venaient de conc\u00e9der une quarantaine de secondes \u00e0 leurs rivaux <a href=\"https:\/\/www.humanite.fr\/sports\/cyclisme\/apres-une-saison-historique-pogacar-force-ladmiration-mais-alimente-les-soupcons-de-dopage\" rel=\"nofollow noopener\" target=\"_blank\">Tadej Pogacar (UAE)<\/a> et Jonas Vingegaard (Visma).<\/p>\n<p>Sans parler du naufrage de Lenny Martinez, dans un jour sans (9\u00a0minutes de d\u00e9bours). Que se passerait-il, ce dimanche, dans les c\u00f4tes de Saint-\u00c9tienne-au-Mont et d\u2019Outreau, toutes deux plant\u00e9es dans les dix derni\u00e8res bornes\u00a0?<\/p>\n<p>Maillot jaune pour le petit-fils de Raymond Poulidor<\/p>\n<p>Acte\u00a0II, sc\u00e8ne\u00a02. L\u2019\u00e9chapp\u00e9e du jour fondit dans une lente coul\u00e9e de petites abn\u00e9gations bien exerc\u00e9es. Final \u00e0 haute tension. Nous en v\u00eenmes donc \u00e0 l\u2019essence proprement ontologique de l\u2019effort des puncheurs.<\/p>\n<p>\u00c0 ce petit jeu maximaliste, Pogacar, Vingegaard, Evenepoel, Van der Poel, Gr\u00e9goire, Jorgenson, Vauquelin se montr\u00e8rent les plus en vue. Dans la mont\u00e9e finale (1,2\u00a0km \u00e0 3,8\u00a0%), non r\u00e9pertori\u00e9e, le N\u00e9erlandais Mathieu Van\u00a0der\u00a0Poel (Alpecin) s\u2019arracha et devan\u00e7a Tadej Pogacar en personne. Le petit-fils de Raymond Poulidor s\u2019empara du jaune. Pour la deuxi\u00e8me fois de sa vie de cycliste.<\/p>\n<p>\u00c9pilogue. Quelques anchois et des moules frites en bord de mer, le chronic\u0153ur se fit holiste, vu les circonstances. Au fond, il est toujours hasardeux et m\u00eame vain de chercher \u00e0 justifier notre bonheur du Tour quand les cadors assument leur statut, \u00e0 analyser jusqu\u2019aux d\u00e9tails leurs vies sur un v\u00e9lo, comme une s\u00e9rie de cons\u00e9cutions logiques.<\/p>\n<p>Le m\u00e9dia que les milliardaires ne peuvent pas s\u2019acheter<\/p>\n<p>Nous ne sommes financ\u00e9s par aucun milliardaire. Et nous en sommes fiers\u00a0! Mais nous sommes confront\u00e9s \u00e0 des d\u00e9fis financiers constants. Soutenez-nous\u00a0! Votre don sera d\u00e9fiscalis\u00e9\u00a0: donner 5\u20ac vous reviendra \u00e0 1.65\u20ac. Le prix d\u2019un caf\u00e9.<br \/><a href=\"https:\/\/www.humanite.fr\/lhumanite-cest-vous\" rel=\"nofollow noopener\" target=\"_blank\">Je veux en savoir plus\u00a0!<\/a><\/p>\n","protected":false},"excerpt":{"rendered":"Boulogne-sur-Mer (Pas-de-Calais), envoy\u00e9 sp\u00e9cial. Acte\u00a0I, sc\u00e8ne\u00a01. Le Tour, en sa d\u00e9mesure, d\u00e9pend toujours des \u00e9l\u00e9ments. Le climat postcaniculaire&hellip;\n","protected":false},"author":2,"featured_media":230926,"comment_status":"","ping_status":"","sticky":false,"template":"","format":"standard","meta":{"footnotes":""},"categories":[4],"tags":[11,1011,27,12,25,210],"class_list":{"0":"post-230925","1":"post","2":"type-post","3":"status-publish","4":"format-standard","5":"has-post-thumbnail","7":"category-france","8":"tag-actualites","9":"tag-fr","10":"tag-france","11":"tag-news","12":"tag-republique-francaise","13":"tag-tour-de-france"},"share_on_mastodon":{"url":"https:\/\/pubeurope.com\/@fr\/114807488057746615","error":""},"_links":{"self":[{"href":"https:\/\/www.europesays.com\/fr\/wp-json\/wp\/v2\/posts\/230925","targetHints":{"allow":["GET"]}}],"collection":[{"href":"https:\/\/www.europesays.com\/fr\/wp-json\/wp\/v2\/posts"}],"about":[{"href":"https:\/\/www.europesays.com\/fr\/wp-json\/wp\/v2\/types\/post"}],"author":[{"embeddable":true,"href":"https:\/\/www.europesays.com\/fr\/wp-json\/wp\/v2\/users\/2"}],"replies":[{"embeddable":true,"href":"https:\/\/www.europesays.com\/fr\/wp-json\/wp\/v2\/comments?post=230925"}],"version-history":[{"count":0,"href":"https:\/\/www.europesays.com\/fr\/wp-json\/wp\/v2\/posts\/230925\/revisions"}],"wp:featuredmedia":[{"embeddable":true,"href":"https:\/\/www.europesays.com\/fr\/wp-json\/wp\/v2\/media\/230926"}],"wp:attachment":[{"href":"https:\/\/www.europesays.com\/fr\/wp-json\/wp\/v2\/media?parent=230925"}],"wp:term":[{"taxonomy":"category","embeddable":true,"href":"https:\/\/www.europesays.com\/fr\/wp-json\/wp\/v2\/categories?post=230925"},{"taxonomy":"post_tag","embeddable":true,"href":"https:\/\/www.europesays.com\/fr\/wp-json\/wp\/v2\/tags?post=230925"}],"curies":[{"name":"wp","href":"https:\/\/api.w.org\/{rel}","templated":true}]}}