{"id":230929,"date":"2025-07-06T17:36:18","date_gmt":"2025-07-06T17:36:18","guid":{"rendered":"https:\/\/www.europesays.com\/fr\/230929\/"},"modified":"2025-07-06T17:36:18","modified_gmt":"2025-07-06T17:36:18","slug":"resultat-sonay-kartal-anastasia-pavlyuchenkova-lequipe","status":"publish","type":"post","link":"https:\/\/www.europesays.com\/fr\/230929\/","title":{"rendered":"R\u00e9sultat : Sonay Kartal &#8211; Anastasia Pavlyuchenkova &#8211; L&#039;\u00c9quipe"},"content":{"rendered":"<ol>\n<li><a href=\"https:\/\/news.google.com\/rss\/articles\/CBMizwFBVV95cUxQd1doc29xQWhlZDZuMmNxbHVjZlRrZ2I4SFV6eks4aU56Nmp5ei1pWlJwdmJCdHRhcjlveHM0SmxtSXQ1VlJZV2syQTNRX0E0Z1ByMEd3b2pVTHZqV0U4YnJFdEM0V05vRHNDaFNfT0NDVnNvMURBeVZmZmFMWUhHdm9yNEVzcGFZVllJNjIzdF9XR2pfdHZQb2FOZWxkdzRoR0R4SGZ6NG5RbnNSejhVa29Yb2xNelNrZ0dDTm9PelFPM0xxcWpEMzBEVWozYTg?oc=5\" target=\"_blank\" rel=\"nofollow noopener\">R\u00e9sultat : Sonay Kartal &#8211; Anastasia Pavlyuchenkova<\/a>&nbsp;&nbsp;L&rsquo;\u00c9quipe<\/li>\n<li><a href=\"https:\/\/news.google.com\/rss\/articles\/CBMikwFBVV95cUxOT2ZZZ2pTcmx6LU5YWmRlamhuN0VLdnI2aGFVV2tIVWh2V0p0TUJkQkRmRVNSQ2FpYWpPal83NDFTQ0VEaS1YTFVrWlFVN2c1YkNTc25XRUNFWnVzWTZNV1FFdm5lcVVRZklGTnhYZDM4SlFPOExzSDdFUnBxeGR0ZnU4dmlpa0k2dm5LMm52ZTU2dWc?oc=5\" target=\"_blank\" rel=\"nofollow noopener\">DIRECT. Norv\u00e8ge (F)-Finlande (F) (Euro f\u00e9minin 2025) en direct<\/a>&nbsp;&nbsp;L&rsquo;\u00c9quipe<\/li>\n<li><a href=\"https:\/\/news.google.com\/rss\/articles\/CBMiygFBVV95cUxQLXBVT0JQS29XTjVWLTZ3c0d3SzJ0WXZqU3VsY3pja1I2Y3I5R29oZEZkeC1JbU5YNHBGaU10VmNmMThIOVk4YkdKS2ZQb1NYbWEtazBYMDR0eTZGYkdIaHhDam02NDVVVzFvbWxXLThUVHJMNElWYU1vbXZEblNaSWNqVmR3aUN5T1plSDQyUVdCN0h1VERaVmxqMmpRaXNOUTByNE1KbWpyNHNUal84ZjVZSk8zT2tseGhBNC10VzF2SHBNTVRSNTlB?oc=5\" target=\"_blank\" rel=\"nofollow noopener\">Compos probables de l&rsquo;EURO f\u00e9minin 2025 : comment chaque \u00e9quipe pourrait jouer<\/a>&nbsp;&nbsp;UEFA.com<\/li>\n<li><a href=\"https:\/\/news.google.com\/rss\/articles\/CBMisAFBVV95cUxQZVZfQUF2dGdTSlh6MFlobHZ4a21MUVNYSDRIV1ZiRmpvem1pRWhyM0xqR1NKUnl3WUtCNG1OMDNfa01qcTNpVnRSZDRGYlZxMVdHZkV2LWU3YUVST1RKeFg3SHFhQ25Hb0ttbnVwM0J4T3RHQVlxb3ZTQklVN0NOaUlOUnNidXE0akoyZUh3czljSmtnX0lvWjhlWm5nV1JoVzV5WnVKcGg0c3ZRaGxBeQ?oc=5\" target=\"_blank\" rel=\"nofollow noopener\">France &#8211; Angleterre (Euro de football f\u00e9minin)<\/a>&nbsp;&nbsp;TF1+<\/li>\n<li><a href=\"https:\/\/news.google.com\/rss\/articles\/CBMi0wFBVV95cUxQdVE2dEpOVS1PTU9XNlc5UF9LQVVyWUJhMFNlSDRoLXdBUXo2V2JOc1U1YVhXS1R6WGVEaXJCbHJRSldyd19jQ1B3T1BzTGVxdnNYUFZVN1o4ZG9sQWE4enRwVGdZTnQ3dTMtZjViZWNyaU12UGg1dVpJcEduV0Nfajk4SXdrN1l0UklNTlRjS192NjlKaHFqMTI4YS1CbVd0TE1sTTBEalpXQVFabEtZYWh4TkNKbVRtUmRUdThCMjhpRFVWd1J0RTRkZkw3cFhXLUZj?oc=5\" target=\"_blank\" rel=\"nofollow noopener\">C\u2019est quoi le probl\u00e8me avec les maillots de l\u2019\u00e9quipe de France de foot f\u00e9minin ?<\/a>&nbsp;&nbsp;20 Minutes<\/li>\n<\/ol>\n","protected":false},"excerpt":{"rendered":"R\u00e9sultat : Sonay Kartal &#8211; Anastasia Pavlyuchenkova&nbsp;&nbsp;L&rsquo;\u00c9quipe DIRECT. Norv\u00e8ge (F)-Finlande (F) (Euro f\u00e9minin 2025) en direct&nbsp;&nbsp;L&rsquo;\u00c9quipe Compos probables&hellip;\n","protected":false},"author":2,"featured_media":143092,"comment_status":"","ping_status":"","sticky":false,"template":"","format":"standard","meta":{"footnotes":""},"categories":[1415],"tags":[1011,27,60,1467],"class_list":{"0":"post-230929","1":"post","2":"type-post","3":"status-publish","4":"format-standard","5":"has-post-thumbnail","7":"category-tennis","8":"tag-fr","9":"tag-france","10":"tag-sports","11":"tag-tennis"},"share_on_mastodon":{"url":"https:\/\/pubeurope.com\/@fr\/114807503763263546","error":""},"_links":{"self":[{"href":"https:\/\/www.europesays.com\/fr\/wp-json\/wp\/v2\/posts\/230929","targetHints":{"allow":["GET"]}}],"collection":[{"href":"https:\/\/www.europesays.com\/fr\/wp-json\/wp\/v2\/posts"}],"about":[{"href":"https:\/\/www.europesays.com\/fr\/wp-json\/wp\/v2\/types\/post"}],"author":[{"embeddable":true,"href":"https:\/\/www.europesays.com\/fr\/wp-json\/wp\/v2\/users\/2"}],"replies":[{"embeddable":true,"href":"https:\/\/www.europesays.com\/fr\/wp-json\/wp\/v2\/comments?post=230929"}],"version-history":[{"count":0,"href":"https:\/\/www.europesays.com\/fr\/wp-json\/wp\/v2\/posts\/230929\/revisions"}],"wp:featuredmedia":[{"embeddable":true,"href":"https:\/\/www.europesays.com\/fr\/wp-json\/wp\/v2\/media\/143092"}],"wp:attachment":[{"href":"https:\/\/www.europesays.com\/fr\/wp-json\/wp\/v2\/media?parent=230929"}],"wp:term":[{"taxonomy":"category","embeddable":true,"href":"https:\/\/www.europesays.com\/fr\/wp-json\/wp\/v2\/categories?post=230929"},{"taxonomy":"post_tag","embeddable":true,"href":"https:\/\/www.europesays.com\/fr\/wp-json\/wp\/v2\/tags?post=230929"}],"curies":[{"name":"wp","href":"https:\/\/api.w.org\/{rel}","templated":true}]}}